{"id":447766,"date":"2025-10-08T15:24:13","date_gmt":"2025-10-08T15:24:13","guid":{"rendered":"https:\/\/www.europesays.com\/fr\/447766\/"},"modified":"2025-10-08T15:24:13","modified_gmt":"2025-10-08T15:24:13","slug":"lattaquant-espagnol-rafa-mir-mis-en-examen-pour-viol","status":"publish","type":"post","link":"https:\/\/www.europesays.com\/fr\/447766\/","title":{"rendered":"l\u2019attaquant espagnol Rafa Mir mis en examen pour viol"},"content":{"rendered":"<p>Le joueur, pr\u00eat\u00e9 par le S\u00e9ville FC, est accus\u00e9 d\u2019avoir viol\u00e9 \u00e0 deux reprises une jeune femme rencontr\u00e9e en discoth\u00e8que en septembre 2024 et qu\u2019il avait ramen\u00e9e chez lui.<\/p>\n<p class=\"fig-paragraph\">Gros ennuis pour Rafa Mir. L\u2019attaquant espagnol du club de football d\u2019Elche a \u00e9t\u00e9 mis en examen pour viol, a-t-on appris mercredi aupr\u00e8s du tribunal de la r\u00e9gion de Valence, dans l&rsquo;est de l&rsquo;Espagne. Le joueur, pr\u00eat\u00e9 par\u00a0<a href=\"http:\/\/www.lefigaro.fr\/sports\/football\/espagne\/liga-semaine-cauchemardesque-pour-le-barca-gifle-a-seville-20251005\" data-fig-type=\"NewsFlash\" data-gtm-custom-categorie=\"navigation\" data-gtm-custom-action=\"crossclick\" data-gtm-custom-label=\"Contextuel\" data-gtm-event=\"customEventSPE\" data-fig-domain=\"LEFIGARO\" target=\"_blank\" rel=\"noopener\">le S\u00e9ville FC<\/a>, est accus\u00e9 d&rsquo;avoir viol\u00e9 \u00e0 deux reprises une jeune femme rencontr\u00e9e en discoth\u00e8que en septembre 2024 et qu&rsquo;il avait ramen\u00e9e chez lui.<\/p>\n<p class=\"fig-paragraph\">Un autre footballeur, le Chilien Pablo Jara, est \u00e9galement poursuivi pour agression sexuelle \u00absans p\u00e9n\u00e9tration\u00bb sur une autre femme, le m\u00eame soir au domicile de Rafa Mir.<\/p>\n<p>                                    <a class=\"fig-a11y-skip a11y-hidden\" href=\"#fig-a11y-skip-main-inarticle\"><br \/>\n        Passer la publicit\u00e9<br \/>\n    <\/a><\/p>\n<p class=\"fig-paragraph\">\u00abIl existe des indices et non de simples soup\u00e7ons indiquant que Rafa M.V. a agress\u00e9 sexuellement \u00e0 deux reprises l&rsquo;une des deux jeunes femmes que lui, Pablo J.G. et un autre ami avaient rencontr\u00e9es avant dans une discoth\u00e8que de Valence\u00bb, ont indiqu\u00e9 des sources judiciaires. \u00abLes faits se sont d\u00e9roul\u00e9s dans la nuit du 1er septembre 2024 au domicile du joueur\u00bb, \u00e0 B\u00e9tera, pr\u00e8s de Valence, \u00abnotamment dans la piscine et dans une salle de bain\u00bb, ont-elles pr\u00e9cis\u00e9.<\/p>\n<p>Convoqu\u00e9s le 13 octobre<\/p>\n<p class=\"fig-paragraph\">Pablo Jara est, lui, mis en examen pour agression sexuelle et agression physique envers une seconde jeune femme, les faits s&rsquo;\u00e9tant \u00e9galement produits dans la piscine de la maison de Rafa Mir. Les deux joueurs sont convoqu\u00e9s pour une \u00abd\u00e9claration\u00bb le 13 octobre, mais la comparution de Rafa Mir aura lieu par visioconf\u00e9rence, \u00e0 la demande de son avocat.<\/p>\n<p class=\"fig-paragraph\">Le joueur de 28 ans avait \u00e9t\u00e9 arr\u00eat\u00e9 le 2 septembre 2024 apr\u00e8s la plainte des deux femmes et avait pass\u00e9 deux nuits en garde \u00e0 vue avant d&rsquo;\u00eatre remis en libert\u00e9. Il avait admis avoir eu des relations sexuelles, mais avait affirm\u00e9 qu&rsquo;elles \u00e9taient consenties. Son club de l&rsquo;\u00e9poque, Valence, ne l&rsquo;avait pas licenci\u00e9 mais l&rsquo;avait sanctionn\u00e9 de deux matchs de suspension et lui avait impos\u00e9 une amende.<\/p>\n","protected":false},"excerpt":{"rendered":"Le joueur, pr\u00eat\u00e9 par le S\u00e9ville FC, est accus\u00e9 d\u2019avoir viol\u00e9 \u00e0 deux reprises une jeune femme rencontr\u00e9e&hellip;\n","protected":false},"author":2,"featured_media":447767,"comment_status":"","ping_status":"","sticky":false,"template":"","format":"standard","meta":{"footnotes":""},"categories":[1412],"tags":[1451,1452,1453,1454,1455,1011,27,453,60],"class_list":{"0":"post-447766","1":"post","2":"type-post","3":"status-publish","4":"format-standard","5":"has-post-thumbnail","7":"category-f1","8":"tag-f1","9":"tag-formula-1","10":"tag-formula1","11":"tag-formule-1","12":"tag-formule1","13":"tag-fr","14":"tag-france","15":"tag-liga","16":"tag-sports"},"share_on_mastodon":{"url":"https:\/\/pubeurope.com\/@fr\/115339241988146803","error":""},"_links":{"self":[{"href":"https:\/\/www.europesays.com\/fr\/wp-json\/wp\/v2\/posts\/447766","targetHints":{"allow":["GET"]}}],"collection":[{"href":"https:\/\/www.europesays.com\/fr\/wp-json\/wp\/v2\/posts"}],"about":[{"href":"https:\/\/www.europesays.com\/fr\/wp-json\/wp\/v2\/types\/post"}],"author":[{"embeddable":true,"href":"https:\/\/www.europesays.com\/fr\/wp-json\/wp\/v2\/users\/2"}],"replies":[{"embeddable":true,"href":"https:\/\/www.europesays.com\/fr\/wp-json\/wp\/v2\/comments?post=447766"}],"version-history":[{"count":0,"href":"https:\/\/www.europesays.com\/fr\/wp-json\/wp\/v2\/posts\/447766\/revisions"}],"wp:featuredmedia":[{"embeddable":true,"href":"https:\/\/www.europesays.com\/fr\/wp-json\/wp\/v2\/media\/447767"}],"wp:attachment":[{"href":"https:\/\/www.europesays.com\/fr\/wp-json\/wp\/v2\/media?parent=447766"}],"wp:term":[{"taxonomy":"category","embeddable":true,"href":"https:\/\/www.europesays.com\/fr\/wp-json\/wp\/v2\/categories?post=447766"},{"taxonomy":"post_tag","embeddable":true,"href":"https:\/\/www.europesays.com\/fr\/wp-json\/wp\/v2\/tags?post=447766"}],"curies":[{"name":"wp","href":"https:\/\/api.w.org\/{rel}","templated":true}]}}