{"id":447770,"date":"2025-10-08T15:26:11","date_gmt":"2025-10-08T15:26:11","guid":{"rendered":"https:\/\/www.europesays.com\/fr\/447770\/"},"modified":"2025-10-08T15:26:11","modified_gmt":"2025-10-08T15:26:11","slug":"frank-mccourt-signe-une-vente-denvergure","status":"publish","type":"post","link":"https:\/\/www.europesays.com\/fr\/447770\/","title":{"rendered":"Frank McCourt signe une vente d\u2019envergure"},"content":{"rendered":"<p><b>Souvent \u00e9voqu\u00e9e mais jamais concr\u00e9tis\u00e9e, la vente de l\u2019OM n\u2019est plus \u00e0 l\u2019ordre du jour alors que Frank McCourt est plus pr\u00e9sent que jamais. L\u2019homme d\u2019affaires am\u00e9ricain s\u2019est toutefois s\u00e9par\u00e9 d\u2019un autre business.<\/b><\/p>\n<p>Depuis qu\u2019il est propri\u00e9taire de <a href=\"https:\/\/www.foot01.com\/marseille\/lom-et-linter-negocient-durgence-pour-pavard\" target=\"_self\" rel=\"nofollow noopener\">l\u2019Olympique de Marseille<\/a> -cela fait d\u00e9j\u00e0 9 ans-, Frank McCourt doit composer de mani\u00e8re quotidienne avec les incessantes rumeurs d\u2019une vente de l\u2019Olympique de Marseille. Entre 2021 et 2023, la possible cession du club phoc\u00e9en \u00e0 l\u2019Arabie Saoudite a fait grand bruit\u2026 sans jamais se concr\u00e9tiser pour autant. Les rumeurs s\u2019\u00e9loignent peu \u00e0 peu alors que Frank McCourt a investi de mani\u00e8re importante pour renforcer l\u2019\u00e9quipe ces deux derni\u00e8res ann\u00e9es.<\/p>\n<p>Le natif de Boston est par ailleurs plus pr\u00e9sent que jamais au V\u00e9lodrome, o\u00f9 il a d\u00e9j\u00e0 \u00e9t\u00e9 aper\u00e7u plusieurs fois aux c\u00f4t\u00e9s de Pablo Longoria et de Medhi Benatia depuis le d\u00e9but de la saison. Une vente de l\u2019OM n\u2019est donc plus \u00e0 l\u2019ordre du jour. En revanche, Frank McCourt s\u2019est s\u00e9par\u00e9 d\u2019une autre de ses entreprises comme nous l\u2019apprend La Provence. Le m\u00e9dia r\u00e9gional explique que l\u2019homme d\u2019affaires de 72 ans vient de finaliser la cession de MGG, soci\u00e9t\u00e9 familiale priv\u00e9e fond\u00e9e en 2014 et bas\u00e9e \u00e0 New York, \u00e0 Generali.<\/p>\n<p>Une grosse vente aux USA pour McCourt<\/p>\n<p>Cette soci\u00e9t\u00e9 g\u00e8re plus de 6,6 milliards de dollars d\u2019actifs et s\u2019est impos\u00e9 comme un acteur majeur du cr\u00e9dit priv\u00e9 aux Etats-Unis. On ignore n\u00e9anmoins pour quelle somme Frank McCourt, actionnaire majoritaire de l\u2019entreprise jusqu\u2019alors, a vendu ses parts. Nul doute que c\u2019est en tout cas un tr\u00e8s gros ch\u00e8que qui tombe dans l\u2019escarcelle du patron de l\u2019Olympique de Marseille. Voil\u00e0 une bonne nouvelle financi\u00e8re pour le propri\u00e9taire du club phoc\u00e9en, ce qui ne veut pas dire que cette vente de MGG par Frank McCourt aura un quelconque impact sur les finances de l\u2019OM \u00e0 court ou \u00e0 moyen terme, les business de l\u2019Am\u00e9ricain \u00e9tant bien distincts les uns des autres.<\/p>\n","protected":false},"excerpt":{"rendered":"Souvent \u00e9voqu\u00e9e mais jamais concr\u00e9tis\u00e9e, la vente de l\u2019OM n\u2019est plus \u00e0 l\u2019ordre du jour alors que Frank&hellip;\n","protected":false},"author":2,"featured_media":447771,"comment_status":"","ping_status":"","sticky":false,"template":"","format":"standard","meta":{"footnotes":""},"categories":[1410],"tags":[63,1011,27,60],"class_list":{"0":"post-447770","1":"post","2":"type-post","3":"status-publish","4":"format-standard","5":"has-post-thumbnail","7":"category-football","8":"tag-football","9":"tag-fr","10":"tag-france","11":"tag-sports"},"share_on_mastodon":{"url":"https:\/\/pubeurope.com\/@fr\/115339249922786127","error":""},"_links":{"self":[{"href":"https:\/\/www.europesays.com\/fr\/wp-json\/wp\/v2\/posts\/447770","targetHints":{"allow":["GET"]}}],"collection":[{"href":"https:\/\/www.europesays.com\/fr\/wp-json\/wp\/v2\/posts"}],"about":[{"href":"https:\/\/www.europesays.com\/fr\/wp-json\/wp\/v2\/types\/post"}],"author":[{"embeddable":true,"href":"https:\/\/www.europesays.com\/fr\/wp-json\/wp\/v2\/users\/2"}],"replies":[{"embeddable":true,"href":"https:\/\/www.europesays.com\/fr\/wp-json\/wp\/v2\/comments?post=447770"}],"version-history":[{"count":0,"href":"https:\/\/www.europesays.com\/fr\/wp-json\/wp\/v2\/posts\/447770\/revisions"}],"wp:featuredmedia":[{"embeddable":true,"href":"https:\/\/www.europesays.com\/fr\/wp-json\/wp\/v2\/media\/447771"}],"wp:attachment":[{"href":"https:\/\/www.europesays.com\/fr\/wp-json\/wp\/v2\/media?parent=447770"}],"wp:term":[{"taxonomy":"category","embeddable":true,"href":"https:\/\/www.europesays.com\/fr\/wp-json\/wp\/v2\/categories?post=447770"},{"taxonomy":"post_tag","embeddable":true,"href":"https:\/\/www.europesays.com\/fr\/wp-json\/wp\/v2\/tags?post=447770"}],"curies":[{"name":"wp","href":"https:\/\/api.w.org\/{rel}","templated":true}]}}