{"id":447776,"date":"2025-10-08T15:29:10","date_gmt":"2025-10-08T15:29:10","guid":{"rendered":"https:\/\/www.europesays.com\/fr\/447776\/"},"modified":"2025-10-08T15:29:10","modified_gmt":"2025-10-08T15:29:10","slug":"la-deuxieme-selection-du-prix-jean-giono-2025","status":"publish","type":"post","link":"https:\/\/www.europesays.com\/fr\/447776\/","title":{"rendered":"La deuxi\u00e8me s\u00e9lection du prix Jean Giono 2025"},"content":{"rendered":"<p>Le jury du prix Jean Giono 2025 s\u2019est r\u00e9uni, mercredi 8 octobre, au restaurant parisien Drouant, d\u00e9voilant une deuxi\u00e8me s\u00e9lection compos\u00e9e de huit titres. Une derni\u00e8re liste sera r\u00e9v\u00e9l\u00e9e le 5 novembre, avant la proclamation du laur\u00e9at le 13 novembre.\u00a0<\/p>\n<p>Les huit titres en lice<\/p>\n<ul>\n<li>Cantique du chaos de <strong>Mathieu<\/strong> <strong>Belezi<\/strong> (Robert Laffont)<\/li>\n<li>Les Ombres du monde de <strong>Michel<\/strong> <strong>Bussi<\/strong> (Presses de la Cit\u00e9)<\/li>\n<li>Un pont sur la Seine de <strong>Pauline<\/strong> <strong>Dreyfus<\/strong> (Grasset)<\/li>\n<li>Nous n\u2019avons rien \u00e0 envier au reste du monde de <strong>Nicolas<\/strong> <strong>Gaudemet<\/strong> (L\u2019Observatoire)<\/li>\n<li>Passag\u00e8res de nuit de <strong>Yanick<\/strong> <strong>Lahens<\/strong> (Sabine Wespieser)<\/li>\n<li>La Maison vide de <strong>Laurent<\/strong> <strong>Mauvignier<\/strong> (Minuit)<\/li>\n<li>Notre part f\u00e9roce de <strong>Sophie<\/strong> <strong>Pointurier<\/strong> (Ph\u00e9bus)<\/li>\n<li>Haute-Folie d\u2019<strong>Antoine Wauters<\/strong> (Gallimard)<\/li>\n<\/ul>\n<p>\u00a0<\/p>\n<p>Cette ann\u00e9e, le jury est compos\u00e9 de <strong>Paule Constant, Metin Arditi, Tahar Ben Jelloun, David Foenkinos, Franz-Olivier Giesbert, Sylvie Giono, Robert Kopp, Emmanuelle Lambert, Vera Michalski, \u00c9tienne de Montety<\/strong> et de <strong>Marianne Payot.<\/strong><\/p>\n<p>Le prix\u00a0 Jean Giono est d\u00e9cern\u00e9 au meilleur\u00a0 raconteur d\u2019histoire et couronne un ouvrage \u00e9crit en Fran\u00e7ais faisant une large place \u00e0 l\u2019imagination. Il est parrain\u00e9 par la Fondation Jan Michalski et dot\u00e9 d\u2019un ch\u00e8que d\u2019un montant de 10 000 euros.<\/p>\n<p>Le laur\u00e9at 2025 <a href=\"https:\/\/www.livreshebdo.fr\/article\/olivier-norek-laureat-du-prix-jean-giono-2024\" target=\"_blank\" rel=\"nofollow noopener\">succ\u00e8dera \u00e0 <strong>Olivier Norek<\/strong>, r\u00e9compens\u00e9 pour son roman Les Guerriers de l\u2019hiver (Michel Lafon).<\/a><\/p>\n","protected":false},"excerpt":{"rendered":"Le jury du prix Jean Giono 2025 s\u2019est r\u00e9uni, mercredi 8 octobre, au restaurant parisien Drouant, d\u00e9voilant une&hellip;\n","protected":false},"author":2,"featured_media":447777,"comment_status":"","ping_status":"","sticky":false,"template":"","format":"standard","meta":{"footnotes":""},"categories":[1357],"tags":[1379,58,59,1011,27,1380],"class_list":{"0":"post-447776","1":"post","2":"type-post","3":"status-publish","4":"format-standard","5":"has-post-thumbnail","7":"category-livres","8":"tag-books","9":"tag-divertissement","10":"tag-entertainment","11":"tag-fr","12":"tag-france","13":"tag-livres"},"share_on_mastodon":{"url":"","error":""},"_links":{"self":[{"href":"https:\/\/www.europesays.com\/fr\/wp-json\/wp\/v2\/posts\/447776","targetHints":{"allow":["GET"]}}],"collection":[{"href":"https:\/\/www.europesays.com\/fr\/wp-json\/wp\/v2\/posts"}],"about":[{"href":"https:\/\/www.europesays.com\/fr\/wp-json\/wp\/v2\/types\/post"}],"author":[{"embeddable":true,"href":"https:\/\/www.europesays.com\/fr\/wp-json\/wp\/v2\/users\/2"}],"replies":[{"embeddable":true,"href":"https:\/\/www.europesays.com\/fr\/wp-json\/wp\/v2\/comments?post=447776"}],"version-history":[{"count":0,"href":"https:\/\/www.europesays.com\/fr\/wp-json\/wp\/v2\/posts\/447776\/revisions"}],"wp:featuredmedia":[{"embeddable":true,"href":"https:\/\/www.europesays.com\/fr\/wp-json\/wp\/v2\/media\/447777"}],"wp:attachment":[{"href":"https:\/\/www.europesays.com\/fr\/wp-json\/wp\/v2\/media?parent=447776"}],"wp:term":[{"taxonomy":"category","embeddable":true,"href":"https:\/\/www.europesays.com\/fr\/wp-json\/wp\/v2\/categories?post=447776"},{"taxonomy":"post_tag","embeddable":true,"href":"https:\/\/www.europesays.com\/fr\/wp-json\/wp\/v2\/tags?post=447776"}],"curies":[{"name":"wp","href":"https:\/\/api.w.org\/{rel}","templated":true}]}}