{"id":447778,"date":"2025-10-08T15:30:26","date_gmt":"2025-10-08T15:30:26","guid":{"rendered":"https:\/\/www.europesays.com\/fr\/447778\/"},"modified":"2025-10-08T15:30:26","modified_gmt":"2025-10-08T15:30:26","slug":"ophelie-nest-pas-morte-apolline-sechappe-boher-dessaisi-de-lenquete-leo-a-fait-un-nouvel-avc-le-resume-de-lepisode-438-du-jeudi-9-octobre-2025","status":"publish","type":"post","link":"https:\/\/www.europesays.com\/fr\/447778\/","title":{"rendered":"Oph\u00e9lie n&rsquo;est pas morte, Apolline s&rsquo;\u00e9chappe, Boher dessaisi de l&rsquo;enqu\u00eate, L\u00e9o a fait un nouvel AVC\u2026 Le r\u00e9sum\u00e9 de l\u2019\u00e9pisode 438 du jeudi 9 octobre 2025"},"content":{"rendered":"<p><b>Jeudi 9 octobre 2025 dans <\/b><b>Plus belle la vie, encore plus belle<\/b>, qui va <a href=\"https:\/\/www.programme-tv.net\/news\/series-tv\/388317-plus-belle-la-vie-martin-lamotte-arrive-martin-petit-fils-de-luna-debarque-ella-philippe-nisma-quitte-la-serie-de-tf1\/\" data-api-deeplink=\"teleloisirs:\/\/news\/388317\" target=\"_blank\" rel=\"noopener\">accueillir Martin Lamotte<\/a>&#8230;<b> <\/b>Au commissariat, Boher et Ariane recadrent s\u00e9v\u00e8rement Ulysse apr\u00e8s qu\u2019<a href=\"https:\/\/www.programme-tv.net\/news\/series-tv\/389148-plus-belle-la-vie-en-avance-ulysse-defie-les-ravisseur-de-sa-soeur-ophelie-est-elle-morte-un-corps-calcine-retrouve-le-laisse-penser-le-resume-de-lepisode-437-du-mercredi-8-octobre-2025\/\" data-api-deeplink=\"teleloisirs:\/\/news\/389148\" target=\"_blank\" rel=\"noopener\">il a d\u00e9fi\u00e9 les ravisseurs de sa s\u0153ur.<\/a> Ils redoutent que son appel ne multiplie les fausses pistes. Hors de lui, Jean-Paul le traite de \u00ab\u00a0connard\u00a0\u00bb, hurlant qu\u2019il a mis en danger les deux meilleures ennemies. Dans la planque, le ravisseur a d\u00e9cid\u00e9 de br\u00fbler vives Oph\u00e9lie et Apolline. Cette derni\u00e8re rep\u00e8re une vieille vis qui pourrait leur permettre de se lib\u00e9rer.<\/p>\n<p>Plus belle la vie en avance : Boher \u00e9vinc\u00e9, Idriss reprend l\u2019enqu\u00eate<\/p>\n<p>\u00c0 la suite de son altercation violente avec Ulysse, Jean-Paul est dessaisi de l\u2019enqu\u00eate par Patrick : Idriss reprend la main. Avant de se retirer, Boher doit toutefois le briefer. Idriss reconna\u00eet alors Florian, qu\u2019il avait arr\u00eat\u00e9 quelques ann\u00e9es plus t\u00f4t. Pour lui, un troisi\u00e8me homme tire les ficelles de cet <a href=\"https:\/\/www.programme-tv.net\/news\/series-tv\/388055-plus-belle-la-vie-en-avance-ophelie-et-apolline-sequestrees-la-police-decouvre-le-lien-entre-vanessa-et-eric-le-resume-de-l-episode-432-du-mercredi-1er-octobre-2025\/\" data-api-deeplink=\"teleloisirs:\/\/news\/388055\" target=\"_blank\" rel=\"noopener\">enl\u00e8vement<\/a>.<\/p>\n<p>Plus tard, Ariane d\u00e9couvre, \u00e0 l\u2019\u00e9coute des enregistrements des appels pass\u00e9s \u00e0 Vanessa, qu\u2019on entend des oiseaux typiques de la r\u00e9gion. Les ravisseurs pourraient se cacher dans une for\u00eat proche de Marseille. Dans la planque, Oph\u00e9lie parvient \u00e0 d\u00e9tacher Apolline. Celle-ci refuse d\u2019abord d\u2019aider Oph\u00e9lie, puis met la main sur des ciseaux et r\u00e9ussit \u00e0 \u00f4ter tous leurs liens. Les deux jeunes filles s\u2019\u00e9chappent. Florian retrouve Apolline, bless\u00e9e, puis rattrape Oph\u00e9lie. Entre-temps, Apolline profite de la confusion pour reprendre la fuite dans la for\u00eat.<\/p>\n<p>Plus belle la vie en avance : Barbara doit partir au chevet de son p\u00e8re L\u00e9o Castelli<\/p>\n<p>Au Mistral, Ma\u00eetre Bataille informe Louis que le juge a valid\u00e9 son changement d\u2019adresse. Barbara se r\u00e9jouit : elle a h\u00e2te de se r\u00e9veiller \u00e0 ses c\u00f4t\u00e9s et lui confie un double de ses cl\u00e9s. C\u2019est alors qu\u2019elle apprend que L\u00e9o, son p\u00e8re, vient de faire un nouvel AVC. Claire l\u2019exhorte \u00e0 partir d\u2019urgence en Bretagne. Barbara est pein\u00e9e de manquer l\u2019emm\u00e9nagement, mais n\u2019a pas le c\u0153ur \u00e0 tergiverser.<\/p>\n<p>            Plus belle la vie en avance : Morgane offre un bracelet \u00e0 sa soeur pour se faire pardonner<\/p>\n<p>De son c\u00f4t\u00e9, Morgane propose \u00e0 sa grande s\u0153ur d\u2019aller boire un verre. Elle lui offre un bracelet, esp\u00e9rant apaiser l\u2019animosit\u00e9 qui les oppose. Touch\u00e9e, Laura l\u2019accepte. Plus tard, Steve s\u2019\u00e9tonne de voir Laura porter un bracelet breton ; il imagine qu\u2019elle s\u2019est finalement r\u00e9concili\u00e9e avec Morgane.<\/p>\n","protected":false},"excerpt":{"rendered":"Jeudi 9 octobre 2025 dans Plus belle la vie, encore plus belle, qui va accueillir Martin Lamotte&#8230; Au&hellip;\n","protected":false},"author":2,"featured_media":447779,"comment_status":"","ping_status":"","sticky":false,"template":"","format":"standard","meta":{"footnotes":""},"categories":[1356],"tags":[244,58,1367,7313,7312,7314,7315,7316,59,1011,27,5249,1368,7309,7311,7310,252,199,2175,1364],"class_list":{"0":"post-447778","1":"post","2":"type-post","3":"status-publish","4":"format-standard","5":"has-post-thumbnail","7":"category-television","8":"tag-commentaire","9":"tag-divertissement","10":"tag-encore-plus-belle","11":"tag-encore-plus-belle-182024-0120-pm-plug-rtl","12":"tag-encore-plus-belle-192024-1145-am-rts-un","13":"tag-encore-plus-belle-saison-1-52152789","14":"tag-encore-plus-belle-su00e9rie-52152788","15":"tag-encore-plus-belle-le-doc-u00e9vu00e8nement-292024-0905-pm-tfx","16":"tag-entertainment","17":"tag-fr","18":"tag-france","19":"tag-mytf1-max","20":"tag-plus-belle-la-vie","21":"tag-plus-belle-la-vie-en-avance","22":"tag-ru00e9sumu00e9-plus-belle-la-vie","23":"tag-ru00e9sumu00e9-plus-belle-la-vie-en-avance","24":"tag-television","25":"tag-tf1","26":"tag-tl-story","27":"tag-tv"},"share_on_mastodon":{"url":"","error":"Validation failed: Text character limit of 500 exceeded"},"_links":{"self":[{"href":"https:\/\/www.europesays.com\/fr\/wp-json\/wp\/v2\/posts\/447778","targetHints":{"allow":["GET"]}}],"collection":[{"href":"https:\/\/www.europesays.com\/fr\/wp-json\/wp\/v2\/posts"}],"about":[{"href":"https:\/\/www.europesays.com\/fr\/wp-json\/wp\/v2\/types\/post"}],"author":[{"embeddable":true,"href":"https:\/\/www.europesays.com\/fr\/wp-json\/wp\/v2\/users\/2"}],"replies":[{"embeddable":true,"href":"https:\/\/www.europesays.com\/fr\/wp-json\/wp\/v2\/comments?post=447778"}],"version-history":[{"count":0,"href":"https:\/\/www.europesays.com\/fr\/wp-json\/wp\/v2\/posts\/447778\/revisions"}],"wp:featuredmedia":[{"embeddable":true,"href":"https:\/\/www.europesays.com\/fr\/wp-json\/wp\/v2\/media\/447779"}],"wp:attachment":[{"href":"https:\/\/www.europesays.com\/fr\/wp-json\/wp\/v2\/media?parent=447778"}],"wp:term":[{"taxonomy":"category","embeddable":true,"href":"https:\/\/www.europesays.com\/fr\/wp-json\/wp\/v2\/categories?post=447778"},{"taxonomy":"post_tag","embeddable":true,"href":"https:\/\/www.europesays.com\/fr\/wp-json\/wp\/v2\/tags?post=447778"}],"curies":[{"name":"wp","href":"https:\/\/api.w.org\/{rel}","templated":true}]}}