{"id":447797,"date":"2025-10-08T15:40:12","date_gmt":"2025-10-08T15:40:12","guid":{"rendered":"https:\/\/www.europesays.com\/fr\/447797\/"},"modified":"2025-10-08T15:40:12","modified_gmt":"2025-10-08T15:40:12","slug":"traite-de-pire-courtisan-par-dupond-moretti-estrosi-se-dit-libre-apres-avoir-reclame-la-demission-de-macron","status":"publish","type":"post","link":"https:\/\/www.europesays.com\/fr\/447797\/","title":{"rendered":"Trait\u00e9 de \u00abpire courtisan\u00bb par Dupond-Moretti, Estrosi se dit \u00ablibre\u00bb apr\u00e8s avoir r\u00e9clam\u00e9 la d\u00e9mission de Macron"},"content":{"rendered":"<p>En tant que num\u00e9ro 2 du parti Horizons, le maire de Nice a suivi la position d\u2019\u00c9douard Philippe, qui avait le premier r\u00e9clam\u00e9 le d\u00e9part d\u2019Emmanuel Macron et la tenue d\u2019une pr\u00e9sidentielle anticip\u00e9e.<\/p>\n<p class=\"fig-paragraph\">Le maire de Nice,\u00a0<a href=\"http:\/\/www.lefigaro.fr\/nice\/maire-sioniste-de-nice-le-portrait-de-christian-estrosi-placarde-facon-avis-de-recherche-la-ville-depose-plainte-20251007\" data-fig-type=\"NewsFlash\" data-gtm-custom-categorie=\"navigation\" data-gtm-custom-action=\"crossclick\" data-gtm-custom-label=\"Contextuel\" data-gtm-event=\"customEventSPE\" data-fig-domain=\"LEFIGARO\" target=\"_blank\" rel=\"noopener\">Christian Estrosi<\/a>, s\u2019est attir\u00e9 les foudres de l\u2019ex-garde des Sceaux\u00a0<a href=\"http:\/\/www.lefigaro.fr\/theatre\/c-est-un-reglement-de-comptes-je-l-assume-totalement-au-theatre-marigny-eric-dupond-moretti-raconte-ses-quatre-annees-passees-a-la-justice-20250223\" data-fig-type=\"Article\" data-gtm-custom-categorie=\"navigation\" data-gtm-custom-action=\"crossclick\" data-gtm-custom-label=\"Contextuel\" data-gtm-event=\"customEventSPE\" data-fig-domain=\"LEFIGARO\" target=\"_blank\" rel=\"noopener\">\u00c9ric Dupond-Moretti<\/a>\u00a0apr\u00e8s avoir r\u00e9clam\u00e9 la d\u00e9mission\u00a0<a href=\"http:\/\/www.lefigaro.fr\/politique\/lache-par-les-siens-emmanuel-macron-cherche-a-sortir-du-bourbier-20251007\" data-fig-type=\"Article\" data-gtm-custom-categorie=\"navigation\" data-gtm-custom-action=\"crossclick\" data-gtm-custom-label=\"Contextuel\" data-gtm-event=\"customEventSPE\" data-fig-domain=\"LEFIGARO\" target=\"_blank\" rel=\"noopener\">d\u2019Emmanuel Macron<\/a>\u00a0et la tenue d\u2019une \u00e9lection pr\u00e9sidentielle anticip\u00e9e, suivant ainsi\u00a0<a href=\"http:\/\/www.lefigaro.fr\/politique\/edouard-philippe-au-figaro-une-election-presidentielle-anticipee-garantirait-le-bien-de-l-etat-20251007\" data-fig-type=\"Article\" data-gtm-custom-categorie=\"navigation\" data-gtm-custom-action=\"crossclick\" data-gtm-custom-label=\"Contextuel\" data-gtm-event=\"customEventSPE\" data-fig-domain=\"LEFIGARO\" target=\"_blank\" rel=\"noopener\">la position d\u2019\u00c9douard Philippe<\/a>\u00a0&#8211;\u00a0pr\u00e9sident d\u2019Horizons\u00a0-, en tant que num\u00e9ro 2 du parti. L\u2019ancien ministre de la Justice, qui r\u00e9side en partie dans la capitale azur\u00e9enne, l\u2019a trait\u00e9 de \u00abpire courtisan\u00bb dans les colonnes du quotidien r\u00e9gional Nice-Matin, se disant \u00abulc\u00e9r\u00e9, scandalis\u00e9 par son tweet minable\u00bb.<\/p>\n<p class=\"fig-paragraph\">Sur X, Christian Estrosi avait indiqu\u00e9 mardi que \u00abseul le d\u00e9part d\u2019Emmanuel Macron et l\u2019organisation d\u2019une pr\u00e9sidentielle anticip\u00e9e nous permettront de sortir de la crise politique et \u00e9conomique sans pr\u00e9c\u00e9dent\u00bb, en soulignant qu\u2019il se retrouvait dans \u00abcette conviction\u00bb avec l\u2019ex-premier ministre.<\/p>\n<p>                                    <a class=\"fig-a11y-skip a11y-hidden\" href=\"#fig-a11y-skip-main-inarticle\"><br \/>\n        Passer la publicit\u00e9<br \/>\n    <\/a><\/p>\n<p class=\"fig-paragraph\">\u00abIl a \u00e9t\u00e9 le courtisan de tout le monde\u00a0: d\u2019Emmanuel Macron, mais avant lui de M\u00e9decin, de Peyrat, de Le Pen, de Sarkozy \u00e0 qui il veut aujourd\u2019hui\u00a0<a href=\"http:\/\/www.lefigaro.fr\/nice\/nice-christian-estrosi-veut-donner-le-nom-de-nicolas-sarkozy-au-parvis-du-futur-hotel-des-polices-20250929\" data-fig-type=\"NewsFlash\" data-gtm-custom-categorie=\"navigation\" data-gtm-custom-action=\"crossclick\" data-gtm-custom-label=\"Contextuel\" data-gtm-event=\"customEventSPE\" data-fig-domain=\"LEFIGARO\" target=\"_blank\" rel=\"noopener\">donner le nom d\u2019une place<\/a> . Le sens de l\u2019honneur n\u2019est pas un sens interdit en politique\u00bb, a raill\u00e9 \u00c9ric Dupond-Moretti dans Nice-Matin. Ex-membre de l\u2019UMP puis de LR, Christian Estrosi avait apport\u00e9 son soutien \u00e0 Emmanuel Macron d\u00e8s 2017, avant de quitter le parti de droite en 2021 apr\u00e8s avoir \u00e9t\u00e9 r\u00e9\u00e9lu maire sous cette \u00e9tiquette. Il est aujourd\u2019hui vice-pr\u00e9sident d\u2019Horizons, le parti d\u2019\u00c9douard Philippe.<\/p>\n<p class=\"fig-paragraph\">Ce dernier a appel\u00e9 au d\u00e9part d\u2019ici la fin de l\u2019ann\u00e9e du pr\u00e9sident de la R\u00e9publique (dont il fut le premier ministre pendant trois ans) apr\u00e8s l\u2019adoption d\u2019un budget, afin d\u2019organiser une \u00e9lection pr\u00e9sidentielle anticip\u00e9e d\u00e8s janvier 2026.<\/p>\n<p class=\"fig-body-link\">\n            \u00c0 lire aussi<br \/>\n        <a class=\"fig-body-link__link fig-premium-mark\" href=\"http:\/\/www.lefigaro.fr\/politique\/edouard-philippe-au-figaro-une-election-presidentielle-anticipee-garantirait-le-bien-de-l-etat-20251007\" data-fig-type=\"Article\" data-gtm-custom-categorie=\"navigation\" data-gtm-custom-action=\"crossclick\" data-gtm-custom-label=\"Contextuel\" data-gtm-event=\"customEventSPE\" data-fig-domain=\"LEFIGARO\" target=\"_blank\" rel=\"noopener\">\u00c9douard Philippe au Figaro\u00a0:\u00a0\u00ab\u00a0Une \u00e9lection pr\u00e9sidentielle anticip\u00e9e garantirait le bien de l\u2019\u00c9tat\u00a0\u00bb<br \/>\n    <\/a>\n<\/p>\n<p>\u00abHomme de droite\u00bb<\/p>\n<p class=\"fig-paragraph\">\u00abJe suis un homme libre, c\u2019est ma force\u00bb, s\u2019est ensuite justifi\u00e9 sur Europe\u00a01 Christian Estrosi. L\u2019\u00e9dile ni\u00e7ois a ainsi assum\u00e9 son soutien \u00e0 Emmanuel Macron entre 2017 et 2018 lorsque le chef de l\u2019\u00c9tat \u00abfaisait de bonnes r\u00e9formes \u00e9conomiques\u00bb. \u00abLorsque nous sommes arriv\u00e9s dans une phase o\u00f9 les r\u00e9formes n\u2019allaient plus dans le sens de l\u2019homme de droite que je suis, gaulliste social et lib\u00e9ral \u00e0 la fois, j\u2019ai commenc\u00e9 \u00e0 ne plus me reconna\u00eetre dans cette politique\u00bb, a-t-il poursuivi.<\/p>\n<p class=\"fig-paragraph\">Mais dans sa salve, \u00c9ric Dupond-Moretti a encore racont\u00e9 que Christian Estrosi avait fait un \u00abcaca nerveux (sic)\u00bb lors du\u00a0<a href=\"http:\/\/www.lefigaro.fr\/nice\/sommet-de-l-onu-sur-l-ocean-comment-nice-se-plie-en-quatre-pour-accueillir-le-monde-entier-20250608\" data-fig-type=\"NewsFlash\" data-gtm-custom-categorie=\"navigation\" data-gtm-custom-action=\"crossclick\" data-gtm-custom-label=\"Contextuel\" data-gtm-event=\"customEventSPE\" data-fig-domain=\"LEFIGARO\" target=\"_blank\" rel=\"noopener\">sommet onusien de l\u2019oc\u00e9an \u00e0 Nice<\/a>\u00a0en juin dernier \u00abparce que le pr\u00e9sident ne l\u2019a pas invit\u00e9 \u00e0 sa table \u00e0 l\u2019occasion d\u2019un d\u00eener amical apr\u00e8s son discours\u00bb. \u00abIl en \u00e9tait malade\u00bb, griffe l\u2019ex-garde des Sceaux. Une version d\u00e9mentie par l\u2019entourage de l\u2019\u00e9lu\u00a0: on jure qu\u2019il d\u00eenait\u00a0<a href=\"http:\/\/www.lefigaro.fr\/nice\/fin-de-la-garde-a-vue-delai-de-deux-mois-le-point-sur-l-affaire-visant-le-couple-estrosi-et-delphine-ernotte-sur-des-evenements-organises-a-nice-20250701\" data-fig-type=\"NewsFlash\" data-gtm-custom-categorie=\"navigation\" data-gtm-custom-action=\"crossclick\" data-gtm-custom-label=\"Contextuel\" data-gtm-event=\"customEventSPE\" data-fig-domain=\"LEFIGARO\" target=\"_blank\" rel=\"noopener\">avec son \u00e9pouse<\/a>\u00a0et des amis ce soir-l\u00e0 et qu\u2019\u00e0 l\u2019inverse, c\u2019est l\u2019avocat qui a voulu s\u2019inviter \u00e0 la table des Macron.<\/p>\n<p class=\"fig-paragraph\">\u00c9ric Dupond-Moretti a \u00e9galement confi\u00e9 que Christian Estrosi avait racont\u00e9 \u00abpartout dans Nice\u00bb qu\u2019Emmanuel Macron voulait le nommer ministre mais qu\u2019il avait refus\u00e9, \u00abce qui est compl\u00e8tement faux\u00bb, a gliss\u00e9 \u00abEDM\u00bb, assurant en avoir \u00e9t\u00e9 \u00able t\u00e9moin\u00bb. \u00abVouloir \u00eatre dans le vent, c\u2019est avoir un destin de feuille morte\u00bb, a ajout\u00e9 le p\u00e9naliste dans le journal Nice-Matin. \u00abSi on m\u2019avait dit qu\u2019un jour, je serai d\u2019accord avec Dupond-Moretti&#8230;\u00bb, a aussi r\u00e9agi sur X l\u2019\u00e9lu \u00e9cologiste Jean-Christophe Picard, par ailleurs ex-pr\u00e9sident de l\u2019association anticorruption Anticor.<\/p>\n<p>                                    <a class=\"fig-a11y-skip a11y-hidden\" href=\"#fig-a11y-skip-main-inarticle_mtf\"><br \/>\n        Passer la publicit\u00e9<br \/>\n    <\/a><\/p>\n<p class=\"fig-paragraph\">Christian Estrosi vise\u00a0<a href=\"http:\/\/www.lefigaro.fr\/nice\/municipales-2026-a-nice-estrosi-officialise-sa-candidature-entre-affaires-et-augmentation-de-la-fiscalite-20240415\" data-fig-type=\"NewsFlash\" data-gtm-custom-categorie=\"navigation\" data-gtm-custom-action=\"crossclick\" data-gtm-custom-label=\"Contextuel\" data-gtm-event=\"customEventSPE\" data-fig-domain=\"LEFIGARO\" target=\"_blank\" rel=\"noopener\">un quatri\u00e8me mandat de maire de Nice<\/a>\u00a0en mars prochain mais \u00c9ric Ciotti (UDR), son ancien prot\u00e9g\u00e9 devenu son pire ennemi,\u00a0<a href=\"http:\/\/www.lefigaro.fr\/elections\/municipales\/municipales-2026-dans-une-lettre-de-20-pages-ciotti-se-devoile-pour-nice-entre-salves-contre-estrosi-et-propositions-20250827\" data-fig-type=\"NewsFlash\" data-gtm-custom-categorie=\"navigation\" data-gtm-custom-action=\"crossclick\" data-gtm-custom-label=\"Contextuel\" data-gtm-event=\"customEventSPE\" data-fig-domain=\"LEFIGARO\" target=\"_blank\" rel=\"noopener\">a aussi annonc\u00e9 sa candidature<\/a>\u00a0et le match s\u2019annonce serr\u00e9.<\/p>\n","protected":false},"excerpt":{"rendered":"En tant que num\u00e9ro 2 du parti Horizons, le maire de Nice a suivi la position d\u2019\u00c9douard Philippe,&hellip;\n","protected":false},"author":2,"featured_media":447798,"comment_status":"","ping_status":"","sticky":false,"template":"","format":"standard","meta":{"footnotes":""},"categories":[2],"tags":[11,2397,1073,10222,1011,27,12],"class_list":{"0":"post-447797","1":"post","2":"type-post","3":"status-publish","4":"format-standard","5":"has-post-thumbnail","7":"category-actualites","8":"tag-actualites","9":"tag-christian-estrosi","10":"tag-emmanuel-macron","11":"tag-eric-dupond-moretti","12":"tag-fr","13":"tag-france","14":"tag-news"},"share_on_mastodon":{"url":"https:\/\/pubeurope.com\/@fr\/115339304983945049","error":""},"_links":{"self":[{"href":"https:\/\/www.europesays.com\/fr\/wp-json\/wp\/v2\/posts\/447797","targetHints":{"allow":["GET"]}}],"collection":[{"href":"https:\/\/www.europesays.com\/fr\/wp-json\/wp\/v2\/posts"}],"about":[{"href":"https:\/\/www.europesays.com\/fr\/wp-json\/wp\/v2\/types\/post"}],"author":[{"embeddable":true,"href":"https:\/\/www.europesays.com\/fr\/wp-json\/wp\/v2\/users\/2"}],"replies":[{"embeddable":true,"href":"https:\/\/www.europesays.com\/fr\/wp-json\/wp\/v2\/comments?post=447797"}],"version-history":[{"count":0,"href":"https:\/\/www.europesays.com\/fr\/wp-json\/wp\/v2\/posts\/447797\/revisions"}],"wp:featuredmedia":[{"embeddable":true,"href":"https:\/\/www.europesays.com\/fr\/wp-json\/wp\/v2\/media\/447798"}],"wp:attachment":[{"href":"https:\/\/www.europesays.com\/fr\/wp-json\/wp\/v2\/media?parent=447797"}],"wp:term":[{"taxonomy":"category","embeddable":true,"href":"https:\/\/www.europesays.com\/fr\/wp-json\/wp\/v2\/categories?post=447797"},{"taxonomy":"post_tag","embeddable":true,"href":"https:\/\/www.europesays.com\/fr\/wp-json\/wp\/v2\/tags?post=447797"}],"curies":[{"name":"wp","href":"https:\/\/api.w.org\/{rel}","templated":true}]}}