{"id":447819,"date":"2025-10-08T15:51:18","date_gmt":"2025-10-08T15:51:18","guid":{"rendered":"https:\/\/www.europesays.com\/fr\/447819\/"},"modified":"2025-10-08T15:51:18","modified_gmt":"2025-10-08T15:51:18","slug":"la-15e-descente-des-alpages-fait-son-retour-samedi-11-octobre","status":"publish","type":"post","link":"https:\/\/www.europesays.com\/fr\/447819\/","title":{"rendered":"la 15e Descente des alpages fait son retour samedi 11\u00a0octobre"},"content":{"rendered":"<p>Plantes et fromages, plantes et gastronomie, plantes et sant\u00e9\u2026 De la place Vaucanson \u00e0 celle de l\u2019\u00c9toile, en passant par la rue de Strasbourg, la Descente des alpages fait son retour samedi 11\u00a0octobre \u00e0 Grenoble, autour du th\u00e8me \u00ab\u00a0Plantes dans tous leurs \u00e9tats\u00a0\u00bb.<\/p>\n<p>Apr\u00e8s <a href=\"https:\/\/www.ledauphine.com\/culture-loisirs\/2024\/09\/21\/isere-grenoble-prevue-a-la-mi-octobre-la-descente-des-alpages-2024-est-annulee\" target=\"_blank\" rel=\"noopener\">une 14e \u00e9dition avort\u00e9e pour cause de fi\u00e8vre catarrhale parmi les cheptels de la r\u00e9gion<\/a>, les bovins ne seront pas non plus de la partie cette ann\u00e9e, <a href=\"https:\/\/www.ledauphine.com\/d\/crise-de-la-dermatose-nodulaire-les-dernieres-infos-cfb74f47-e25e-47bc-895c-fb2d4a29eb20\" target=\"_blank\" rel=\"noopener\">\u00e9pid\u00e9mie de dermatose nodulaire<\/a> oblige. Qu\u2019\u00e0 cela ne tienne\u00a0! L\u2019association de la Descente des alpages r\u00e9affirme autrement \u00ab\u00a0ce que la montagne a de meilleur\u00a0\u00bb, comme le r\u00e9p\u00e8te \u00e0 l\u2019envi son pr\u00e9sident Christel-Jacques Moiroud.<\/p>\n<p>Si les brebis, les ch\u00e8vres et les chevaux d\u00e9fileront bien dans les rues du centre de Grenoble cette ann\u00e9e, les plantes \u00ab\u00a0de haut en bas\u00a0\u00bb seront les vraies stars de cette \u00e9dition. \u00ab\u00a0Nous voulons inscrire cet \u00e9v\u00e9nement sous un angle avant-gardiste, montrer que les alternatives v\u00e9g\u00e9tales sont possibles pour leur diversit\u00e9, notre sant\u00e9 et l\u2019environnement, poursuit Christel-Jacques Moiroud. Je le dis chaque ann\u00e9e, notre but n\u2019est pas d\u2019en faire une f\u00eate franchouillarde\u00a0!\u00a0\u00bb<\/p>\n<p>Les festivit\u00e9s commenceront vendredi soir par une comm\u00e9moration des 80 ans de la lib\u00e9ration de Grenoble, sur le glacis de la Bastille, suivi d\u2019un d\u00eener gastronomique au P\u00e8re Gras. Celui-ci sera \u00e9labor\u00e9 autour de diverses plantes alpines par le chef savoyard \u00c9douard Loubet.<\/p>\n<p>  Une conf\u00e9rence dans les nouveaux jardins du Mus\u00e9e dauphinois<\/p>\n<p>\u00c0 l\u2019image des \u00e9ditions pr\u00e9c\u00e9dentes, la zone reliant la place Vaucanson au parc Paul-Mistral sera ferm\u00e9e samedi apr\u00e8s-midi pour laisser place aux stands, aux d\u00e9gustations anim\u00e9s par les confr\u00e9ries et des \u00ab\u00a0Meilleurs ouvriers de France\u00a0\u00bb et aux animaux domestiques des montagnes. Les moutons de la ville de Grenoble auront, eux, droit \u00e0 leur enclos place Docteur L\u00e9on Martin. Une diversit\u00e9 d\u2019animations qui devrait attirer \u00ab\u00a0plusieurs milliers de personnes\u00a0\u00bb selon le pr\u00e9sident de l\u2019association.<\/p>\n<p>Le concours Bernard Mure-Ravaud promet d\u2019\u00eatre un temps fort des festivit\u00e9s puisqu\u2019il sanctionnera \u00e0 partir de 11\u00a0h samedi les meilleurs fromages de la r\u00e9gion Auvergne-Rh\u00f4ne-Alpes.<\/p>\n<p>Au m\u00eame moment, plus en altitude, une conf\u00e9rence en plein air sur les vertus m\u00e9dicinales des plantes alpines sera donn\u00e9e au Mus\u00e9e dauphinois d\u00e8s 10\u00a0h\u00a030. \u00ab\u00a0Les visiteurs pourront d\u00e9couvrir les nouveaux jardins du mus\u00e9e par cette occasion, guid\u00e9s par les professeurs Serge Krivobok et Manon Paul-Traversaz de la facult\u00e9 de m\u00e9decine\u00a0\u00bb, s\u2019enthousiasme Christel-Jacques Moiroud.<\/p>\n<p>La 15e Descente des alpages se terminera par un d\u00eener gastronomique \u00e0 70\u00a0euros, en sept plats cons\u00e9cutifs, au restaurant Fantin Latour. \u00ab\u00a0Une des assiettes associera le homard et l\u2019\u00e9lixir de Grande Chartreuse\u00a0\u00bb, souligne Christel-Jacques Moiroud. Reconnaissant le montant on\u00e9reux de la soir\u00e9e, le pr\u00e9sident de l\u2019association organisatrice insiste\u00a0: \u00ab\u00a0Tout le monde y est convi\u00e9.\u00a0\u00bb<\/p>\n<p>\u00ab\u00a0En collaboration avec la M-Tag et parce que nous incitons aux d\u00e9placements \u00e9co-responsables, les transports en commun seront gratuits le samedi apr\u00e8s-midi\u00a0\u00bb, pr\u00e9cise enfin le pr\u00e9sident de l\u2019association de la Descente des alpages, soulag\u00e9 de voir cette \u00e9dition maintenue.<\/p>\n","protected":false},"excerpt":{"rendered":"Plantes et fromages, plantes et gastronomie, plantes et sant\u00e9\u2026 De la place Vaucanson \u00e0 celle de l\u2019\u00c9toile, en&hellip;\n","protected":false},"author":2,"featured_media":447820,"comment_status":"","ping_status":"","sticky":false,"template":"","format":"standard","meta":{"footnotes":""},"categories":[9566],"tags":[1111,11,327,1867,2430,1687,112,1777,674,3326,1685,1011,27,2731,2732,108,12,2661,25],"class_list":{"0":"post-447819","1":"post","2":"type-post","3":"status-publish","4":"format-standard","5":"has-post-thumbnail","7":"category-grenoble","8":"tag-actu","9":"tag-actualites","10":"tag-agriculture","11":"tag-animaux","12":"tag-auvergne-rhone-alpes","13":"tag-culture-loisirs","14":"tag-edition-grenoble-agglomeration","15":"tag-eu","16":"tag-europe","17":"tag-fete-locale","18":"tag-foire-et-salon","19":"tag-fr","20":"tag-france","21":"tag-grenoble","22":"tag-grenoble-bassin","23":"tag-isere","24":"tag-news","25":"tag-patrimoine-culturel","26":"tag-republique-francaise"},"share_on_mastodon":{"url":"https:\/\/pubeurope.com\/@fr\/115339348124538099","error":""},"_links":{"self":[{"href":"https:\/\/www.europesays.com\/fr\/wp-json\/wp\/v2\/posts\/447819","targetHints":{"allow":["GET"]}}],"collection":[{"href":"https:\/\/www.europesays.com\/fr\/wp-json\/wp\/v2\/posts"}],"about":[{"href":"https:\/\/www.europesays.com\/fr\/wp-json\/wp\/v2\/types\/post"}],"author":[{"embeddable":true,"href":"https:\/\/www.europesays.com\/fr\/wp-json\/wp\/v2\/users\/2"}],"replies":[{"embeddable":true,"href":"https:\/\/www.europesays.com\/fr\/wp-json\/wp\/v2\/comments?post=447819"}],"version-history":[{"count":0,"href":"https:\/\/www.europesays.com\/fr\/wp-json\/wp\/v2\/posts\/447819\/revisions"}],"wp:featuredmedia":[{"embeddable":true,"href":"https:\/\/www.europesays.com\/fr\/wp-json\/wp\/v2\/media\/447820"}],"wp:attachment":[{"href":"https:\/\/www.europesays.com\/fr\/wp-json\/wp\/v2\/media?parent=447819"}],"wp:term":[{"taxonomy":"category","embeddable":true,"href":"https:\/\/www.europesays.com\/fr\/wp-json\/wp\/v2\/categories?post=447819"},{"taxonomy":"post_tag","embeddable":true,"href":"https:\/\/www.europesays.com\/fr\/wp-json\/wp\/v2\/tags?post=447819"}],"curies":[{"name":"wp","href":"https:\/\/api.w.org\/{rel}","templated":true}]}}