{"id":447821,"date":"2025-10-08T15:52:26","date_gmt":"2025-10-08T15:52:26","guid":{"rendered":"https:\/\/www.europesays.com\/fr\/447821\/"},"modified":"2025-10-08T15:52:26","modified_gmt":"2025-10-08T15:52:26","slug":"ca-peut-ramener-du-monde-en-ville-cest-toujours-bon-a-prendre","status":"publish","type":"post","link":"https:\/\/www.europesays.com\/fr\/447821\/","title":{"rendered":"\u00ab\u00a0\u00c7a peut ramener du monde en ville, c\u2019est toujours bon \u00e0 prendre\u00a0\u00bb"},"content":{"rendered":"<p>                         <img loading=\"lazy\" decoding=\"async\" src=\"https:\/\/www.europesays.com\/fr\/wp-content\/uploads\/2025\/10\/6c9d15f_upload-1-shbwxnewvelp-000-63vr2el.jpg\" alt=\"Dans une boutique \u00e9ph\u00e9m\u00e8re de la marque chinoise de fast-fashion Shein, \u00e0 Dijon, le 26\u00a0juin 2025.\"   width=\"664\" height=\"443\"\/>    Dans une boutique \u00e9ph\u00e9m\u00e8re de la marque chinoise de fast-fashion Shein, \u00e0 Dijon, le 26\u00a0juin 2025.  ARNAUD FINISTRE \/ AFP                 <\/p>\n<p class=\"article__paragraph  \">A 14\u00a0heures, Patrice Mattioni, patron de la pizzeria San Luigi, dans le centre de Grenoble, commence \u00e0 d\u00e9barrasser les tables encore dress\u00e9es. \u00ab\u00a0Les mois d\u2019ao\u00fbt et de septembre, habituellement ma meilleure p\u00e9riode, ont \u00e9t\u00e9 catastrophiques\u00a0\u00bb, soupire le restaurateur. Alors l\u2019arriv\u00e9e annonc\u00e9e de la marque chinoise d\u2019ultra-fast fashion Shein aux Galeries Lafayette, \u00e0 deux rues de son restaurant, il ne la voit pas d\u2019un mauvais \u0153il. \u00ab\u00a0Peut-\u00eatre que cela pourrait amener une nouvelle client\u00e8le\u2026 On en aurait bien besoin \u00e0 Grenoble, il y a une baisse g\u00e9n\u00e9rale de fr\u00e9quentation dans le centre-ville\u00a0\u00bb, explique le restaurateur en montrant deux commerces vacants au bout de sa rue.<\/p>\n<p>                                   Lire aussi |  <a href=\"https:\/\/www.lemonde.fr\/economie\/article\/2025\/10\/01\/shein-va-ouvrir-ses-premiers-magasins-physiques-perennes-en-france_6643966_3234.html\" class=\"js-article-read-also catcher--favoris__link\" data-premium=\"\" id=\"article-title-3440492\" rel=\"nofollow noopener\" target=\"_blank\">Shein, l\u2019entreprise chinoise de fast-fashion, va ouvrir ses premiers magasins dans plusieurs villes de France<\/a>    <\/p>\n<p>   Lire plus tard  <\/p>\n<p class=\"article__paragraph  \">A Grenoble, o\u00f9 le centre est marqu\u00e9 par un taux de vacance commerciale relativement \u00e9lev\u00e9 et en augmentation (12\u00a0% sur l\u2019agglom\u00e9ration grenobloise en\u00a02024, selon la Fnaim Is\u00e8re, contre 9\u00a0% en\u00a02019), et o\u00f9 les commer\u00e7ants critiquent souvent les mesures de pi\u00e9tonnisation et de stationnement prises par la mairie, l\u2019annonce ne laisse pas indiff\u00e9rent les commer\u00e7ants.<\/p>\n<p class=\"article__paragraph  \">\u00ab\u00a0Je ne le dis pas trop fort, mais je pense que l\u2019arriv\u00e9e de Shein est une bonne chose, \u00e7a cr\u00e9era du flux de visiteurs\u00a0\u00bb, estime le propri\u00e9taire de plusieurs restaurants et caf\u00e9s, dont un voisin des Galeries Lafayette, qui a souhait\u00e9 garder l\u2019anonymat. \u00ab\u00a0\u00c7a peut ramener du monde en ville, c\u2019est toujours bon \u00e0 prendre, et puis il en faut pour tous les porte-monnaie\u00a0\u00bb, consid\u00e8re quant \u00e0 elle Sabrina Nichilo, responsable de la boutique de v\u00eatements The Original Shop, qui voit des commerces fermer autour d\u2019elle, avant de temp\u00e9rer un possible \u00ab\u00a0effet Shein\u00a0\u00bb sur le long terme.<\/p>\n<p class=\"reading-mode-only \"><strong>Il vous reste 38.27% de cet article \u00e0 lire. La suite est r\u00e9serv\u00e9e aux abonn\u00e9s.<\/strong><\/p>\n","protected":false},"excerpt":{"rendered":"Dans une boutique \u00e9ph\u00e9m\u00e8re de la marque chinoise de fast-fashion Shein, \u00e0 Dijon, le 26\u00a0juin 2025. ARNAUD FINISTRE&hellip;\n","protected":false},"author":2,"featured_media":447822,"comment_status":"","ping_status":"","sticky":false,"template":"","format":"standard","meta":{"footnotes":""},"categories":[9566],"tags":[1111,11,2430,1777,674,1011,27,2731,12,25],"class_list":{"0":"post-447821","1":"post","2":"type-post","3":"status-publish","4":"format-standard","5":"has-post-thumbnail","7":"category-grenoble","8":"tag-actu","9":"tag-actualites","10":"tag-auvergne-rhone-alpes","11":"tag-eu","12":"tag-europe","13":"tag-fr","14":"tag-france","15":"tag-grenoble","16":"tag-news","17":"tag-republique-francaise"},"share_on_mastodon":{"url":"https:\/\/pubeurope.com\/@fr\/115339352637233248","error":""},"_links":{"self":[{"href":"https:\/\/www.europesays.com\/fr\/wp-json\/wp\/v2\/posts\/447821","targetHints":{"allow":["GET"]}}],"collection":[{"href":"https:\/\/www.europesays.com\/fr\/wp-json\/wp\/v2\/posts"}],"about":[{"href":"https:\/\/www.europesays.com\/fr\/wp-json\/wp\/v2\/types\/post"}],"author":[{"embeddable":true,"href":"https:\/\/www.europesays.com\/fr\/wp-json\/wp\/v2\/users\/2"}],"replies":[{"embeddable":true,"href":"https:\/\/www.europesays.com\/fr\/wp-json\/wp\/v2\/comments?post=447821"}],"version-history":[{"count":0,"href":"https:\/\/www.europesays.com\/fr\/wp-json\/wp\/v2\/posts\/447821\/revisions"}],"wp:featuredmedia":[{"embeddable":true,"href":"https:\/\/www.europesays.com\/fr\/wp-json\/wp\/v2\/media\/447822"}],"wp:attachment":[{"href":"https:\/\/www.europesays.com\/fr\/wp-json\/wp\/v2\/media?parent=447821"}],"wp:term":[{"taxonomy":"category","embeddable":true,"href":"https:\/\/www.europesays.com\/fr\/wp-json\/wp\/v2\/categories?post=447821"},{"taxonomy":"post_tag","embeddable":true,"href":"https:\/\/www.europesays.com\/fr\/wp-json\/wp\/v2\/tags?post=447821"}],"curies":[{"name":"wp","href":"https:\/\/api.w.org\/{rel}","templated":true}]}}