{"id":447823,"date":"2025-10-08T15:54:00","date_gmt":"2025-10-08T15:54:00","guid":{"rendered":"https:\/\/www.europesays.com\/fr\/447823\/"},"modified":"2025-10-08T15:54:00","modified_gmt":"2025-10-08T15:54:00","slug":"cesson-sevigne-des-livres-a-louest-de-retour-au-pont-des-arts-dimanche","status":"publish","type":"post","link":"https:\/\/www.europesays.com\/fr\/447823\/","title":{"rendered":"Cesson-S\u00e9vign\u00e9. Des Livres \u00e0 l\u2019Ouest de retour au Pont des arts dimanche"},"content":{"rendered":"<p>\u00a0Pour cette dixi\u00e8me \u00e9dition, le jury a s\u00e9lectionn\u00e9 vingt-trois\u00a0auteurs\u00a0: douze\u00a0dans les cat\u00e9gories romans et polars, sept en BD et quatre\u00a0pour la litt\u00e9rature jeunesse, annonce Bertrand Colleu, pr\u00e9sident de l\u2019association qui compte aujourd\u2019hui 65\u00a0adh\u00e9rents. Le prix de litt\u00e9rature jeunesse a \u00e9t\u00e9 choisi par un jury de sept\u00a0enfants, dans le cadre d\u2019un partenariat avec le centre de loisirs.\u00a0 Le pr\u00e9sident se r\u00e9jouit de la vitalit\u00e9 du collectif, qui a recrut\u00e9 de nouveaux membres lors du dernier forum des associations.<\/p>\n<p>Les visiteurs seront accueillis d\u00e8s 9\u00a0h\u00a030 dans le parc du Pont des arts \u00a0qui a conserv\u00e9 temporairement son grand chapiteau pour l\u2019occasion\u00a0. De nombreuses animations viendront \u00e9mailler la journ\u00e9e\u00a0: un escape game \u00e0 d\u00e9couvrir sur le th\u00e8me du livre jeunesse, des ateliers d\u2019\u00e9criture, de calligraphie, de reliure. L\u2019association propose \u00e9galement une braderie de livres gr\u00e2ce aux dons faits par les Cessonnais et les entreprises partenaires, une dict\u00e9e pour les f\u00e9rus d\u2019orthographe, des jeux en bois g\u00e9ants et une roue de la fortune en forme de quiz sur la BD. Un food-truck et une buvette seront \u00e0 disposition du public pour la convivialit\u00e9 de l\u2019\u00e9v\u00e8nement et favoriser les \u00e9changes.<\/p>\n<p>Le moment fort de la journ\u00e9e, \u00e0 14\u00a0h, sera consacr\u00e9 \u00e0 la pr\u00e9sentation des livres par les auteurs eux-m\u00eames, avec une lecture d\u2019extraits des livres prim\u00e9s. S\u2019ensuivront la remise des prix et un \u00e9change avec les \u00e9crivains. Le public pourra \u00e9galement faire d\u00e9dicacer les ouvrages.<\/p>\n<p><strong>Dimanche 12\u00a0octobre<\/strong>, de 9\u00a0h\u00a030 \u00e0 17\u00a0h\u00a030, prix litt\u00e9raire Des Livres \u00e0 l\u2019Ouest dans le parc du Pont des arts au centre de loisirs (gratuit). Programme d\u00e9taill\u00e9 sur Facebook et Instagram.<\/p>\n<p>\u00a0<\/p>\n","protected":false},"excerpt":{"rendered":"\u00a0Pour cette dixi\u00e8me \u00e9dition, le jury a s\u00e9lectionn\u00e9 vingt-trois\u00a0auteurs\u00a0: douze\u00a0dans les cat\u00e9gories romans et polars, sept en BD&hellip;\n","protected":false},"author":2,"featured_media":447824,"comment_status":"","ping_status":"","sticky":false,"template":"","format":"standard","meta":{"footnotes":""},"categories":[2821],"tags":[1111,11,1348,829,4099,6664,1777,674,1011,27,1380,12,9144,5604,3086,584,25,8133],"class_list":{"0":"post-447823","1":"post","2":"type-post","3":"status-publish","4":"format-standard","5":"has-post-thumbnail","7":"category-rennes","8":"tag-actu","9":"tag-actualites","10":"tag-arts","11":"tag-bretagne","12":"tag-cesson-sevigne","13":"tag-dimanche","14":"tag-eu","15":"tag-europe","16":"tag-fr","17":"tag-france","18":"tag-livres","19":"tag-news","20":"tag-ouest","21":"tag-pont","22":"tag-redon","23":"tag-rennes","24":"tag-republique-francaise","25":"tag-retour"},"share_on_mastodon":{"url":"https:\/\/pubeurope.com\/@fr\/115339359970257364","error":""},"_links":{"self":[{"href":"https:\/\/www.europesays.com\/fr\/wp-json\/wp\/v2\/posts\/447823","targetHints":{"allow":["GET"]}}],"collection":[{"href":"https:\/\/www.europesays.com\/fr\/wp-json\/wp\/v2\/posts"}],"about":[{"href":"https:\/\/www.europesays.com\/fr\/wp-json\/wp\/v2\/types\/post"}],"author":[{"embeddable":true,"href":"https:\/\/www.europesays.com\/fr\/wp-json\/wp\/v2\/users\/2"}],"replies":[{"embeddable":true,"href":"https:\/\/www.europesays.com\/fr\/wp-json\/wp\/v2\/comments?post=447823"}],"version-history":[{"count":0,"href":"https:\/\/www.europesays.com\/fr\/wp-json\/wp\/v2\/posts\/447823\/revisions"}],"wp:featuredmedia":[{"embeddable":true,"href":"https:\/\/www.europesays.com\/fr\/wp-json\/wp\/v2\/media\/447824"}],"wp:attachment":[{"href":"https:\/\/www.europesays.com\/fr\/wp-json\/wp\/v2\/media?parent=447823"}],"wp:term":[{"taxonomy":"category","embeddable":true,"href":"https:\/\/www.europesays.com\/fr\/wp-json\/wp\/v2\/categories?post=447823"},{"taxonomy":"post_tag","embeddable":true,"href":"https:\/\/www.europesays.com\/fr\/wp-json\/wp\/v2\/tags?post=447823"}],"curies":[{"name":"wp","href":"https:\/\/api.w.org\/{rel}","templated":true}]}}