{"id":447825,"date":"2025-10-08T15:55:15","date_gmt":"2025-10-08T15:55:15","guid":{"rendered":"https:\/\/www.europesays.com\/fr\/447825\/"},"modified":"2025-10-08T15:55:15","modified_gmt":"2025-10-08T15:55:15","slug":"40-000-e-de-subventions-en-moins-a-rennes-ce-centre-lgbti-ne-peut-plus-payer-ses-salariees","status":"publish","type":"post","link":"https:\/\/www.europesays.com\/fr\/447825\/","title":{"rendered":"40\u00a0000\u00a0\u20ac de subventions en moins\u00a0: \u00e0 Rennes, ce centre LGBTI\u00a0+\u00a0ne peut plus payer ses salari\u00e9es"},"content":{"rendered":"<p><a href=\"https:\/\/www.letelegramme.fr\/ille-et-vilaine\/rennes-35000\/ces-attaques-ne-nous-feront-pas-taire-le-local-de-cette-association-lgbt-degrade-a-rennes-6808893.php\" target=\"_blank\" rel=\"nofollow noopener\">L\u2019avenir du centre LGBTI +<\/a> de Rennes, <a href=\"https:\/\/iskis.org\/\" target=\"_blank\" rel=\"nofollow noopener\">Iskis<\/a>, est-il en danger ? Cet \u00e9t\u00e9, l\u2019association attendait de recevoir sa subvention de 50 000 euros au titre du plan national pour l\u2019\u00e9galit\u00e9, contre la haine et les discriminations anti-LGBT +, pilot\u00e9 par la DILCRAH (D\u00e9l\u00e9gation Interminist\u00e9rielle pour la Lutte Contre le Racisme, l\u2019Antis\u00e9mitisme et la Haine LGBT), comme en 2024. Mais pour Emma Guiguen, pr\u00e9sidente d\u2019Iskis, c\u2019est la stupeur. Le montant de la subvention re\u00e7ue d\u00e9but juillet est de seulement 10 000 euros.<\/p>\n<p>\u00ab Aujourd\u2019hui, ces emplois sont en p\u00e9ril \u00bb<\/p>\n<p>\u00ab On a re\u00e7u une notification le 8 juillet sans explication \u00bb, retrace la pr\u00e9sidente Guiguen avant de recevoir quelques jours plus tard une r\u00e9ponse par mail de la Pr\u00e9fecture d\u2019Ille-et-Vilaine qui explique avoir \u00ab ajust\u00e9 son niveau de soutien \u00bb.<\/p>\n<p>La Pr\u00e9fecture d\u2019Ille-et-Vilaine verse donc cette subvention suite au financement exceptionnel de 10 millions d\u2019euros annonc\u00e9 par l\u2019\u00c9tat en 2022 pour \u00ab accompagner activement le d\u00e9veloppement des centres LGBT + sur l\u2019ensemble du territoire \u00bb. \u00ab Cette dotation nous a permis d\u2019embaucher deux salari\u00e9es \u00e0 80 %. Une coordinatrice administrative et une coordinatrice pour l\u2019accueil du public, explique Emma Guiguen avant d\u2019ironiser sur la situation. Aujourd\u2019hui, ces emplois sont en p\u00e9ril. 10 000 euros, c\u2019est ce dont on a besoin pour faire un licenciement. \u00bb<\/p>\n<p>Cette coupe drastique constitue une incompr\u00e9hension et une iniquit\u00e9 face aux autres centres \u00ab d\u2019Angers et Nantes qui ont le m\u00eame fonctionnement que nous et qui ont re\u00e7u les 50 000 euros \u00bb, regrette la pr\u00e9sidente d\u2019Iskis.<\/p>\n<p>\u00ab Un contexte budg\u00e9taire marqu\u00e9 par la n\u00e9cessit\u00e9 de r\u00e9aliser des \u00e9conomies \u00bb<\/p>\n<p>L\u2019association n\u2019a pas abdiqu\u00e9 et a donc d\u00e9pos\u00e9 un recours gracieux via son avocat le 30 juillet dernier. La pr\u00e9fecture d\u2019Ille-et-Vilaine a donc donn\u00e9 suite dans un courrier dat\u00e9 du 4 septembre 2025 o\u00f9 on peut lire : \u00ab il a \u00e9t\u00e9 estim\u00e9 que le niveau de soutien financier accord\u00e9 par l\u2019\u00c9tat n\u2019\u00e9tait pas envisageable dans les m\u00eames proportions qu\u2019en 2024. Dans un contexte budg\u00e9taire marqu\u00e9 par la n\u00e9cessit\u00e9 de r\u00e9aliser des \u00e9conomies, cette d\u00e9cision refl\u00e8te \u00e0 la fois notre volont\u00e9 de continuer \u00e0 soutenir cette politique publique de lutte contre les discriminations, et en particulier les activit\u00e9s de l\u2019association ISKIS et notre exigence d\u2019ajuster les montants attribu\u00e9s en fonction des priorit\u00e9s du territoire bretillien. \u00bb<\/p>\n<p>Actuellement, les fonds propres de l\u2019association et les autres subventions locales per\u00e7ues ne sont pas suffisants pour r\u00e9ussir \u00e0 payer ses deux salari\u00e9es. \u00ab Avec cette d\u00e9cision, l\u2019\u00c9tat ne remplit pas son r\u00f4le de lutte contre les discriminations, s\u2019insurge Emma Guiguen qui doit d\u00e9sormais se tourner vers \u00ab la recherche de financements priv\u00e9s qui correspondent \u00e0 nos valeurs \u00bb.<\/p>\n<p>Contact\u00e9e, la Pr\u00e9fecture d\u2019Ille-et-Vilaine n\u2019a pas \u00e9t\u00e9 en capacit\u00e9 de nous r\u00e9pondre avant la publication de cet article.<\/p>\n","protected":false},"excerpt":{"rendered":"L\u2019avenir du centre LGBTI + de Rennes, Iskis, est-il en danger ? Cet \u00e9t\u00e9, l\u2019association attendait de recevoir&hellip;\n","protected":false},"author":2,"featured_media":447826,"comment_status":"","ping_status":"","sticky":false,"template":"","format":"standard","meta":{"footnotes":""},"categories":[2821],"tags":[1111,11,829,1777,674,1011,27,848,12,584,25],"class_list":{"0":"post-447825","1":"post","2":"type-post","3":"status-publish","4":"format-standard","5":"has-post-thumbnail","7":"category-rennes","8":"tag-actu","9":"tag-actualites","10":"tag-bretagne","11":"tag-eu","12":"tag-europe","13":"tag-fr","14":"tag-france","15":"tag-ille-et-vilaine","16":"tag-news","17":"tag-rennes","18":"tag-republique-francaise"},"share_on_mastodon":{"url":"https:\/\/pubeurope.com\/@fr\/115339363905232833","error":""},"_links":{"self":[{"href":"https:\/\/www.europesays.com\/fr\/wp-json\/wp\/v2\/posts\/447825","targetHints":{"allow":["GET"]}}],"collection":[{"href":"https:\/\/www.europesays.com\/fr\/wp-json\/wp\/v2\/posts"}],"about":[{"href":"https:\/\/www.europesays.com\/fr\/wp-json\/wp\/v2\/types\/post"}],"author":[{"embeddable":true,"href":"https:\/\/www.europesays.com\/fr\/wp-json\/wp\/v2\/users\/2"}],"replies":[{"embeddable":true,"href":"https:\/\/www.europesays.com\/fr\/wp-json\/wp\/v2\/comments?post=447825"}],"version-history":[{"count":0,"href":"https:\/\/www.europesays.com\/fr\/wp-json\/wp\/v2\/posts\/447825\/revisions"}],"wp:featuredmedia":[{"embeddable":true,"href":"https:\/\/www.europesays.com\/fr\/wp-json\/wp\/v2\/media\/447826"}],"wp:attachment":[{"href":"https:\/\/www.europesays.com\/fr\/wp-json\/wp\/v2\/media?parent=447825"}],"wp:term":[{"taxonomy":"category","embeddable":true,"href":"https:\/\/www.europesays.com\/fr\/wp-json\/wp\/v2\/categories?post=447825"},{"taxonomy":"post_tag","embeddable":true,"href":"https:\/\/www.europesays.com\/fr\/wp-json\/wp\/v2\/tags?post=447825"}],"curies":[{"name":"wp","href":"https:\/\/api.w.org\/{rel}","templated":true}]}}