{"id":447827,"date":"2025-10-08T15:56:09","date_gmt":"2025-10-08T15:56:09","guid":{"rendered":"https:\/\/www.europesays.com\/fr\/447827\/"},"modified":"2025-10-08T15:56:09","modified_gmt":"2025-10-08T15:56:09","slug":"une-fausse-alerte-a-la-bombe-provoque-levacuation-dun-college","status":"publish","type":"post","link":"https:\/\/www.europesays.com\/fr\/447827\/","title":{"rendered":"une fausse alerte \u00e0 la bombe provoque l&rsquo;\u00e9vacuation d&rsquo;un coll\u00e8ge"},"content":{"rendered":"<p>            Par<br \/>\n        <strong><br \/>\n            <a href=\"https:\/\/actu.fr\/auteur\/thomas-blanc\" title=\"Consulter tous les articles de Thomas Blanc\" target=\"_blank\" rel=\"noopener\">Thomas Blanc<\/a><br \/>\n        <\/strong><\/p>\n<p>        Publi\u00e9 le<\/p>\n<p>            8 oct. 2025 \u00e0 17h42        <\/p>\n<p>Apr\u00e8s plusieurs alertes <a href=\"https:\/\/actu.fr\/faits-divers\/trois-colleges-evacues-apres-de-fausses-alertes-a-la-bombe-a-nancy-et-ses-environs-ce-que-l-on-sait_63267856.html\" target=\"_blank\" rel=\"noopener\">dans des coll\u00e8ges de la ville de Nancy<\/a> le mardi 7 octobre et un lyc\u00e9e d\u00e9j\u00e0 touch\u00e9 \u00e0 <a href=\"https:\/\/actu.fr\/strasbourg\/\" target=\"_blank\" rel=\"noopener\">Strasbourg<\/a> le 25\u00a0septembre, c\u2019est une nouvelle <strong>alerte \u00e0 la bombe<\/strong>, cette fois <strong>au coll\u00e8ge Louis Pasteur<\/strong> au nord-est du quartier du Neudorf, qui a fait se d\u00e9placer la <a href=\"https:\/\/actu.fr\/tag\/police\" target=\"_blank\" rel=\"noopener\">police<\/a> ce mercredi matin.<\/p>\n<p>    <a href=\"https:\/\/www.google.com\/maps\/embed?pb=!1m18!1m12!1m3!1d4439.696149066538!2d7.736565675549483!3d48.57424691386201!2m3!1f0!2f0!3f0!3m2!1i1024!2i768!4f13.1!3m3!1m2!1s0x4796c9b134e054ad%3A0x37f3b99063f21877!2sColl%C3%A8ge%20Louis-Pasteur!5e0!3m2!1sfr!2sfr!4v1759937058296!5m2!1sfr!2sfr\" title=\"Ouvrie le lien\" target=\"_blank\" rel=\"noopener\">Cliquez ici pour visualiser le contenu<\/a><\/p>\n<p>Le coll\u00e8ge Louis Pasteur \u00e9vacu\u00e9 apr\u00e8s une alerte \u00e0 la bombe<\/p>\n<p class=\" wall-content\">C\u2019est en fin de matin\u00e9e que le directeur de l\u2019\u00e9tablissement qui accueille environ <strong>600\u00a0\u00e9l\u00e8ves<\/strong> \u00ab\u2009a re\u00e7u un <strong>message mena\u00e7ant<\/strong> par email\u2009\u00bb nous fait savoir la police nationale du <a href=\"https:\/\/actu.fr\/grand-est\/bas-rhin_67\" target=\"_blank\" rel=\"noopener\">Bas-Rhin<\/a>. Apr\u00e8s avoir \u00e9t\u00e9 contact\u00e9es, les forces de l\u2019ordre se sont rendues sur place <strong>avec les ma\u00eetres-chiens<\/strong> pour proc\u00e9der \u00e0 \u00ab\u2009une lev\u00e9e de doute\u2009\u00bb.<\/p>\n<p class=\" wall-content\">L\u2019enqu\u00eate est actuellement en cours pour identifier la personne mal intentionn\u00e9e \u00e0 l\u2019origine de cette <strong>fausse alerte \u00e0 la bombe<\/strong> puisque les agents de police n\u2019ont trouv\u00e9 la trace d\u2019<strong>aucun explosif dans l\u2019\u00e9tablissement<\/strong>.<\/p>\n<p class=\" wall-content\">Personnalisez votre actualit\u00e9 en ajoutant vos villes et m\u00e9dias en favori avec <a href=\"https:\/\/moncompte.actu.fr\" title=\"D\u00e9couvez Mon Actu\" rel=\"nofollow noopener\" data-trk=\"{&quot;cta&quot;:{&quot;action&quot;:&quot;https:\\\/\\\/moncompte.actu.fr&quot;,&quot;category&quot;:&quot;mon compte&quot;,&quot;from&quot;:&quot;article footer&quot;,&quot;name&quot;:&quot;Mon actu&quot;,&quot;type&quot;:&quot;cta&quot;}}\" target=\"_blank\">Mon Actu<\/a>.<\/p>\n","protected":false},"excerpt":{"rendered":"Par Thomas Blanc Publi\u00e9 le 8 oct. 2025 \u00e0 17h42 Apr\u00e8s plusieurs alertes dans des coll\u00e8ges de la&hellip;\n","protected":false},"author":2,"featured_media":447828,"comment_status":"","ping_status":"","sticky":false,"template":"","format":"standard","meta":{"footnotes":""},"categories":[2820],"tags":[1111,11,4019,1777,674,118,1011,27,775,12,1072,25,640],"class_list":{"0":"post-447827","1":"post","2":"type-post","3":"status-publish","4":"format-standard","5":"has-post-thumbnail","7":"category-strasbourg","8":"tag-actu","9":"tag-actualites","10":"tag-ecoles","11":"tag-eu","12":"tag-europe","13":"tag-faits-divers","14":"tag-fr","15":"tag-france","16":"tag-grand-est","17":"tag-news","18":"tag-police","19":"tag-republique-francaise","20":"tag-strasbourg"},"share_on_mastodon":{"url":"https:\/\/pubeurope.com\/@fr\/115339367899382774","error":""},"_links":{"self":[{"href":"https:\/\/www.europesays.com\/fr\/wp-json\/wp\/v2\/posts\/447827","targetHints":{"allow":["GET"]}}],"collection":[{"href":"https:\/\/www.europesays.com\/fr\/wp-json\/wp\/v2\/posts"}],"about":[{"href":"https:\/\/www.europesays.com\/fr\/wp-json\/wp\/v2\/types\/post"}],"author":[{"embeddable":true,"href":"https:\/\/www.europesays.com\/fr\/wp-json\/wp\/v2\/users\/2"}],"replies":[{"embeddable":true,"href":"https:\/\/www.europesays.com\/fr\/wp-json\/wp\/v2\/comments?post=447827"}],"version-history":[{"count":0,"href":"https:\/\/www.europesays.com\/fr\/wp-json\/wp\/v2\/posts\/447827\/revisions"}],"wp:featuredmedia":[{"embeddable":true,"href":"https:\/\/www.europesays.com\/fr\/wp-json\/wp\/v2\/media\/447828"}],"wp:attachment":[{"href":"https:\/\/www.europesays.com\/fr\/wp-json\/wp\/v2\/media?parent=447827"}],"wp:term":[{"taxonomy":"category","embeddable":true,"href":"https:\/\/www.europesays.com\/fr\/wp-json\/wp\/v2\/categories?post=447827"},{"taxonomy":"post_tag","embeddable":true,"href":"https:\/\/www.europesays.com\/fr\/wp-json\/wp\/v2\/tags?post=447827"}],"curies":[{"name":"wp","href":"https:\/\/api.w.org\/{rel}","templated":true}]}}