{"id":447829,"date":"2025-10-08T15:57:20","date_gmt":"2025-10-08T15:57:20","guid":{"rendered":"https:\/\/www.europesays.com\/fr\/447829\/"},"modified":"2025-10-08T15:57:20","modified_gmt":"2025-10-08T15:57:20","slug":"a-strasbourg-les-policiers-enqueteurs-croulent-sous-30-000-affaires-en-cours","status":"publish","type":"post","link":"https:\/\/www.europesays.com\/fr\/447829\/","title":{"rendered":"\u00c0 Strasbourg, les policiers enqu\u00eateurs croulent sous 30 000 affaires en cours"},"content":{"rendered":"<p class=\"wp-block-post-excerpt__excerpt\">Des enqu\u00eateurs du syndicat Un1t\u00e9 ont tract\u00e9 place Kl\u00e9ber mercredi 8 octobre pour demander plus de moyens pour l\u2019investigation. Beaucoup ont en permanence plus de 150 dossiers en cours, dont des affaires de violences conjugales ou sexuelles. <\/p>\n<p class=\"font-sans\">\n\t\t\tCet article est en acc\u00e8s libre. Pour soutenir Rue89 Strasbourg,<br \/>\n\t\t\t<a class=\"underline\" href=\"https:\/\/www.rue89strasbourg.com\/abonnement\" rel=\"nofollow noopener\" target=\"_blank\">abonnez-vous<\/a>.\n\t\t<\/p>\n<p>Thibault Vetter<\/p>\n<p>Publi\u00e9 le 8 octobre 2025\u00a0\u00a0\u00b7\u00a0\u00a0<\/p>\n<p>Imprim\u00e9 le 8 octobre 2025 \u00e0 17h13\u00a0\u00a0\u00b7\u00a0\u00a0<\/p>\n<p>\t\t\t\t\t4\u00a0minutes\n<\/p>\n<p>\u00ab\u00a0C\u2019est inhumain pour les victimes, regrette Jocelyne, enqu\u00eatrice de la police nationale \u00e0 Strasbourg. Les gens trouvent qu\u2019on ne fait plus notre travail s\u00e9rieusement, et je les comprends. Des personnes viennent porter plainte avec un vrai traumatisme, et on n\u2019est pas capable de r\u00e9pondre dans un d\u00e9lai raisonnable. Elles finissent parfois par nous dire qu\u2019elles perdent leur temps, et qu\u2019elles ne reviendront plus \u00e0 l\u2019avenir.\u00a0\u00bb<\/p>\n<blockquote class=\"wp-block-pullquote\" id=\"quote-485316\">\n<p>\u00ab\u00a0Les enqu\u00eateurs sont d\u00e9bord\u00e9s. Malheureusement, il y a des cas de burnout.\u00a0\u00bb<\/p>\n<p>Emmanuel Georg, secr\u00e9taire d\u00e9partemental Un1t\u00e9<\/p><\/blockquote>\n<p>Jocelyne fait partie de la dizaine de membres du syndicat Un1t\u00e9, li\u00e9 \u00e0 Force ouvri\u00e8re, qui tractent ce mercredi 8 octobre place Kl\u00e9ber pour alerter la population sur le manque de moyens des services d\u2019investigation de la police. \u00ab\u00a0Nous avons 30\u00a0000 proc\u00e9dures en cours \u00e0 Strasbourg, r\u00e9sume Emmanuel Georg, secr\u00e9taire d\u00e9partemental Un1t\u00e9. \u00c7a augmente petit \u00e0 petit. En 2023 on en \u00e9tait \u00e0 27\u00a0000. Les enqu\u00eateurs sont d\u00e9bord\u00e9s. Malheureusement, il y a des cas de burnout.\u00a0\u00bb Un agent, qui souhaite rester anonyme \u00e0 cause du caract\u00e8re sensible de ses activit\u00e9s, assure travailler parfois deux semaines sans aucun jour de repos\u00a0:<\/p>\n<blockquote class=\"wp-block-quote is-layout-flow wp-block-quote-is-layout-flow\">\n<p>\u00ab\u00a0J\u2019emm\u00e8ne mon ordinateur chez moi le week-end et je continue \u00e0 faire des \u00e9coutes, \u00e0 avancer sur les affaires. J\u2019ai 300 heures suppl\u00e9mentaires et 100 jours \u00e0 r\u00e9cup\u00e9rer, mais je ne vais pas le faire sinon les dossiers ne vont pas avancer.\u00a0\u00bb<\/p>\n<\/blockquote>\n<p><a href=\"https:\/\/www.rue89strasbourg.com\/la-newsletter\" rel=\"nofollow noopener\" target=\"_blank\"><img loading=\"lazy\" decoding=\"async\" width=\"1940\" height=\"500\" src=\"https:\/\/www.europesays.com\/fr\/wp-content\/uploads\/2025\/09\/banner-desktop-970x250-1.png\" alt=\"\" class=\"wp-image-360885\" style=\"object-fit:cover;width:970px;height:250px\"  \/><\/a><\/p>\n<p>Prioriser en permanence<\/p>\n<p>Enqu\u00eateur au commissariat central de Strasbourg, Patrice traite diff\u00e9rents types de plainte\u00a0: <\/p>\n<blockquote class=\"wp-block-quote is-layout-flow wp-block-quote-is-layout-flow\">\n<p>\u00ab\u00a0Des violences sexuelles, des vols, des agressions. J\u2019ai en ce moment 170 proc\u00e9dures en cours, dont six ou sept pour violences conjugales. Ce type d\u2019affaire passe en premier. On est constamment oblig\u00e9s de prioriser selon le degr\u00e9 d\u2019urgence. Pour certaines plaintes li\u00e9es \u00e0 des cas de d\u00e9gradation par exemple, on sait tr\u00e8s bien qu\u2019on ne pourra jamais les traiter. Au bout d\u2019un an le parquet de Strasbourg va classer sans suite.\u00a0\u00bb<\/p>\n<\/blockquote>\n<p>Face \u00e0 une telle masse de travail, Patrice d\u00e9crit une sensation de \u00ab\u00a0vider l\u2019oc\u00e9an \u00e0 la petite cuill\u00e8re\u00a0\u00bb. En arrivant au commissariat le matin, il se sent parfois perdu devant la multitude d\u2019affaires\u00a0:<\/p>\n<blockquote class=\"wp-block-quote is-layout-flow wp-block-quote-is-layout-flow\">\n<p>\u00ab\u00a0Sur une journ\u00e9e, je jongle entre plusieurs dossiers\u00a0: je prends une plainte en urgence, j\u2019encha\u00eene avec une audition de t\u00e9moin, puis je me d\u00e9place \u00e0 l\u2019h\u00f4pital pour voir une victime\u2026 En plus je peux \u00eatre r\u00e9quisitionn\u00e9 sur la voie publique s\u2019il y a des besoins, par exemple lors d\u2019une manifestation.\u00a0\u00bb<\/p>\n<\/blockquote>\n<p>Les agents interview\u00e9s par Rue89 Strasbourg relatent avoir entre 140 et 200 dossiers en cours. \u00ab\u00a0C\u2019est une charge mentale immense\u00a0\u00bb, regrette Patrice. Il peine \u00e0 r\u00e9pondre quand on lui demande s\u2019il sera encore dans le m\u00e9tier dans cinq ans en l\u2019absence d\u2019am\u00e9lioration. \u00ab\u00a0Les jeunes n\u2019ont plus envie de devenir enqu\u00eateurs. Il savent qu\u2019il y a trop d\u2019heures suppl\u00e9mentaires, constate t-il. Des enqu\u00eateurs arr\u00eatent parce qu\u2019ils n\u2019en peuvent plus. Ils demandent \u00e0 changer de poste.\u00a0\u00bb<\/p>\n<p>\t\tSyst\u00e8me informatique d\u00e9fectueux<\/p>\n<p>\u00ab\u00a0C\u2019est un cercle vicieux. On est de moins en moins nombreux, donc on a de plus en plus de travail. On fait de plus en plus d\u2019heures suppl\u00e9mentaires, donc il y a de moins en moins de jeunes qui nous rejoignent, d\u00e9crit un autre policier. On gagne environ 25 euros de plus par mois en investigation par rapport au terrain. Ce n\u2019est pas suffisamment incitatif, les agents pr\u00e9f\u00e8rent \u00eatre dehors et avoir des horaires qui ne d\u00e9bordent pas\u2026\u00a0\u00bb<\/p>\n<p>Jocelyne \u00e9voque aussi les outils informatiques d\u00e9fectueux de la police\u00a0:<\/p>\n<blockquote class=\"wp-block-quote is-layout-flow wp-block-quote-is-layout-flow\">\n<p>\u00ab\u00a0Encore hier on a eu un bug g\u00e9n\u00e9ralis\u00e9. C\u2019est quasi quotidien. Souvent, on doit recommencer une proc\u00e9dure \u00e0 cause de \u00e7a, parce que tout s\u2019efface. \u00c7a peut arriver qu\u2019une victime de viol soit en train de d\u00e9poser une plainte depuis deux heures et qu\u2019on soit oblig\u00e9s de lui dire qu\u2019il faut recommencer.\u00a0\u00bb<\/p>\n<\/blockquote>\n<p>Dans leur tract et leurs \u00e9changes avec les passants, les policiers insistent sur les impact sur les plaignants\u00a0: \u00ab\u00a0Nous tirons la sonnette d\u2019alarme pour les victimes, trop souvent laiss\u00e9es seules face \u00e0 leurs agresseurs.\u00a0\u00bb Rue89 Strasbourg publiait <a href=\"https:\/\/www.rue89strasbourg.com\/dossier\/victimes-viol-suspens-face-police\" target=\"_blank\" rel=\"noreferrer noopener nofollow\">une enqu\u00eate<\/a> en juin au sujet de l\u2019attente qui pouvait durer plusieurs ann\u00e9es pour les victimes de violences sexuelles et d\u2019incestes. \u00ab\u00a0C\u2019est tr\u00e8s dur de se sentir impuissant face \u00e0 des personnes en souffrance. Ce m\u00e9tier, on le fait par vocation\u00a0\u00bb, t\u00e9moigne Patrice.<\/p>\n<p><img loading=\"lazy\" decoding=\"async\" width=\"792\" height=\"528\" src=\"https:\/\/www.europesays.com\/fr\/wp-content\/uploads\/2025\/10\/54840813546-797f9ca16d-k-792x528.jpg\" alt=\"\" class=\"wp-image-362899\"  \/> Comme pour n\u2019importe quel tractage, l\u2019accueil des passants est contrast\u00e9 mais les revendications des militants sont souvent soutenues.Photo\u00a0: Thibault Vetter \/ Rue89 Strasbourg<\/p>\n<p>Un1t\u00e9 demande 50 enqu\u00eateurs en plus \u00e0 Strasbourg<\/p>\n<p>Concr\u00e8tement, Un1t\u00e9 demande une cinquantaine de policiers suppl\u00e9mentaires affect\u00e9s aux enqu\u00eates \u00e0 Strasbourg. Emmanuel Georg pr\u00e9cise\u00a0: \u00ab\u00a0Ils sont environ 350 aujourd\u2019hui. Il s\u2019agit de pouvoir r\u00e9pondre notamment \u00e0 l\u2019augmentation des proc\u00e9dures li\u00e9e \u00e0 la lib\u00e9ration de la parole des victimes de violences sexuelles.\u00a0\u00bb D\u2019apr\u00e8s Sandra Dhome, cheffe d\u2019\u00e9tat-major \u00e0 la police nationale du Bas-Rhin interrog\u00e9e en juin, une assistante sociale du commissariat de Strasbourg recevait entre 1 200 et 1 400 victimes de violences sexuelles en 2015 contre 2\u00a0000 en 2024.<\/p>\n<p>\u00ab\u00a0Sur une journ\u00e9e de week-end, on enregistre en moyenne dix plaintes pour viol \u00e0 l\u2019h\u00f4tel de police d\u00e9sormais\u00a0\u00bb, d\u00e9clarait-elle. \u00ab\u00a0Comme pour le manque de moyens dans les autres services publics, c\u2019est la population qui trinque, d\u00e9plore Emmanuel Georg. Notre hi\u00e9rarchie \u00e0 Strasbourg fait avec ce qu\u2019elle a. C\u2019est du minist\u00e8re de l\u2019Int\u00e9rieur que \u00e7a doit venir.\u00a0\u00bb<\/p>\n","protected":false},"excerpt":{"rendered":"Des enqu\u00eateurs du syndicat Un1t\u00e9 ont tract\u00e9 place Kl\u00e9ber mercredi 8 octobre pour demander plus de moyens pour&hellip;\n","protected":false},"author":2,"featured_media":447830,"comment_status":"","ping_status":"","sticky":false,"template":"","format":"standard","meta":{"footnotes":""},"categories":[2820],"tags":[1111,11,1777,674,1011,27,775,2088,12,1072,11855,4843,25,640],"class_list":{"0":"post-447829","1":"post","2":"type-post","3":"status-publish","4":"format-standard","5":"has-post-thumbnail","7":"category-strasbourg","8":"tag-actu","9":"tag-actualites","10":"tag-eu","11":"tag-europe","12":"tag-fr","13":"tag-france","14":"tag-grand-est","15":"tag-manifestation","16":"tag-news","17":"tag-police","18":"tag-police-judiciaire","19":"tag-police-nationale","20":"tag-republique-francaise","21":"tag-strasbourg"},"share_on_mastodon":{"url":"https:\/\/pubeurope.com\/@fr\/115339372257184350","error":""},"_links":{"self":[{"href":"https:\/\/www.europesays.com\/fr\/wp-json\/wp\/v2\/posts\/447829","targetHints":{"allow":["GET"]}}],"collection":[{"href":"https:\/\/www.europesays.com\/fr\/wp-json\/wp\/v2\/posts"}],"about":[{"href":"https:\/\/www.europesays.com\/fr\/wp-json\/wp\/v2\/types\/post"}],"author":[{"embeddable":true,"href":"https:\/\/www.europesays.com\/fr\/wp-json\/wp\/v2\/users\/2"}],"replies":[{"embeddable":true,"href":"https:\/\/www.europesays.com\/fr\/wp-json\/wp\/v2\/comments?post=447829"}],"version-history":[{"count":0,"href":"https:\/\/www.europesays.com\/fr\/wp-json\/wp\/v2\/posts\/447829\/revisions"}],"wp:featuredmedia":[{"embeddable":true,"href":"https:\/\/www.europesays.com\/fr\/wp-json\/wp\/v2\/media\/447830"}],"wp:attachment":[{"href":"https:\/\/www.europesays.com\/fr\/wp-json\/wp\/v2\/media?parent=447829"}],"wp:term":[{"taxonomy":"category","embeddable":true,"href":"https:\/\/www.europesays.com\/fr\/wp-json\/wp\/v2\/categories?post=447829"},{"taxonomy":"post_tag","embeddable":true,"href":"https:\/\/www.europesays.com\/fr\/wp-json\/wp\/v2\/tags?post=447829"}],"curies":[{"name":"wp","href":"https:\/\/api.w.org\/{rel}","templated":true}]}}