{"id":447835,"date":"2025-10-08T16:00:59","date_gmt":"2025-10-08T16:00:59","guid":{"rendered":"https:\/\/www.europesays.com\/fr\/447835\/"},"modified":"2025-10-08T16:00:59","modified_gmt":"2025-10-08T16:00:59","slug":"des-agents-de-service-de-la-gare-de-nantes-defendent-leurs-droits-face-au-nouveau-sous-traitant","status":"publish","type":"post","link":"https:\/\/www.europesays.com\/fr\/447835\/","title":{"rendered":"Des agents de service de la gare de Nantes d\u00e9fendent leurs droits face au nouveau sous-traitant"},"content":{"rendered":"<p>Elle dit n\u2019avoir jamais vu \u00e7a en quatorze ans de m\u00e9tier. En l\u2019occurrence, un transfert de sous-traitance <strong>\u00ab\u00a0qui porte atteinte aux acquis sociaux\u00a0\u00bb<\/strong> <strong>.<\/strong> Avec dix coll\u00e8gues en CDI et treize en CDD, Julie (1), agente de service en <a href=\"https:\/\/nantes.maville.com\/actu\/actudet_-viree-parce-qu-elle-ne-pouvait-pas-embaucher-a-4-h-15-a-la-gare-l-agente-de-securite-gagne-en-appel-_8-6658984_actu.Htm\" target=\"_self\" rel=\"nofollow noopener\">gare de Nantes (Loire-Atlantique)<\/a>, accompagne les voyageurs \u00e2g\u00e9s ou handicap\u00e9s (une centaine par jour en moyenne) jusqu\u2019\u00e0 leur train ou la sortie de la gare.<\/p>\n<p>Sac oubli\u00e9, v\u00eatement perdu\u2026 Elle r\u00e9cup\u00e8re et r\u00e9pertorie \u00e9galement les objets trouv\u00e9s. Il n\u2019y a pas si longtemps, SNCF gares et connexions g\u00e9rait elle-m\u00eame ces deux services gratuits. Jusqu\u2019\u00e0 ce qu\u2019elle fasse appel \u00e0 la sous-traitance.<\/p>\n<p>Menace de gr\u00e8ve<\/p>\n<p>Il y a cinq ans, Py Facility, filiale de la soci\u00e9t\u00e9 La Pyr\u00e9n\u00e9enne, a remport\u00e9 le premier appel d\u2019offres. Cinq ans plus tard, le groupe Onet d\u00e9croche le march\u00e9. Or l\u2019entreprise, qui interviendra en gare de Nantes \u00e0 partir du 1er\u00a0novembre, a f\u00e2ch\u00e9 les agents concern\u00e9s.<\/p>\n<p>Ce qui coince\u00a0: <strong>\u00ab\u00a0Onet refuse d\u2019appliquer l\u2019article\u00a01224-1 du Code civil\u00a0\u00bb,<\/strong> explique Julie. Le texte en question impose le transfert automatique des contrats de travail des salari\u00e9s aupr\u00e8s du b\u00e9n\u00e9ficiaire. <strong>\u00ab\u00a0Onet veut appliquer la convention collective qui nous est moins avantageuse\u00a0\u00bb,<\/strong> pr\u00e9cise Julie, qui a refus\u00e9 de signer un nouveau contrat avec le repreneur. Elle redoute par exemple que le treizi\u00e8me mois ne soit plus vers\u00e9 ainsi que les dimanches pay\u00e9s double.<\/p>\n<p>Soutenus par les syndicats et les cheminots, les employ\u00e9s ont contact\u00e9 un avocat expert en droit du travail et l\u2019inspection du travail. Des n\u00e9gociations sont en cours entre Onet et Py Facility. Faute <strong>\u00ab\u00a0d\u2019issue favorable\u00a0\u00bb<\/strong>, les agents de service annoncent faire gr\u00e8ve lundi 13\u00a0octobre.<\/p>\n<p>(1) Pr\u00e9nom d\u2019emprunt.<\/p>\n<p>\u00a0<\/p>\n","protected":false},"excerpt":{"rendered":"Elle dit n\u2019avoir jamais vu \u00e7a en quatorze ans de m\u00e9tier. En l\u2019occurrence, un transfert de sous-traitance \u00ab\u00a0qui&hellip;\n","protected":false},"author":2,"featured_media":447836,"comment_status":"","ping_status":"","sticky":false,"template":"","format":"standard","meta":{"footnotes":""},"categories":[2818],"tags":[1111,11,6891,57350,2483,1777,674,2823,1011,27,7533,766,12,4565,2636,25,3737,57351],"class_list":{"0":"post-447835","1":"post","2":"type-post","3":"status-publish","4":"format-standard","5":"has-post-thumbnail","7":"category-nantes","8":"tag-actu","9":"tag-actualites","10":"tag-agents","11":"tag-defendent","12":"tag-droits","13":"tag-eu","14":"tag-europe","15":"tag-face","16":"tag-fr","17":"tag-france","18":"tag-gare","19":"tag-nantes","20":"tag-news","21":"tag-nouveau","22":"tag-pays-de-la-loire","23":"tag-republique-francaise","24":"tag-service","25":"tag-sous-traitant"},"share_on_mastodon":{"url":"https:\/\/pubeurope.com\/@fr\/115339387416021407","error":""},"_links":{"self":[{"href":"https:\/\/www.europesays.com\/fr\/wp-json\/wp\/v2\/posts\/447835","targetHints":{"allow":["GET"]}}],"collection":[{"href":"https:\/\/www.europesays.com\/fr\/wp-json\/wp\/v2\/posts"}],"about":[{"href":"https:\/\/www.europesays.com\/fr\/wp-json\/wp\/v2\/types\/post"}],"author":[{"embeddable":true,"href":"https:\/\/www.europesays.com\/fr\/wp-json\/wp\/v2\/users\/2"}],"replies":[{"embeddable":true,"href":"https:\/\/www.europesays.com\/fr\/wp-json\/wp\/v2\/comments?post=447835"}],"version-history":[{"count":0,"href":"https:\/\/www.europesays.com\/fr\/wp-json\/wp\/v2\/posts\/447835\/revisions"}],"wp:featuredmedia":[{"embeddable":true,"href":"https:\/\/www.europesays.com\/fr\/wp-json\/wp\/v2\/media\/447836"}],"wp:attachment":[{"href":"https:\/\/www.europesays.com\/fr\/wp-json\/wp\/v2\/media?parent=447835"}],"wp:term":[{"taxonomy":"category","embeddable":true,"href":"https:\/\/www.europesays.com\/fr\/wp-json\/wp\/v2\/categories?post=447835"},{"taxonomy":"post_tag","embeddable":true,"href":"https:\/\/www.europesays.com\/fr\/wp-json\/wp\/v2\/tags?post=447835"}],"curies":[{"name":"wp","href":"https:\/\/api.w.org\/{rel}","templated":true}]}}