{"id":447839,"date":"2025-10-08T16:03:11","date_gmt":"2025-10-08T16:03:11","guid":{"rendered":"https:\/\/www.europesays.com\/fr\/447839\/"},"modified":"2025-10-08T16:03:11","modified_gmt":"2025-10-08T16:03:11","slug":"comment-le-cabinet-de-conseil-rh-et-de-formation-inside-reduit-son-empreinte-numerique","status":"publish","type":"post","link":"https:\/\/www.europesays.com\/fr\/447839\/","title":{"rendered":"comment le cabinet de conseil RH et de formation Inside r\u00e9duit son empreinte num\u00e9rique"},"content":{"rendered":"<p class=\"legende\">\n\t\t\t\t\t\t\t\t\t\u00c9quipe exclusivement f\u00e9minine aussi d&rsquo;Inside &#8211; R\u00e9v\u00e9lateur de Talents. Cr\u00e9dit : Inside\n\t\t\t\t\t\t\t\t<\/p>\n<p class=\"excerpt\">Inside &#8211; R\u00e9v\u00e9lateur de Talents s\u2019est engag\u00e9, lors du salon R\u00e9solution 2025, \u00e0 \u00e9coconcevoir ses supports de formation. Au-del\u00e0, c\u2019est tout le sujet du num\u00e9rique responsable qui se pose. Ce mois-ci, l&rsquo;Observatoire des engagements RSE en Nouvelle-Aquitaine, en partenariat avec Caisse d\u2019\u00c9pargne Aquitaine Poitou-Charentes, se penche sur cette action.<\/p>\n<p>Cet article premium vous int\u00e9resse ?<\/p>\n<p>Rejoignez nos 1000 adh\u00e9rents<\/p>\n<p>\n\t\t\t\t\t\t\t\t\t\t\t\t\t\tGagnez en visibilit\u00e9 et profitez d\u2019un r\u00e9seau de plusieurs centaines d\u2019adh\u00e9rents.\n\t\t\t\t\t\t\t\t\t\t\t\t\t<\/p>\n","protected":false},"excerpt":{"rendered":"\u00c9quipe exclusivement f\u00e9minine aussi d&rsquo;Inside &#8211; R\u00e9v\u00e9lateur de Talents. Cr\u00e9dit : Inside Inside &#8211; R\u00e9v\u00e9lateur de Talents s\u2019est&hellip;\n","protected":false},"author":2,"featured_media":447840,"comment_status":"","ping_status":"","sticky":false,"template":"","format":"standard","meta":{"footnotes":""},"categories":[2817],"tags":[1111,11,1997,1777,674,1011,27,12,2219,5645,25],"class_list":{"0":"post-447839","1":"post","2":"type-post","3":"status-publish","4":"format-standard","5":"has-post-thumbnail","7":"category-bordeaux","8":"tag-actu","9":"tag-actualites","10":"tag-bordeaux","11":"tag-eu","12":"tag-europe","13":"tag-fr","14":"tag-france","15":"tag-news","16":"tag-nouvelle-aquitaine","17":"tag-placco-placeco","18":"tag-republique-francaise"},"share_on_mastodon":{"url":"https:\/\/pubeurope.com\/@fr\/115339395356705679","error":""},"_links":{"self":[{"href":"https:\/\/www.europesays.com\/fr\/wp-json\/wp\/v2\/posts\/447839","targetHints":{"allow":["GET"]}}],"collection":[{"href":"https:\/\/www.europesays.com\/fr\/wp-json\/wp\/v2\/posts"}],"about":[{"href":"https:\/\/www.europesays.com\/fr\/wp-json\/wp\/v2\/types\/post"}],"author":[{"embeddable":true,"href":"https:\/\/www.europesays.com\/fr\/wp-json\/wp\/v2\/users\/2"}],"replies":[{"embeddable":true,"href":"https:\/\/www.europesays.com\/fr\/wp-json\/wp\/v2\/comments?post=447839"}],"version-history":[{"count":0,"href":"https:\/\/www.europesays.com\/fr\/wp-json\/wp\/v2\/posts\/447839\/revisions"}],"wp:featuredmedia":[{"embeddable":true,"href":"https:\/\/www.europesays.com\/fr\/wp-json\/wp\/v2\/media\/447840"}],"wp:attachment":[{"href":"https:\/\/www.europesays.com\/fr\/wp-json\/wp\/v2\/media?parent=447839"}],"wp:term":[{"taxonomy":"category","embeddable":true,"href":"https:\/\/www.europesays.com\/fr\/wp-json\/wp\/v2\/categories?post=447839"},{"taxonomy":"post_tag","embeddable":true,"href":"https:\/\/www.europesays.com\/fr\/wp-json\/wp\/v2\/tags?post=447839"}],"curies":[{"name":"wp","href":"https:\/\/api.w.org\/{rel}","templated":true}]}}