{"id":447843,"date":"2025-10-08T16:05:16","date_gmt":"2025-10-08T16:05:16","guid":{"rendered":"https:\/\/www.europesays.com\/fr\/447843\/"},"modified":"2025-10-08T16:05:16","modified_gmt":"2025-10-08T16:05:16","slug":"5-km-de-difficultes-sur-la-rocade-ouest-de-toulouse-ce-mercredi","status":"publish","type":"post","link":"https:\/\/www.europesays.com\/fr\/447843\/","title":{"rendered":"5 km de difficult\u00e9s sur la rocade Ouest de Toulouse, ce mercredi"},"content":{"rendered":"<p><strong>Plusieurs bouchons sont signal\u00e9s sur l\u2019A620, la rocade Ouest de Toulouse, ce mercredi 9 octobre, \u00e0 l\u2019heure des trajets travail-domicile. Le Journal Toulousain surveille l\u2019\u00e9volution du trafic.<\/strong><\/p>\n<p>18h00 : ralentissement sur le p\u00e9riph\u00e9rique int\u00e9rieur dans le Sud \u00e0 Toulouse <\/p>\n<p>La circulation est actuellement ralentie sur l\u2019A620, dans le sens int\u00e9rieur, entre Montaudran et l\u2019\u00eele du Ramier.<\/p>\n<p>17h55 : trafic perturb\u00e9 sur l\u2019A621 entre Blagnac et Toulouse <\/p>\n<p>Des bouchons et des ralentissements sont en cours sur l\u2019A621, depuis l\u2019a\u00e9roport de Blagnac jusqu\u2019\u00e0 la jonction avec la rocade toulousaine. La circulation est dense sur l\u2019ensemble du tron\u00e7on.<\/p>\n<p>17h50 : gros ralentissement sur la rocade Est <\/p>\n<p>En cons\u00e9quence de l\u2019accident survenu plus t\u00f4t, la circulation est ralentie sur pr\u00e8s de dix kilom\u00e8tres dans le sens ext\u00e9rieur de l\u2019A61, entre le secteur le Palays et la bifurcation avec l\u2019A68. Plus en amont, des bouchons sont aussi en cours sur la D916. <\/p>\n<p>17h45 : bouchons sur l\u2019A624 et la N124 entre Toulouse et Colomiers <\/p>\n<p>La circulation est fortement ralentie dans les deux sens : <\/p>\n<ul class=\"wp-block-list\">\n<li>De Toulouse vers Colomiers, les bouchons s\u2019\u00e9tendent du secteur du Fil d\u2019Ariane jusqu\u2019\u00e0 la sortie 5 (ZAC du Perget).<\/li>\n<li>En sens inverse, de Colomiers vers Toulouse, le trafic est perturb\u00e9 entre la sortie 3 (Ramassiers) et la jonction avec la rocade.<\/li>\n<\/ul>\n<p>17h40 : ralentissements sur l\u2019A64, dans le Sud-Ouest de la ville<\/p>\n<ul class=\"wp-block-list\">\n<li>Dans le sens Toulouse vers Bayonne, la circulation est ralentie sur deux kilom\u00e8tres, d\u00e8s la sortie de la rocade. <\/li>\n<li>Dans le sens Bayonne vers Toulouse, un ralentissement de 1,2 km est en cours \u00e0 l\u2019approche de l\u2019agglom\u00e9ration.<\/li>\n<\/ul>\n<p>17h35 : accident sur l\u2019A62, sens ext\u00e9rieur<\/p>\n<p>Un accident impliquant deux v\u00e9hicules l\u00e9gers est en cours sur l\u2019A62, dans le sens ext\u00e9rieur, au niveau du PR 229, pr\u00e8s de la sortie 14. L\u2019accident s\u2019est produit sur la voie de droite, avec une neutralisation partielle de la chauss\u00e9e. Les voitures passent sur les deux voies de gauche. Circulation perturb\u00e9e dans le secteur.<\/p>\n<p>17h30 : ralentissement inhabituel sur l\u2019A61, sens int\u00e9rieur<\/p>\n<p>La circulation est ralentie sur plus de deux kilom\u00e8tres entre la bifurcation avec l\u2019A68 et la sortie 16 Soupetard, dans le sens int\u00e9rieur de l\u2019A61. Ce secteur est rarement embouteill\u00e9 \u00e0 cette heure-ci.<\/p>\n<p>17h25 : forte congestion sur la rocade Ouest \u00e0 Toulouse <\/p>\n<p>La situation se d\u00e9grade progressivement sur l\u2019A620 :<\/p>\n<ul class=\"wp-block-list\">\n<li>Dans le sens ext\u00e9rieur, un bouchon de quatre kilom\u00e8tres est en cours entre la bifurcation avec l\u2019A624 (secteur Purpan) et celle avec l\u2019A64 (secteur Langlade). <\/li>\n<li>En sens int\u00e9rieur, la circulation est \u00e9galement ralentie sur pr\u00e8s de deux kilom\u00e8tres entre la bifurcation avec l\u2019A624 et le secteur du port de l\u2019Embouchure.<\/li>\n<\/ul>\n<p>17h15 : l\u2019\u00e9tat du trafic en ce moment dans la r\u00e9gion toulousain<\/p>\n<p><img fetchpriority=\"high\" decoding=\"async\" width=\"1200\" height=\"675\" src=\"https:\/\/www.europesays.com\/fr\/wp-content\/uploads\/2025\/10\/carte-trafic-2.png\" alt=\"Le JT accompagne l'\u00e9volution du trafic \u00e0 Toulouse.\"  \/><\/p>\n<p>Le trafic dans l\u2019agglom\u00e9ration de Toulouse ce mercredi 8 octobre \u00e0 17h15. \u00a9 2025 Google<\/p>\n","protected":false},"excerpt":{"rendered":"Plusieurs bouchons sont signal\u00e9s sur l\u2019A620, la rocade Ouest de Toulouse, ce mercredi 9 octobre, \u00e0 l\u2019heure des&hellip;\n","protected":false},"author":2,"featured_media":447844,"comment_status":"","ping_status":"","sticky":false,"template":"","format":"standard","meta":{"footnotes":""},"categories":[2816],"tags":[1111,11,57353,1777,674,1011,27,12,2680,25,2312,57352],"class_list":{"0":"post-447843","1":"post","2":"type-post","3":"status-publish","4":"format-standard","5":"has-post-thumbnail","7":"category-toulouse","8":"tag-actu","9":"tag-actualites","10":"tag-ce-mercredi","11":"tag-eu","12":"tag-europe","13":"tag-fr","14":"tag-france","15":"tag-news","16":"tag-occitanie","17":"tag-republique-francaise","18":"tag-toulouse","19":"tag-trafic-5-km-de-difficultu00e9s-sur-la-rocade-ouest-de-toulouse"},"share_on_mastodon":{"url":"https:\/\/pubeurope.com\/@fr\/115339403698504943","error":""},"_links":{"self":[{"href":"https:\/\/www.europesays.com\/fr\/wp-json\/wp\/v2\/posts\/447843","targetHints":{"allow":["GET"]}}],"collection":[{"href":"https:\/\/www.europesays.com\/fr\/wp-json\/wp\/v2\/posts"}],"about":[{"href":"https:\/\/www.europesays.com\/fr\/wp-json\/wp\/v2\/types\/post"}],"author":[{"embeddable":true,"href":"https:\/\/www.europesays.com\/fr\/wp-json\/wp\/v2\/users\/2"}],"replies":[{"embeddable":true,"href":"https:\/\/www.europesays.com\/fr\/wp-json\/wp\/v2\/comments?post=447843"}],"version-history":[{"count":0,"href":"https:\/\/www.europesays.com\/fr\/wp-json\/wp\/v2\/posts\/447843\/revisions"}],"wp:featuredmedia":[{"embeddable":true,"href":"https:\/\/www.europesays.com\/fr\/wp-json\/wp\/v2\/media\/447844"}],"wp:attachment":[{"href":"https:\/\/www.europesays.com\/fr\/wp-json\/wp\/v2\/media?parent=447843"}],"wp:term":[{"taxonomy":"category","embeddable":true,"href":"https:\/\/www.europesays.com\/fr\/wp-json\/wp\/v2\/categories?post=447843"},{"taxonomy":"post_tag","embeddable":true,"href":"https:\/\/www.europesays.com\/fr\/wp-json\/wp\/v2\/tags?post=447843"}],"curies":[{"name":"wp","href":"https:\/\/api.w.org\/{rel}","templated":true}]}}