{"id":447860,"date":"2025-10-08T16:15:20","date_gmt":"2025-10-08T16:15:20","guid":{"rendered":"https:\/\/www.europesays.com\/fr\/447860\/"},"modified":"2025-10-08T16:15:20","modified_gmt":"2025-10-08T16:15:20","slug":"le-ghana-revele-le-deal-passe-avec-les-etats-unis","status":"publish","type":"post","link":"https:\/\/www.europesays.com\/fr\/447860\/","title":{"rendered":"le Ghana r\u00e9v\u00e8le le \u00ab\u00a0deal\u00a0\u00bb pass\u00e9 avec les Etats-Unis"},"content":{"rendered":"<p>                         <img loading=\"lazy\" decoding=\"async\" src=\"https:\/\/www.europesays.com\/fr\/wp-content\/uploads\/2025\/10\/dc35e59_upload-1-jr55cykveyae-557973342-1341513223996414-3608402950649944689-n.jpg\" alt=\"Samuel Okudzeto Ablakwa, le ministre ghan\u00e9en des affaires \u00e9trang\u00e8res.\"   width=\"664\" height=\"443\"\/>    Samuel Okudzeto Ablakwa, le ministre ghan\u00e9en des affaires \u00e9trang\u00e8res.  SAMUEL OKUDZETO ABLAKWA \/ FACEBOOK                 <\/p>\n<p class=\"article__paragraph  \">Le ministre ghan\u00e9en des affaires \u00e9trang\u00e8res, Samuel Okudzeto Ablakwa, a fini par le reconna\u00eetre\u00a0: si son pays a pu obtenir la lev\u00e9e des restrictions sur les visas annonc\u00e9es par Washington en juillet, c\u2019est parce qu\u2019un accord a \u00e9t\u00e9 pass\u00e9, <a href=\"https:\/\/www.lemonde.fr\/international\/article\/2025\/09\/11\/le-president-du-ghana-annonce-que-son-pays-accepte-d-accueillir-des-africains-de-l-ouest-expulses-des-etats-unis_6640357_3210.html\" rel=\"nofollow noopener\" target=\"_blank\">portant notamment sur l\u2019accueil de migrants expuls\u00e9s des Etats-Unis<\/a>. \u00ab\u00a0Ils nous ont demand\u00e9 de les aider \u00e0 g\u00e9rer le probl\u00e8me migratoire. Apr\u00e8s avoir consult\u00e9 le pr\u00e9sident John Dramani Mahama [\u2026] nous leur avons r\u00e9pondu que nous accepterions seulement des ressortissants ouest-africains\u00a0\u00bb, a d\u00e9clar\u00e9 le chef de la diplomatie ghan\u00e9enne sur le plateau de la cha\u00eene TV3 Ghana, samedi 4\u00a0octobre.<\/p>\n<p>   Lire plus tard  <\/p>\n<p class=\"article__paragraph  \">Le 5\u00a0septembre, quatorze ressortissants originaires de pays tiers de la Communaut\u00e9 \u00e9conomique des Etats de l\u2019Afrique de l\u2019Ouest (Cedeao) sont en effet arriv\u00e9s au Ghana, <a href=\"https:\/\/www.lemonde.fr\/afrique\/article\/2025\/10\/03\/des-africains-expulses-des-etats-unis-vers-le-ghana-abandonnes-sans-papiers-au-togo_6644254_3212.html\" rel=\"nofollow noopener\" target=\"_blank\">avant que certains ne soient envoy\u00e9s vers le Togo, quinze jours plus tard, dans des conditions opaques<\/a>. Mais jusque-l\u00e0, les autorit\u00e9s ghan\u00e9ennes avaient toujours ni\u00e9 avoir re\u00e7u une quelconque contrepartie \u00e0 l\u2019accueil de migrants, tout comme les autres pays africains ayant accept\u00e9 de recevoir des personnes expuls\u00e9es des Etats-Unis.<\/p>\n<p class=\"reading-mode-only \"><strong>Il vous reste 73.62% de cet article \u00e0 lire. La suite est r\u00e9serv\u00e9e aux abonn\u00e9s.<\/strong><\/p>\n","protected":false},"excerpt":{"rendered":"Samuel Okudzeto Ablakwa, le ministre ghan\u00e9en des affaires \u00e9trang\u00e8res. SAMUEL OKUDZETO ABLAKWA \/ FACEBOOK Le ministre ghan\u00e9en des&hellip;\n","protected":false},"author":2,"featured_media":447861,"comment_status":"","ping_status":"","sticky":false,"template":"","format":"standard","meta":{"footnotes":""},"categories":[1888],"tags":[1111,1928,11,1927,1777,674,1011,27,12,1926,626,1925,25],"class_list":{"0":"post-447860","1":"post","2":"type-post","3":"status-publish","4":"format-standard","5":"has-post-thumbnail","7":"category-paris","8":"tag-actu","9":"tag-actu-paris","10":"tag-actualites","11":"tag-actualites-paris","12":"tag-eu","13":"tag-europe","14":"tag-fr","15":"tag-france","16":"tag-news","17":"tag-news-paris","18":"tag-paris","19":"tag-paris-news","20":"tag-republique-francaise"},"share_on_mastodon":{"url":"https:\/\/pubeurope.com\/@fr\/115339443267787656","error":""},"_links":{"self":[{"href":"https:\/\/www.europesays.com\/fr\/wp-json\/wp\/v2\/posts\/447860","targetHints":{"allow":["GET"]}}],"collection":[{"href":"https:\/\/www.europesays.com\/fr\/wp-json\/wp\/v2\/posts"}],"about":[{"href":"https:\/\/www.europesays.com\/fr\/wp-json\/wp\/v2\/types\/post"}],"author":[{"embeddable":true,"href":"https:\/\/www.europesays.com\/fr\/wp-json\/wp\/v2\/users\/2"}],"replies":[{"embeddable":true,"href":"https:\/\/www.europesays.com\/fr\/wp-json\/wp\/v2\/comments?post=447860"}],"version-history":[{"count":0,"href":"https:\/\/www.europesays.com\/fr\/wp-json\/wp\/v2\/posts\/447860\/revisions"}],"wp:featuredmedia":[{"embeddable":true,"href":"https:\/\/www.europesays.com\/fr\/wp-json\/wp\/v2\/media\/447861"}],"wp:attachment":[{"href":"https:\/\/www.europesays.com\/fr\/wp-json\/wp\/v2\/media?parent=447860"}],"wp:term":[{"taxonomy":"category","embeddable":true,"href":"https:\/\/www.europesays.com\/fr\/wp-json\/wp\/v2\/categories?post=447860"},{"taxonomy":"post_tag","embeddable":true,"href":"https:\/\/www.europesays.com\/fr\/wp-json\/wp\/v2\/tags?post=447860"}],"curies":[{"name":"wp","href":"https:\/\/api.w.org\/{rel}","templated":true}]}}