{"id":447862,"date":"2025-10-08T16:16:14","date_gmt":"2025-10-08T16:16:14","guid":{"rendered":"https:\/\/www.europesays.com\/fr\/447862\/"},"modified":"2025-10-08T16:16:14","modified_gmt":"2025-10-08T16:16:14","slug":"vive-passe-darmes-entre-anne-hidalgo-et-rachida-dati-au-conseil-de-paris","status":"publish","type":"post","link":"https:\/\/www.europesays.com\/fr\/447862\/","title":{"rendered":"Vive passe d\u2019armes entre Anne Hidalgo et Rachida Dati au Conseil de Paris"},"content":{"rendered":"<p class=\"mb-4 text-lg md:leading-8 break-words\"><strong>\u00c0 couteaux tir\u00e9s &#8211; Alors que la ministre d\u00e9missionnaire de la Culture attaquait la maire de Paris au sujet des frais de mandat r\u00e9v\u00e9l\u00e9s par Lib\u00e9ration, Anne Hidalgo a contre-attaqu\u00e9 en visant Rachida Dati au sujet des accusations de corruption qui planent sur elle<\/strong><\/p>\n<p class=\"mb-4 text-lg md:leading-8 break-words\">Dati attaque, Hidalgo contre-attaque. Depuis les \u00e9lections municipales de 2020, <a href=\"https:\/\/www.20minutes.fr\/politique\/rachida_dati?at_medium=RSS%20feed&amp;at_campaign=ynews&amp;utm_source=yahoo&amp;utm_medium=rss&amp;utm_campaign=news_feed&amp;utm_content=in_article_link\" rel=\"nofollow noopener\" target=\"_blank\" data-ylk=\"slk:Rachida Dati;elm:context_link;itc:0;sec:content-canvas\" class=\"link \">Rachida Dati<\/a> et le groupe Changer Paris ont choisi une strat\u00e9gie ultraoffensive en <a href=\"https:\/\/www.20minutes.fr\/dossier\/conseil_de_paris?at_medium=RSS%20feed&amp;at_campaign=ynews&amp;utm_source=yahoo&amp;utm_medium=rss&amp;utm_campaign=news_feed&amp;utm_content=in_article_link\" rel=\"nofollow noopener\" target=\"_blank\" data-ylk=\"slk:Conseil de Paris;elm:context_link;itc:0;sec:content-canvas\" class=\"link \">Conseil de Paris<\/a>. Une strat\u00e9gie \u00ab tonique \u00bb selon son propre camp, \u00ab violente et de bord\u00e9lisation \u00bb, selon la majorit\u00e9 municipale. Ce mercredi, en Conseil de Paris, Rachida Dati a de nouveau attaqu\u00e9 <a href=\"https:\/\/www.20minutes.fr\/dossier\/anne_hidalgo?at_medium=RSS%20feed&amp;at_campaign=ynews&amp;utm_source=yahoo&amp;utm_medium=rss&amp;utm_campaign=news_feed&amp;utm_content=in_article_link\" rel=\"nofollow noopener\" target=\"_blank\" data-ylk=\"slk:Anne Hidalgo;elm:context_link;itc:0;sec:content-canvas\" class=\"link \">Anne Hidalgo<\/a> qui ne s\u2019est pas fait prier pour r\u00e9pliquer de mani\u00e8re cinglante.<\/p>\n<p class=\"mb-4 text-lg md:leading-8 break-words\">\u00c0 l\u2019occasion d\u2019une intervention sur l\u2019\u00e9ducation dans la capitale, la ministre de la Culture en a profit\u00e9 pour lancer de nouvelles banderilles \u00e0 Anne Hidalgo au sujet <a href=\"https:\/\/www.20minutes.fr\/paris\/4173832-20250918-robes-dior-voyages-dispendieux-anne-hidalgo-epinglee-depenses-manque-transparence?at_medium=RSS%20feed&amp;at_campaign=ynews&amp;utm_source=yahoo&amp;utm_medium=rss&amp;utm_campaign=news_feed&amp;utm_content=in_article_link\" rel=\"nofollow noopener\" target=\"_blank\" data-ylk=\"slk:des r\u00e9v\u00e9lations sur les frais de mandat;elm:context_link;itc:0;sec:content-canvas\" class=\"link \">des r\u00e9v\u00e9lations sur les frais de mandat<\/a> des \u00e9lus parisiens : \u00ab Vous parlez de la pr\u00e9carit\u00e9 \u00e9tudiante [\u2026] Mais vous, vous n\u2019\u00eates pas choqu\u00e9s par les pr\u00e8s de 10.000 euros de frais de pressing et de repas familiaux pay\u00e9s par l\u2019argent des Parisiens pour Monsieur <a href=\"https:\/\/www.20minutes.fr\/politique\/4176981-20251003-pantalon-ski-menu-enfant-bols-achats-defrayes-plus-etonnants-maires-arrondissement-paris?at_medium=RSS%20feed&amp;at_campaign=ynews&amp;utm_source=yahoo&amp;utm_medium=rss&amp;utm_campaign=news_feed&amp;utm_content=in_article_link\" rel=\"nofollow noopener\" target=\"_blank\" data-ylk=\"slk:Eric Lejoindre;elm:context_link;itc:0;sec:content-canvas\" class=\"link \">Eric Lejoindre<\/a> ? \u00bb<\/p>\n<p>\u00ab Je vous mets au d\u00e9fi [\u2026] de vivre avec l\u2019indemnit\u00e9 de 4.400 euros \u00bb<\/p>\n<p class=\"mb-4 text-lg md:leading-8 break-words\">Sans attendre, Anne Hidalgo a r\u00e9pliqu\u00e9. \u00ab Ces arguments ne passent plus. Le \u201ctous pourris\u201d, ne passe plus \u00bb, a ainsi lanc\u00e9 l\u2019\u00e9dile d\u00e9non\u00e7ant <a href=\"https:\/\/www.20minutes.fr\/paris\/4177017-20251004-municipales-2026-paris-affaires-boules-puantes-route-vers-campagne-electorale-plus-sales?at_medium=RSS%20feed&amp;at_campaign=ynews&amp;utm_source=yahoo&amp;utm_medium=rss&amp;utm_campaign=news_feed&amp;utm_content=in_article_link\" rel=\"nofollow noopener\" target=\"_blank\" data-ylk=\"slk:une strat\u00e9gie suppos\u00e9e de Rachida Dati de faire gonfler les affaires;elm:context_link;itc:0;sec:content-canvas\" class=\"link \">une strat\u00e9gie suppos\u00e9e de Rachida Dati de faire gonfler les affaires<\/a> et boules puantes pour camoufler ses propres d\u00e9boires judiciaires.<\/p>\n<p class=\"mb-4 text-lg md:leading-8 break-words\">La maire de Paris a rappel\u00e9 que les frais de repr\u00e9sentation des maires ont pour but d&rsquo;\u00ab \u00e9viter que les \u00e9lus soient tent\u00e9s d\u2019aller travailler pour des int\u00e9r\u00eats priv\u00e9s pour assurer leur train de vie \u00bb. \u00ab Je vous mets au d\u00e9fi, Madame Dati, vu vos revenus d\u00e9clar\u00e9s, de vi(&#8230;)<\/p>\n<p class=\"mb-4 text-lg md:leading-8 break-words\"><a href=\"https:\/\/www.20minutes.fr\/paris\/4178016-20251008-frais-mandat-vive-passe-armes-entre-anne-hidalgo-rachida-dati-conseil-paris?at_medium=RSS%20feed&amp;at_campaign=ynews&amp;utm_source=yahoo&amp;utm_medium=rss&amp;utm_campaign=news_feed&amp;utm_content=read_more_link&quot;\" rel=\"nofollow noopener\" target=\"_blank\" data-ylk=\"slk:Lire la suite sur 20minutes;elm:context_link;itc:0;sec:content-canvas\" class=\"link \">Lire la suite sur 20minutes<\/a><\/p>\n<p>\u00c0 lire aussi :<br \/><a href=\"https:\/\/www.20minutes.fr\/paris\/4114324-20241008-paris-rachida-dati-retour-conseil-paris-previent-deja-anne-hidalgo-annonce-prete-degainer?at_medium=RSS%20feed&amp;at_campaign=ynews&amp;utm_source=yahoo&amp;utm_medium=rss&amp;utm_campaign=news_feed&amp;utm_content=related_content_link\" rel=\"nofollow noopener\" target=\"_blank\" data-ylk=\"slk:Paris : Rachida Dati de retour au Conseil de Paris pr\u00e9vient d\u00e9j\u00e0 Anne Hidalgo et s\u2019annonce pr\u00eate \u00e0 d\u00e9gainer;elm:context_link;itc:0;sec:content-canvas\" class=\"link \">Paris : Rachida Dati de retour au Conseil de Paris pr\u00e9vient d\u00e9j\u00e0 Anne Hidalgo et s\u2019annonce pr\u00eate \u00e0 d\u00e9gainer<\/a><br \/><a href=\"https:\/\/www.20minutes.fr\/paris\/4177017-20251004-municipales-2026-paris-affaires-boules-puantes-route-vers-campagne-electorale-plus-sales?at_medium=RSS%20feed&amp;at_campaign=ynews&amp;utm_source=yahoo&amp;utm_medium=rss&amp;utm_campaign=news_feed&amp;utm_content=related_content_link\" rel=\"nofollow noopener\" target=\"_blank\" data-ylk=\"slk:Municipales 2026 \u00e0 Paris : Affaires et \u00ab boules puantes \u00bb\u2026 En route vers une campagne \u00e9lectorale des plus \u00ab sales \u00bb ?;elm:context_link;itc:0;sec:content-canvas\" class=\"link \">Municipales 2026 \u00e0 Paris : Affaires et \u00ab boules puantes \u00bb\u2026 En route vers une campagne \u00e9lectorale des plus \u00ab sales \u00bb ?<\/a><\/p>\n","protected":false},"excerpt":{"rendered":"\u00c0 couteaux tir\u00e9s &#8211; Alors que la ministre d\u00e9missionnaire de la Culture attaquait la maire de Paris au&hellip;\n","protected":false},"author":2,"featured_media":447863,"comment_status":"","ping_status":"","sticky":false,"template":"","format":"standard","meta":{"footnotes":""},"categories":[1888],"tags":[1111,1928,11,1927,2618,2617,1777,674,1011,27,12258,2616,12,1926,626,1925,417,25],"class_list":{"0":"post-447862","1":"post","2":"type-post","3":"status-publish","4":"format-standard","5":"has-post-thumbnail","7":"category-paris","8":"tag-actu","9":"tag-actu-paris","10":"tag-actualites","11":"tag-actualites-paris","12":"tag-anne-hidalgo","13":"tag-conseil-de-paris","14":"tag-eu","15":"tag-europe","16":"tag-fr","17":"tag-france","18":"tag-maire-de-paris","19":"tag-ministre-de-la-culture","20":"tag-news","21":"tag-news-paris","22":"tag-paris","23":"tag-paris-news","24":"tag-rachida-dati","25":"tag-republique-francaise"},"share_on_mastodon":{"url":"https:\/\/pubeurope.com\/@fr\/115339446585121418","error":""},"_links":{"self":[{"href":"https:\/\/www.europesays.com\/fr\/wp-json\/wp\/v2\/posts\/447862","targetHints":{"allow":["GET"]}}],"collection":[{"href":"https:\/\/www.europesays.com\/fr\/wp-json\/wp\/v2\/posts"}],"about":[{"href":"https:\/\/www.europesays.com\/fr\/wp-json\/wp\/v2\/types\/post"}],"author":[{"embeddable":true,"href":"https:\/\/www.europesays.com\/fr\/wp-json\/wp\/v2\/users\/2"}],"replies":[{"embeddable":true,"href":"https:\/\/www.europesays.com\/fr\/wp-json\/wp\/v2\/comments?post=447862"}],"version-history":[{"count":0,"href":"https:\/\/www.europesays.com\/fr\/wp-json\/wp\/v2\/posts\/447862\/revisions"}],"wp:featuredmedia":[{"embeddable":true,"href":"https:\/\/www.europesays.com\/fr\/wp-json\/wp\/v2\/media\/447863"}],"wp:attachment":[{"href":"https:\/\/www.europesays.com\/fr\/wp-json\/wp\/v2\/media?parent=447862"}],"wp:term":[{"taxonomy":"category","embeddable":true,"href":"https:\/\/www.europesays.com\/fr\/wp-json\/wp\/v2\/categories?post=447862"},{"taxonomy":"post_tag","embeddable":true,"href":"https:\/\/www.europesays.com\/fr\/wp-json\/wp\/v2\/tags?post=447862"}],"curies":[{"name":"wp","href":"https:\/\/api.w.org\/{rel}","templated":true}]}}