{"id":447864,"date":"2025-10-08T16:17:19","date_gmt":"2025-10-08T16:17:19","guid":{"rendered":"https:\/\/www.europesays.com\/fr\/447864\/"},"modified":"2025-10-08T16:17:19","modified_gmt":"2025-10-08T16:17:19","slug":"vive-passe-darmes-entre-anne-hidalgo-et-rachida-dati-au-conseil-de-paris-2","status":"publish","type":"post","link":"https:\/\/www.europesays.com\/fr\/447864\/","title":{"rendered":"Vive passe d\u2019armes entre Anne Hidalgo et Rachida Dati au Conseil de Paris"},"content":{"rendered":"<p>Dati attaque, Hidalgo contre-attaque. Depuis les \u00e9lections municipales de\u00a02020, <a href=\"https:\/\/www.20minutes.fr\/politique\/rachida_dati\" class=\"c-link c-link--is-underlined\" target=\"_blank\" rel=\"noopener\">Rachida Dati<\/a> et le groupe Changer Paris ont choisi une strat\u00e9gie ultraoffensive en <a href=\"https:\/\/www.20minutes.fr\/dossier\/conseil_de_paris\" class=\"c-link c-link--is-underlined\" target=\"_blank\" rel=\"noopener\">Conseil de Paris<\/a>. Une strat\u00e9gie \u00ab\u00a0tonique\u00a0\u00bb selon son propre camp, \u00ab\u00a0violente et de bord\u00e9lisation\u00a0\u00bb, selon la majorit\u00e9 municipale. Ce mercredi, en Conseil de Paris, Rachida Dati a de nouveau attaqu\u00e9 <a href=\"https:\/\/www.20minutes.fr\/dossier\/anne_hidalgo\" class=\"c-link c-link--is-underlined\" target=\"_blank\" rel=\"noopener\">Anne Hidalgo<\/a> qui ne s\u2019est pas fait prier pour r\u00e9pliquer de mani\u00e8re cinglante.<\/p>\n<p>\u00c0 l\u2019occasion d\u2019une intervention sur l\u2019\u00e9ducation dans la capitale, la ministre de la Culture en a profit\u00e9 pour lancer de nouvelles banderilles \u00e0 Anne Hidalgo au sujet <a href=\"https:\/\/www.20minutes.fr\/paris\/4173832-20250918-robes-dior-voyages-dispendieux-anne-hidalgo-epinglee-depenses-manque-transparence\" class=\"c-link c-link--is-underlined\" target=\"_blank\" rel=\"noopener\">des r\u00e9v\u00e9lations sur les frais de mandat<\/a> des \u00e9lus parisiens\u00a0: \u00ab\u00a0Vous parlez de la pr\u00e9carit\u00e9 \u00e9tudiante [\u2026] Mais vous, vous n\u2019\u00eates pas choqu\u00e9s par les pr\u00e8s de 10.000 euros de frais de pressing et de repas familiaux pay\u00e9s par l\u2019argent des Parisiens pour Monsieur <a href=\"https:\/\/www.20minutes.fr\/politique\/4176981-20251003-pantalon-ski-menu-enfant-bols-achats-defrayes-plus-etonnants-maires-arrondissement-paris\" class=\"c-link c-link--is-underlined\" target=\"_blank\" rel=\"noopener\">Eric Lejoindre<\/a>\u00a0?\u00a0\u00bb<\/p>\n<p>\u00ab\u00a0Je vous mets au d\u00e9fi [\u2026] de vivre avec l\u2019indemnit\u00e9 de 4.400 euros\u00a0\u00bb<\/p>\n<p>Sans attendre, Anne Hidalgo a r\u00e9pliqu\u00e9. \u00ab\u00a0Ces arguments ne passent plus. Le \u201ctous pourris\u201d, ne passe plus\u00a0\u00bb, a ainsi lanc\u00e9 l\u2019\u00e9dile d\u00e9non\u00e7ant <a href=\"https:\/\/www.20minutes.fr\/paris\/4177017-20251004-municipales-2026-paris-affaires-boules-puantes-route-vers-campagne-electorale-plus-sales\" class=\"c-link c-link--is-underlined\" target=\"_blank\" rel=\"noopener\">une strat\u00e9gie suppos\u00e9e de Rachida Dati de faire gonfler les affaires<\/a> et boules puantes pour camoufler ses propres d\u00e9boires judiciaires.<\/p>\n<blockquote class=\"twitter-tweet\" align=\"center\" data-lang=\"fr_FR\">\n<p lang=\"fr\" dir=\"ltr\">\ud83d\udcac \u00ab\u00a0Il vaut mieux vivre avec ce que la loi pr\u00e9voit (&#8230;) que d&rsquo;aller chercher du c\u00f4t\u00e9 de ses int\u00e9r\u00eats priv\u00e9s avec les risques de corruption\u00a0\u00bb<\/p>\n<p>Passe d&rsquo;armes au conseil le Paris entre Anne Hidalgo et Rachida Dati sur la question des frais de repr\u00e9sentation des \u00e9lus <a href=\"https:\/\/twitter.com\/hashtag\/BFM2?src=hash&amp;ref_src=twsrc%5Etfw\" target=\"_blank\" rel=\"noopener\">#BFM2<\/a> <a href=\"https:\/\/t.co\/0fWsY1Rh5e\">pic.twitter.com\/0fWsY1Rh5e<\/a><\/p>\n<p>\u2014 BFMTV (@BFMTV) <a href=\"https:\/\/twitter.com\/BFMTV\/status\/1975881464873902113?ref_src=twsrc%5Etfw\" target=\"_blank\" rel=\"noopener\">October 8, 2025<\/a><\/p><\/blockquote>\n<p class=\"mb-xxl@xs color-ultramarine font-weight-semi-bold@xs font-source-serif-pro heading-s@xs\">L\u2019acc\u00e8s \u00e0 ce contenu a \u00e9t\u00e9 bloqu\u00e9 afin de respecter votre choix de consentement<\/p>\n<p class=\"mb-m@xs text-l@xs\">En cliquant sur\u00ab J\u2019accepte \u00bb, vous acceptez le d\u00e9p\u00f4t de cookies par des services externes et aurez ainsi acc\u00e8s aux contenus de nos partenaires.<\/p>\n<p class=\"mb-xl@xs text-s@xs\">Plus d\u2019informations sur la page<a href=\"https:\/\/www.20minutes.fr\/gestion-cookies\" class=\"mx-xxs@xs color-ultramarine\" target=\"_blank\" rel=\"noopener\">Politique de gestion des cookies<\/a><\/p>\n<p>J\u2019accepte<\/p>\n<p>La maire de Paris a rappel\u00e9 que les frais de repr\u00e9sentation des maires ont pour but d&rsquo;\u00ab\u00a0\u00e9viter que les \u00e9lus soient tent\u00e9s d\u2019aller travailler pour des int\u00e9r\u00eats priv\u00e9s pour assurer leur train de vie\u00a0\u00bb. \u00ab\u00a0Je vous mets au d\u00e9fi, Madame Dati, vu vos revenus d\u00e9clar\u00e9s, de vivre avec l\u2019indemnit\u00e9 de 4.400 euros net apr\u00e8s imp\u00f4t de la maire de Paris\u00a0\u00bb, a r\u00e9pliqu\u00e9 Anne Hidalgo.<\/p>\n<p>Non contente de cette attaque \u00e0 peine voil\u00e9e, Anne Hidalgo y est all\u00e9e plus franchement sur les soup\u00e7ons qui touchent Rachida Dati\u00a0: \u00ab\u00a0Oui, Madame Dati, il vaut mieux vivre avec ce que la loi pr\u00e9voit pour faire fonctionner la d\u00e9mocratie que d\u2019aller chercher du c\u00f4t\u00e9 des int\u00e9r\u00eats priv\u00e9s avec les risques de corruption. <a href=\"https:\/\/www.20minutes.fr\/justice\/4175912-20250929-rachida-dati-proces-corruption-affaire-carlos-ghosn-lieu-septembre-2026\" class=\"c-link c-link--is-underlined\" target=\"_blank\" rel=\"noopener\">Puisque vous allez \u00eatre jug\u00e9e pour corruption en septembre\u00a02026<\/a>.\u00a0\u00bb<\/p>\n<p>Frais de mandat contre proc\u00e8s en corruption<\/p>\n<p>\u00c0 quelques mois des \u00e9lections municipales, et alors que la maire sortante ne se repr\u00e9sentera pas, les coups continuent de pleuvoir au Conseil de Paris.<\/p>\n<p>Pour rappel, Anne Hidalgo a annonc\u00e9 porter plainte le 19\u00a0septembre pour \u00ab\u00a0d\u00e9nonciations calomnieuses\u00a0\u00bb apr\u00e8s la r\u00e9v\u00e9lation de ses frais de d\u00e9placement et de repr\u00e9sentation de\u00a02020 \u00e0\u00a02024. Des montants qui ne d\u00e9passent pas le plafond l\u00e9gal, mais qui ont quelque peu surpris le grand public.<\/p>\n<\/p>\n<p>De son c\u00f4t\u00e9, Rachida Dati, qui elle a annonc\u00e9 avoir renonc\u00e9 \u00e0 utiliser les frais de repr\u00e9sentation auxquels elle a droit dans le cadre de son mandat de maire du 7e\u00a0arrondissement, sera jug\u00e9e pour corruption et trafic d\u2019influence du 16 au 28\u00a0septembre 2026. Elle est soup\u00e7onn\u00e9e d\u2019avoir \u00e9t\u00e9 pay\u00e9e par Renault-Nissan pour du lobbying au Parlement europ\u00e9en, sous couvert d\u2019une mission de conseil.<\/p>\n<p><script async src=\"https:\/\/platform.twitter.com\/widgets.js\" charset=\"utf-8\"><\/script><\/p>\n","protected":false},"excerpt":{"rendered":"Dati attaque, Hidalgo contre-attaque. Depuis les \u00e9lections municipales de\u00a02020, Rachida Dati et le groupe Changer Paris ont choisi&hellip;\n","protected":false},"author":2,"featured_media":447865,"comment_status":"","ping_status":"","sticky":false,"template":"","format":"standard","meta":{"footnotes":""},"categories":[1888],"tags":[11,2618,2617,1770,1777,674,1011,27,662,303,12,626,417,1306,25],"class_list":{"0":"post-447864","1":"post","2":"type-post","3":"status-publish","4":"format-standard","5":"has-post-thumbnail","7":"category-paris","8":"tag-actualites","9":"tag-anne-hidalgo","10":"tag-conseil-de-paris","11":"tag-corruption","12":"tag-eu","13":"tag-europe","14":"tag-fr","15":"tag-france","16":"tag-ile-de-france","17":"tag-justice","18":"tag-news","19":"tag-paris","20":"tag-rachida-dati","21":"tag-regions","22":"tag-republique-francaise"},"share_on_mastodon":{"url":"https:\/\/pubeurope.com\/@fr\/115339450434169325","error":""},"_links":{"self":[{"href":"https:\/\/www.europesays.com\/fr\/wp-json\/wp\/v2\/posts\/447864","targetHints":{"allow":["GET"]}}],"collection":[{"href":"https:\/\/www.europesays.com\/fr\/wp-json\/wp\/v2\/posts"}],"about":[{"href":"https:\/\/www.europesays.com\/fr\/wp-json\/wp\/v2\/types\/post"}],"author":[{"embeddable":true,"href":"https:\/\/www.europesays.com\/fr\/wp-json\/wp\/v2\/users\/2"}],"replies":[{"embeddable":true,"href":"https:\/\/www.europesays.com\/fr\/wp-json\/wp\/v2\/comments?post=447864"}],"version-history":[{"count":0,"href":"https:\/\/www.europesays.com\/fr\/wp-json\/wp\/v2\/posts\/447864\/revisions"}],"wp:featuredmedia":[{"embeddable":true,"href":"https:\/\/www.europesays.com\/fr\/wp-json\/wp\/v2\/media\/447865"}],"wp:attachment":[{"href":"https:\/\/www.europesays.com\/fr\/wp-json\/wp\/v2\/media?parent=447864"}],"wp:term":[{"taxonomy":"category","embeddable":true,"href":"https:\/\/www.europesays.com\/fr\/wp-json\/wp\/v2\/categories?post=447864"},{"taxonomy":"post_tag","embeddable":true,"href":"https:\/\/www.europesays.com\/fr\/wp-json\/wp\/v2\/tags?post=447864"}],"curies":[{"name":"wp","href":"https:\/\/api.w.org\/{rel}","templated":true}]}}