{"id":447866,"date":"2025-10-08T16:18:21","date_gmt":"2025-10-08T16:18:21","guid":{"rendered":"https:\/\/www.europesays.com\/fr\/447866\/"},"modified":"2025-10-08T16:18:21","modified_gmt":"2025-10-08T16:18:21","slug":"patrice-bart-choregraphe-et-ancien-danseur-etoile-de-lopera-de-paris-est-mort","status":"publish","type":"post","link":"https:\/\/www.europesays.com\/fr\/447866\/","title":{"rendered":"Patrice Bart, chor\u00e9graphe et ancien danseur \u00e9toile de l\u2019Op\u00e9ra de Paris, est mort"},"content":{"rendered":"<p>                         <img loading=\"lazy\" decoding=\"async\" src=\"https:\/\/www.europesays.com\/fr\/wp-content\/uploads\/2025\/10\/9fb9443_upload-1-yfhdswxk6swe-patrice-bart-lors-d-une-rei-pei-tition-de-coppei-lia-dont-il-est-le-ch.jpeg\" alt=\"Le danseur et chor\u00e9graphe Patrice Bart, lors d\u2019une r\u00e9p\u00e9tition du ballet \u00ab\u00a0Copp\u00e9lia\u00a0\u00bb, \u00e0 Paris, le 24\u00a0avril\u00a01996.\"   width=\"664\" height=\"443\"\/>    Le danseur et chor\u00e9graphe Patrice Bart, lors d\u2019une r\u00e9p\u00e9tition du ballet \u00ab\u00a0Copp\u00e9lia\u00a0\u00bb, \u00e0 Paris, le 24\u00a0avril\u00a01996.  COLETTE MASSON\/ROGER-VIOLLET                 <\/p>\n<p class=\"article__paragraph  \">Patrice Bart, danseur, ma\u00eetre de ballet et chor\u00e9graphe \u00e0 l\u2019Op\u00e9ra national de Paris, est mort dans la nuit du dimanche\u00a05 au lundi 6\u00a0octobre, au centre hospitalier de Falaise, dans le Calvados, des suites d\u2019un probl\u00e8me cardiaque au long cours et d\u2019une maladie nosocomiale. Il avait 80\u00a0ans.<\/p>\n<p class=\"article__paragraph  \">Imm\u00e9diatement, des d\u00e9clarations ont surgi sur les r\u00e9seaux sociaux. \u00ab\u00a0Mon mentor s\u2019est \u00e9teint. Il m\u2019a appris mon m\u00e9tier. Sans lui, je ne serais pas celle que je suis aujourd\u2019hui\u00a0\u00bb, a \u00e9crit, lundi, sur son compte Instagram, Doroth\u00e9e Gilbert, danseuse \u00e9toile de l\u2019Op\u00e9ra national de Paris. Sur le m\u00eame ton, une autre star de la compagnie parisienne, Ludmila Pagliero, a post\u00e9\u00a0: \u00ab\u00a0Tant de choses apprises \u00e0 tes c\u00f4t\u00e9s\u2026 Je me souviens de ton sourire le jour de l\u2019audition, quand j\u2019ai failli tomber dans le jury \u00e0 cause de la pente du studio (\u2026) Je me souviens de ton exigence \u00e0 chaque r\u00e9p\u00e9tition, \u00e0 chaque repr\u00e9sentation, de ta conscience du groupe, de la musique, du sens de chaque geste, et, toujours, de cette qu\u00eate d\u2019excellence. (\u2026) J\u2019ai tant appris, et je me souviendrai toujours de toi comme le Ma\u00eetre. Le seul grand et unique.\u00a0\u00bb<\/p>\n<p class=\"reading-mode-only \"><strong>Il vous reste 74.77% de cet article \u00e0 lire. La suite est r\u00e9serv\u00e9e aux abonn\u00e9s.<\/strong><\/p>\n","protected":false},"excerpt":{"rendered":"Le danseur et chor\u00e9graphe Patrice Bart, lors d\u2019une r\u00e9p\u00e9tition du ballet \u00ab\u00a0Copp\u00e9lia\u00a0\u00bb, \u00e0 Paris, le 24\u00a0avril\u00a01996. COLETTE MASSON\/ROGER-VIOLLET&hellip;\n","protected":false},"author":2,"featured_media":447867,"comment_status":"","ping_status":"","sticky":false,"template":"","format":"standard","meta":{"footnotes":""},"categories":[1888],"tags":[11,1777,674,1011,27,12,626,25],"class_list":{"0":"post-447866","1":"post","2":"type-post","3":"status-publish","4":"format-standard","5":"has-post-thumbnail","7":"category-paris","8":"tag-actualites","9":"tag-eu","10":"tag-europe","11":"tag-fr","12":"tag-france","13":"tag-news","14":"tag-paris","15":"tag-republique-francaise"},"share_on_mastodon":{"url":"https:\/\/pubeurope.com\/@fr\/115339455117419589","error":""},"_links":{"self":[{"href":"https:\/\/www.europesays.com\/fr\/wp-json\/wp\/v2\/posts\/447866","targetHints":{"allow":["GET"]}}],"collection":[{"href":"https:\/\/www.europesays.com\/fr\/wp-json\/wp\/v2\/posts"}],"about":[{"href":"https:\/\/www.europesays.com\/fr\/wp-json\/wp\/v2\/types\/post"}],"author":[{"embeddable":true,"href":"https:\/\/www.europesays.com\/fr\/wp-json\/wp\/v2\/users\/2"}],"replies":[{"embeddable":true,"href":"https:\/\/www.europesays.com\/fr\/wp-json\/wp\/v2\/comments?post=447866"}],"version-history":[{"count":0,"href":"https:\/\/www.europesays.com\/fr\/wp-json\/wp\/v2\/posts\/447866\/revisions"}],"wp:featuredmedia":[{"embeddable":true,"href":"https:\/\/www.europesays.com\/fr\/wp-json\/wp\/v2\/media\/447867"}],"wp:attachment":[{"href":"https:\/\/www.europesays.com\/fr\/wp-json\/wp\/v2\/media?parent=447866"}],"wp:term":[{"taxonomy":"category","embeddable":true,"href":"https:\/\/www.europesays.com\/fr\/wp-json\/wp\/v2\/categories?post=447866"},{"taxonomy":"post_tag","embeddable":true,"href":"https:\/\/www.europesays.com\/fr\/wp-json\/wp\/v2\/tags?post=447866"}],"curies":[{"name":"wp","href":"https:\/\/api.w.org\/{rel}","templated":true}]}}