{"id":447868,"date":"2025-10-08T16:19:14","date_gmt":"2025-10-08T16:19:14","guid":{"rendered":"https:\/\/www.europesays.com\/fr\/447868\/"},"modified":"2025-10-08T16:19:14","modified_gmt":"2025-10-08T16:19:14","slug":"le-regime-de-poutine-finira-comme-tous-les-autres-regimes-russes-dans-le-chaos-lexpress","status":"publish","type":"post","link":"https:\/\/www.europesays.com\/fr\/447868\/","title":{"rendered":"\u00ab\u00a0Le r\u00e9gime de Poutine finira, comme tous les autres r\u00e9gimes russes, dans le chaos\u00a0\u00bb \u2013 L&rsquo;Express"},"content":{"rendered":"<p class=\"paragraph article-body-paragraph article__item   article-body-paragraph--first \">Romancier r\u00e9compens\u00e9 par les plus prestigieux prix litt\u00e9raires russes (prix Booker russe, prix Bolcha\u00efa Kniga), Mikha\u00efl Chichkine a d\u00e9nonc\u00e9 virulemment l\u2019annexion de la Crim\u00e9e en 2014, avant de s\u2019exiler en Suisse. <a href=\"https:\/\/www.lexpress.fr\/monde\/europe\/la-russie-de-poutine_1071912.html\" target=\"_self\" rel=\"noopener\" title=\"https:\/\/www.lexpress.fr\/monde\/europe\/la-russie-de-poutine_1071912.html\">Le r\u00e9gime de Vladimir Poutine<\/a> l\u2019a class\u00e9 parmi les \u00ab\u00a0agents de l\u2019\u00e9tranger\u00a0\u00bb, un honneur \u00e0 ses yeux. L\u2019\u00e9crivain publie aujourd\u2019hui en fran\u00e7ais Le bateau en marbre blanc (Editions Noir sur Blanc), un recueil de textes rendant un puissant hommage aux g\u00e9nies de la litt\u00e9rature et de la musique russe, d\u2019Ivan Gontcharov \u00e0 Dmitri Chostakovitch.<\/p>\n<p class=\"paragraph article-body-paragraph article__item   \">Dans un entretien \u00e0 L\u2019Express, Mikha\u00efl Chichkine explique pourquoi il faut \u00e0 tout prix distinguer la culture russe du r\u00e9gime de Poutine et ne pas accuser Dosto\u00efevski ou Pouchkine des crimes commis <a href=\"https:\/\/www.lexpress.fr\/monde\/europe\/l-ukraine-hesite-entre-est-et-ouest_1302698.html\" target=\"_self\" rel=\"noopener\" title=\"https:\/\/www.lexpress.fr\/monde\/europe\/l-ukraine-hesite-entre-est-et-ouest_1302698.html\">en Ukraine<\/a>. D\u00e9plorant la docilit\u00e9 d\u2019une majorit\u00e9 de ses concitoyens consid\u00e9r\u00e9s comme des \u00ab\u00a0serfs\u00a0\u00bb par le Kremlin, il s\u2019explique aussi sur la pol\u00e9mique avec certains auteurs ukrainiens autour du prix Dar qu\u2019il a cr\u00e9\u00e9, et pr\u00e9dit que le r\u00e9gime de Vladimir Poutine finira comme tous les autres r\u00e9gimes russes forts : \u00ab\u00a0dans le chaos\u00a0\u00bb.<\/p>\n<p><strong class=\"article-body-link-list__item text-gray-800 article-body-link-list__item--one-item\">LIRE AUSSI : <a class=\"article-body-link-list__item-link\" href=\"https:\/\/www.lexpress.fr\/idees-et-debats\/pourquoi-vladimir-poutine-a-deja-perdu-la-guerre-en-ukraine-par-yuval-noah-harari-FODVQAALLRGI5OIQI3W5S52334\/\" target=\"_blank\" rel=\"noopener\">Pourquoi Vladimir Poutine a d\u00e9j\u00e0 perdu la guerre en Ukraine, par Yuval Noah Harari<\/a><\/strong><\/p>\n<p class=\"paragraph article-body-paragraph article__item   \"><b>L\u2019Express :<\/b> <b>Une question hante votre livre sur la culture russe : \u00e0 quoi servent des g\u00e9nies comme Tolsto\u00ef, Dosto\u00efevski, Tourgueniev, Gogol ou Tchekhov s\u2019ils n\u2019ont pu emp\u00eacher les ravages du stalinisme ou l\u2019invasion de l\u2019Ukraine ?<\/b><\/p>\n<p class=\"paragraph article-body-paragraph article__item   \"><b>Mikha\u00efl Chichkine : <\/b>J\u2019ai eu une \u00ab\u00a0conversation\u00a0\u00bb avec les auteurs qui ont fa\u00e7onn\u00e9 la litt\u00e9rature russe, et donc moi-m\u00eame, pendant de nombreuses ann\u00e9es. La guerre a exacerb\u00e9 tout cela. J\u2019avais besoin de comprendre comment ce mal absolu avait pu na\u00eetre de mon monde. Est-il vraiment issu des livres avec lesquels j\u2019ai grandi ? Ou mes auteurs ont-ils prot\u00e9g\u00e9 la culture russe de la barbarie jusqu\u2019au bout ? Ces \u00e9crivains russes ont perdu \u00e0 l\u2019\u00e9poque, nous perdons aujourd\u2019hui. Mais nous continuerons \u00e0 nous d\u00e9fendre jusqu\u2019au bout.<\/p>\n<p class=\"paragraph article-body-paragraph article__item   \">La population russe soutient cette guerre m\u00e9prisable en Ukraine non pas parce qu\u2019elle a lu Tchekhov et \u00e9cout\u00e9 Rachmaninov, mais parce que la v\u00e9ritable culture, qui est un moyen d\u2019\u00e9veiller le sens de l\u2019estime de soi et de d\u00e9velopper l\u2019esprit critique, a toujours \u00e9t\u00e9 opprim\u00e9e par tous les r\u00e9gimes, et que la population a \u00e9t\u00e9 nourrie de propagande patriotique. Aucun enseignant dans ce vaste pays n\u2019afficherait les mots de Tolsto\u00ef, \u00ab\u00a0Le patriotisme est l\u2019esclavage\u00a0\u00bb, dans sa classe de litt\u00e9rature sous un portrait de l\u2019auteur. Il est plus facile de ramener les gens \u00e0 un \u00e9tat tribal, en s\u2019appuyant sur un dirigeant fort, que d\u2019\u00e9lever des individus libres. Nous l\u2019avons vu dans l\u2019Allemagne nazie, et nous le voyons aujourd\u2019hui en Russie.<\/p>\n<p class=\"paragraph article-body-paragraph article__item   \">Les meurtriers du Kremlin sont convaincus qu\u2019ils ont le monopole sur tout : la terre, le peuple, la culture et la langue. Quiconque parle russe est leur serf, et tout endroit o\u00f9 l\u2019on parle russe est leur terre. Si, au lieu d\u2019embrasser patriotiquement les bottes de la patrie, vous leur dites d\u2019aller au diable en russe, ils vous d\u00e9clarent \u00ab\u00a0agent de l\u2019\u00e9tranger\u00a0\u00bb. Pour eux, \u00eatre russe et \u00eatre leur serf sont synonymes. Je suis russe, mais je ne serai pas leur serf.<\/p>\n<p><strong class=\"article-body-link-list__item text-gray-800 article-body-link-list__item--one-item\">LIRE AUSSI : <a class=\"article-body-link-list__item-link\" href=\"https:\/\/www.lexpress.fr\/monde\/europe\/guerre-en-ukraine-le-plan-de-vladimir-poutine-pour-renflouer-ses-caisses-sur-le-dos-des-russes-EGB54PKRRZHYTJAJ6TWHM3NQQ4\/\" target=\"_blank\" rel=\"noopener\">Guerre en Ukraine : le plan de Vladimir Poutine pour renflouer ses caisses sur le dos des Russes<\/a><\/strong><\/p>\n<p class=\"paragraph article-body-paragraph article__item   \">Les autorit\u00e9s ne veulent que des esclaves ob\u00e9issants. Il n\u2019y a qu\u2019un seul rem\u00e8de \u00e0 la conscience servile : la pens\u00e9e critique, qui ne vient qu\u2019avec l\u2019\u00e9ducation et l\u2019\u00e9claircissement, c\u2019est pourquoi la culture et ses vecteurs \u00ab\u00a0contagieux\u00a0\u00bb sont les premiers \u00e0 \u00eatre d\u00e9truits. Les jardins d\u2019enfants et les \u00e9coles existent pour cultiver le \u00ab\u00a0don de l\u2019ob\u00e9issance\u00a0\u00bb, un concept introduit autrefois par Nikola\u00ef Danilevski (id\u00e9ologue du panslavisme NDLR), un euph\u00e9misme pour d\u00e9signer une servilit\u00e9 z\u00e9l\u00e9e. Et le but de la litt\u00e9rature dont le r\u00e9gime a besoin est de favoriser un \u00ab\u00a0patriotisme\u00a0\u00bb servile. Ils nous d\u00e9testent, nous, les gens de culture, parce que nous sapons leur monopole sur le pouvoir.<\/p>\n<p class=\"paragraph article-body-paragraph article__item   \"><b>Dans le livre, vous exprimez votre tristesse suite au d\u00e9boulonnement des statues de Pouchkine, en esp\u00e9rant que les \u00e9crivains ukrainiens \u00ab\u00a0prendront la d\u00e9fense\u00a0\u00bb du po\u00e8te. Mais n\u2019est-ce pas compr\u00e9hensible, puisque Pouchkine reste le plus grand h\u00e9ros culturel russe ?<\/b><\/p>\n<p class=\"paragraph article-body-paragraph article__item   \">Je comprends parfaitement pourquoi la haine de tout ce qui est russe grandit en Ukraine \u00e0 chaque jour qui passe depuis le d\u00e9but de la guerre. Je comprends pourquoi les monuments d\u00e9di\u00e9s \u00e0 Pouchkine y sont d\u00e9molis. La guerre de Poutine a transform\u00e9 la langue de Pouchkine en langue des criminels de guerre et des meurtriers. L\u2019Empire russe s\u2019est cach\u00e9 derri\u00e8re le nom de Pouchkine et a \u00e9rig\u00e9 des bustes de lui partout en signe de puissance coloniale. Que puis-je dire quand j\u2019apprends que les monuments d\u00e9di\u00e9s \u00e0 Pouchkine sont d\u00e9mantel\u00e9s en Ukraine ? L\u2019empire et ses symboles doivent \u00eatre d\u00e9truits. Sans aucun doute. Mais ces monuments n\u2019ont rien \u00e0 voir avec Pouchkine.<\/p>\n<p class=\"paragraph article-body-paragraph article__item   \"><b>Vous avez expliqu\u00e9 qu\u2019il ne fallait pas bl\u00e2mer Dosto\u00efevski pour la guerre en Ukraine. Mais n\u2019a-t-il pas d\u00e9fendu l\u2019id\u00e9e que la Russie \u00e9tait une \u00ab\u00a0troisi\u00e8me Rome\u00a0\u00bb, un peuple choisi par Dieu, face au nihilisme de l\u2019Europe ? Ce messianisme russe n\u2019est-il pas \u00e0 l\u2019origine de la propagande actuelle de la Russie de Poutine ?<\/b><\/p>\n<p class=\"paragraph article-body-paragraph article__item   \">La trag\u00e9die de Boutcha ne s\u2019est pas produite parce que les meurtriers avaient lu Dosto\u00efevski auparavant. Bien s\u00fbr, son id\u00e9e messianique selon laquelle seul le christianisme orthodoxe apportera le salut au monde semble farfelue, mais en tout \u00e9tat de cause, Vladimir Poutine n\u2019a pas attaqu\u00e9 l\u2019Ukraine parce qu\u2019il voulait apporter le christianisme orthodoxe \u00e0 ce pays d\u00e9j\u00e0 orthodoxe.<\/p>\n<p class=\"paragraph article-body-paragraph article__item   \"><b>Vous rappelez \u00e0 quel point Tchekhov d\u00e9testait les id\u00e9ologies. Pourquoi \u00e9tait-il le meilleur antidote, en avance sur son temps, \u00e0 la r\u00e9volution bolchevique comme aux d\u00e9rives staliniennes ?<\/b><\/p>\n<p class=\"paragraph article-body-paragraph article__item   \">Tchekhov voyait deux dangers principaux qui guettaient l\u2019humanit\u00e9, deux fausses \u00ab\u00a0vertus\u00a0\u00bb principales : la \u00ab\u00a0r\u00e9volution\u00a0\u00bb et le \u00ab\u00a0patriotisme\u00a0\u00bb. Le fl\u00e9au de la construction d\u2019un \u00ab\u00a0avenir communiste radieux\u00a0\u00bb, qui a balay\u00e9 la plan\u00e8te au XXe si\u00e8cle, de la Russie stalinienne aux <a href=\"https:\/\/www.lexpress.fr\/monde\/les-khmers-rouges-ont-laisse-des-cicatrices-profondes-cinquante-ans-apres-le-cambodge-panse-encore-VJLRFNWZGFBRBB2LYSWEUNT664\/\" target=\"_self\" rel=\"noopener\" title=\"https:\/\/www.lexpress.fr\/monde\/les-khmers-rouges-ont-laisse-des-cicatrices-profondes-cinquante-ans-apres-le-cambodge-panse-encore-VJLRFNWZGFBRBB2LYSWEUNT664\/\">Khmers rouges<\/a> au Cambodge, semble avoir disparu, m\u00eame s\u2019il est encore trop t\u00f4t pour parler d\u2019un r\u00e9tablissement complet. Mais la maladie du \u00ab\u00a0patriotisme\u00a0\u00bb est plus difficile \u00e0 \u00e9radiquer.<\/p>\n<p><strong class=\"article-body-link-list__item text-gray-800 article-body-link-list__item--one-item\">LIRE AUSSI : <a class=\"article-body-link-list__item-link\" href=\"https:\/\/www.lexpress.fr\/idees-et-debats\/mikhail-chichkine-lempire-russe-va-se-desintegrer-et-lapres-poutine-sera-violent-JR2NRPZZCJFLJO5Z55ABDNKC6Q\/\" target=\"_blank\" rel=\"noopener\">Mikha\u00efl Chichkine : \u00ab\u00a0L\u2019empire russe va se d\u00e9sint\u00e9grer, et l\u2019apr\u00e8s-Poutine sera violent\u00a0\u00bb<\/a><\/strong><\/p>\n<p class=\"paragraph article-body-paragraph article__item   \">Je pense souvent \u00e0 mon p\u00e8re. Il avait 18 ans lorsqu\u2019il est parti combattre les Allemands. Il croyait d\u00e9fendre sa patrie dans la \u00ab\u00a0Grande Guerre patriotique\u00a0\u00bb, mais en r\u00e9alit\u00e9, lui et des millions d\u2019autres comme lui \u00e9taient utilis\u00e9s \u00e0 mauvais escient : il d\u00e9fendait le r\u00e9gime qui avait tu\u00e9 son p\u00e8re, mon grand-p\u00e8re, mort au goulag. Mon p\u00e8re a \u00e9t\u00e9 fier toute sa vie d\u2019avoir lib\u00e9r\u00e9 l\u2019Europe du fascisme. Et il ne pouvait accepter d\u2019avoir simplement apport\u00e9 une autre forme de fascisme aux peuples \u00ab\u00a0lib\u00e9r\u00e9s\u00a0\u00bb. \u00ab\u00a0Comment pouvons-nous \u00eatre fascistes ? Nous sommes russes ! Ce sont eux les fascistes !\u00a0\u00bb<\/p>\n<p class=\"paragraph article-body-paragraph article__item   \">Le probl\u00e8me est que la plupart de la population russe vit encore avec une conscience tribale patriarcale : \u00ab\u00a0Nous sommes Russes, et nous sommes entour\u00e9s d\u2019ennemis qui veulent nous d\u00e9truire, nous devons donc d\u00e9fendre notre patrie, notre langue, notre Pouchkine, nous devons tout sacrifier pour pr\u00e9server notre patrie bien-aim\u00e9e\u00a0\u00bb (lire : le r\u00e9gime actuel). Il est important de comprendre que l\u2019humanit\u00e9 n\u2019a fait qu\u2019un demi-pas sur le chemin qui la s\u00e9pare du monde animal. Il ne s\u2019agit pas d\u2019ordinateurs et de vaisseaux spatiaux : les deux peuvent \u00eatre utilis\u00e9s \u00e0 des fins de destruction barbare. Il s\u2019agit de la transition d\u2019une conscience tribale primitive \u00e0 une conscience individuelle, du d\u00e9veloppement d\u2019une personnalit\u00e9 qui assume elle-m\u00eame la responsabilit\u00e9 de tout, plut\u00f4t que de la transf\u00e9rer aux autorit\u00e9s. Ce ne sont pas le peuple ou le pr\u00e9sident en exercice qui vous disent ce qui est bien et ce qui est mal, mais vous seul qui d\u00e9cidez de ce qui est bien et de ce qui est mal. Si je vois que mon pays et son \u00ab\u00a0peuple porteur de Dieu\u00a0\u00bb, selon Dosto\u00efevski, font le mal, je serai contre mon pays et contre mon peuple.<\/p>\n<p><strong class=\"article-body-link-list__item text-gray-800 article-body-link-list__item--one-item\">LIRE AUSSI : <a class=\"article-body-link-list__item-link\" href=\"https:\/\/www.lexpress.fr\/idees-et-debats\/simon-sebag-montefiore-une-dynastie-trump-est-tres-probable-contrairement-a-poutine-TN7QZAOALBCFDFRSAXGLTPMMAA\/\" target=\"_blank\" rel=\"noopener\">Simon Sebag Montefiore : \u00ab\u00a0Donald Trump est le dirigeant le plus chanceux de l\u2019Histoire moderne\u00a0\u00bb<\/a><\/strong><\/p>\n<p class=\"paragraph article-body-paragraph article__item   \">La plupart de mes anciens compatriotes sont \u00e9touff\u00e9s par cette conscience patriarcale, mais ils poseront docilement leur t\u00eate sur le billot si \u00ab\u00a0la patrie appelle\u00a0\u00bb. Les seuls outils permettant de transformer la conscience tribale en conscience individuelle sont l\u2019\u00e9ducation, la culture et l\u2019\u00e9claircissement. C\u2019est pourquoi l\u2019\u00c9tat russe a toujours \u00e9t\u00e9 le principal ennemi de la culture, et dans les \u00e9coles, la principale mati\u00e8re a toujours \u00e9t\u00e9 d\u2019apprendre \u00e0 penser conform\u00e9ment au syst\u00e8me et \u00e0 parler d\u2019une seule voix. La seule fa\u00e7on de sortir de cette fa\u00e7on de penser pr\u00e9historique est le d\u00e9veloppement de la conscience individuelle de l\u2019humanit\u00e9 moderne \u00e0 travers la litt\u00e9rature, la civilisation et l\u2019humanisation.<\/p>\n<p class=\"paragraph article-body-paragraph article__item   \">Je pense que diviser les gens en fonction de leur nationalit\u00e9 appartient au pass\u00e9. Il y a des Russes qui sont tr\u00e8s diff\u00e9rents, tout comme il y a des Am\u00e9ricains ou des Fran\u00e7ais. L\u2019humanit\u00e9, dans son d\u00e9veloppement, a d\u00e9j\u00e0 d\u00e9pass\u00e9 le stade o\u00f9 les individus s\u2019identifiaient \u00e0 leur tribu.<\/p>\n<p>\u201cMa patrie a \u00e9t\u00e9 conquise par des ennemis qui m&rsquo;ont d\u00e9clar\u00e9 leur ennemi\u201d<\/p>\n<p class=\"paragraph article-body-paragraph article__item   \"><b>Vous \u00eates le fondateur du prix litt\u00e9raire Dar, lanc\u00e9 pour d\u00e9fendre la litt\u00e9rature russe et la s\u00e9parer du gouvernement russe. Mais cette ann\u00e9e, l\u2019auteure ukrainienne Maria Galina a refus\u00e9 le prix. Tout en \u00e9voquant la sinc\u00e9rit\u00e9 de vos intentions, elle a expliqu\u00e9 son aversion pour tout projet incluant \u00ab\u00a0des auteurs ukrainiens russophones dans l\u2019espace russophone au sens large\u00a0\u00bb. Comprenez-vous sa r\u00e9action ?<\/b><\/p>\n<p class=\"paragraph article-body-paragraph article__item   \">L\u2019ann\u00e9e derni\u00e8re, avec mes amis slavistes suisses, j\u2019ai cr\u00e9\u00e9 le prix Dar. Ce n\u2019est ni un \u00ab\u00a0prix russe\u00a0\u00bb ni un \u00ab\u00a0prix de litt\u00e9rature russe\u00a0\u00bb. C\u2019est un prix qui r\u00e9compense la remise en question de toute l\u2019exp\u00e9rience litt\u00e9raire en langue russe, la d\u00e9couverte de nouvelles approches de la litt\u00e9rature et de la vie litt\u00e9raire en dehors de l\u2019\u00c9tat archa\u00efque, un prix pour tous ceux qui \u00e9crivent et lisent en russe, quel que soit leur passeport ou leur pays de r\u00e9sidence. La langue russe n\u2019appartient pas aux dictateurs, mais \u00e0 la culture mondiale. Le discours actuel sur la \u00ab\u00a0post-imp\u00e9rialit\u00e9\u00a0\u00bb et la \u00ab\u00a0d\u00e9colonisation\u00a0\u00bb de la litt\u00e9rature doit se traduire en actions concr\u00e8tes \u2014 le prix Dar offre l\u2019occasion de passer des paroles aux actes. J\u2019aime le nom \u00ab\u00a0Dar\u00a0\u00bb (\u00ab\u00a0le don\u00a0\u00bb). Ce mot court v\u00e9hicule des significations importantes. Et tout le monde reconna\u00eet le titre du dernier roman de <a href=\"https:\/\/www.lexpress.fr\/culture\/livre\/1961-entretien-avec-nabokov_2000497.html\" target=\"_self\" rel=\"noopener\" title=\"https:\/\/www.lexpress.fr\/culture\/livre\/1961-entretien-avec-nabokov_2000497.html\">Vladimir Nabokov<\/a> \u00e9crit en russe, qui est, \u00e0 mon avis, son meilleur.<\/p>\n<p class=\"paragraph article-body-paragraph article__item   \">Le moment est venu de cr\u00e9er un nouveau type de culture en langue russe, une culture qui n\u2019a jamais exist\u00e9 auparavant, une culture lib\u00e9r\u00e9e du poids du territoire et du \u00ab\u00a0patriotisme\u00a0\u00bb russe. Il est tr\u00e8s important que des \u00e9crivains du monde entier, unis par la langue russe, participent \u00e0 notre prix, notamment des \u00e9crivains de Bi\u00e9lorussie, de Lituanie, de Pologne, de G\u00e9orgie, d\u2019Arm\u00e9nie, d\u2019Isra\u00ebl, d\u2019Allemagne et d\u2019autres pays. Il est \u00e9galement tr\u00e8s important que des \u00e9crivains ukrainiens qui \u00e9crivent en russe et des \u00e9diteurs ukrainiens participent au prix. Toutes les personnes impliqu\u00e9es dans l\u2019organisation et les auteurs qui soumettent leurs \u0153uvres au concours sont contre la guerre et les dictatures et soutiennent l\u2019Ukraine dans sa lutte pour la libert\u00e9 et l\u2019ind\u00e9pendance. Le prix principal et unique est une bourse pour la traduction en anglais, allemand et fran\u00e7ais.<\/p>\n<p><strong class=\"article-body-link-list__item text-gray-800 article-body-link-list__item--one-item\">LIRE AUSSI : <a class=\"article-body-link-list__item-link\" href=\"https:\/\/www.lexpress.fr\/monde\/europe\/il-est-lhomme-qui-a-fabrique-vladimir-poutine-pourquoi-nous-avons-interviewe-vladislav-sourkov-TDKAB2PDQVF3RFSPQKH5NPRIIU\/\" target=\"_blank\" rel=\"noopener\">\u00ab\u00a0Il est l&rsquo;homme qui a fabriqu\u00e9 Vladimir Poutine\u00a0\u00bb : pourquoi nous avons interview\u00e9 Vladislav Sourkov<\/a><\/strong><\/p>\n<p class=\"paragraph article-body-paragraph article__item   \">Il est compr\u00e9hensible que lors de sa premi\u00e8re \u00e9dition, en pleine guerre, le prix ind\u00e9pendant de langue russe ait d\u00fb \u00eatre consacr\u00e9 \u00e0 la guerre. Il est naturel et tout \u00e0 fait appropri\u00e9 que l\u2019Ukraine soit devenue le th\u00e8me principal. Et il \u00e9tait clair d\u00e8s le d\u00e9part que, dans la quatri\u00e8me ann\u00e9e de la guerre, un prix de langue russe serait accueilli, disons, avec des sentiments mitig\u00e9s en Ukraine, o\u00f9 les \u00e9crivains russophones vivent sous la pression des ultranationalistes. Je m\u2019attendais \u00e0 ce que ce soit difficile d\u00e8s le d\u00e9but, j\u2019ai donc \u00e9t\u00e9 surpris et ravi, bien s\u00fbr, lorsque des \u00e9diteurs et des \u00e9crivains ukrainiens ont commenc\u00e9 \u00e0 soumettre des livres pour le prix.<\/p>\n<p class=\"paragraph article-body-paragraph article__item   \">Maria Galina a accept\u00e9 la nomination de son livre et est apparue \u00e0 la t\u00e9l\u00e9vision allemande pour une interview dans laquelle elle a parl\u00e9 de l\u2019importance de ce prix, mais apr\u00e8s avoir pris connaissance de la d\u00e9cision du jury, elle a d\u00e9cid\u00e9 de ne pas accepter la r\u00e9compense. Derri\u00e8re cette d\u00e9cision se cachait la crainte qu\u2019elle ne soit victime de harc\u00e8lement, comme cela a \u00e9t\u00e9 le cas pour Yuri Andrukhovych lorsqu\u2019il s\u2019est entretenu avec moi sur sc\u00e8ne lors d\u2019un \u00e9v\u00e9nement de solidarit\u00e9 en Norv\u00e8ge et que ses coll\u00e8gues ont \u00e9crit sur Facebook : \u00ab\u00a0Tous les Russes, qu\u2019ils soient pour ou contre Poutine, sont des merdes. Tu l\u2019as touch\u00e9, tu pues.\u00a0\u00bb Tout cela est sur internet. Son refus de derni\u00e8re minute doit donc \u00eatre consid\u00e9r\u00e9 avec compr\u00e9hension. Elle m\u2019a \u00e9crit plus tard : \u00ab\u00a0Cher Mikha\u00efl ! Merci beaucoup pour ta compr\u00e9hension et ta patience ! Et pour le soutien que tu as apport\u00e9 \u00e0 l\u2019Ukraine depuis le d\u00e9but. Dans cette situation, il fallait beaucoup de courage et de force morale. Et cela restera \u00e0 jamais grav\u00e9 dans nos m\u00e9moires. Maria Galina.\u00a0\u00bb<\/p>\n<\/p>\n<p class=\"paragraph article-body-paragraph article__item   \">Nous avons d\u00e9sormais la responsabilit\u00e9 de pr\u00e9server la dignit\u00e9 de la culture russophone. Cette guerre monstrueuse entre la Russie et l\u2019Ukraine prendra fin t\u00f4t ou tard. Mais un immense foss\u00e9 s\u2019est creus\u00e9 entre les peuples, rempli de sang, de mort et de souffrance. Et chaque jour que dure cette guerre, chaque roquette qui s\u2019abat sur Odessa et Kharkiv, ce foss\u00e9 ne fait que s\u2019\u00e9largir. T\u00f4t ou tard, il faudra construire un pont pour le franchir. Et les premiers \u00e0 commencer \u00e0 construire ce pont seront les gens de culture : musiciens, \u00e9crivains, artistes, po\u00e8tes. Nous devons maintenant pr\u00e9server la dignit\u00e9 de la culture russophone pour construire ce pont. Et nous devons commencer \u00e0 construire ce pont d\u00e8s maintenant.<\/p>\n<p class=\"paragraph article-body-paragraph article__item   \"><b>Comme vous, Thomas Mann a \u00e9galement \u00e9t\u00e9 contraint \u00e0 l\u2019exil par le r\u00e9gime nazi et a appel\u00e9 ses compatriotes \u00e0 <\/b><a href=\"https:\/\/www.lexpress.fr\/culture\/livre\/livres-thomas-mann-un-monument-qui-ne-connait-pas-lerosion-du-temps-GWEU3EREVJEJVI5ASG5X5TFQQ4\/\" target=\"_self\" rel=\"noopener\" title=\"https:\/\/www.lexpress.fr\/culture\/livre\/livres-thomas-mann-un-monument-qui-ne-connait-pas-lerosion-du-temps-GWEU3EREVJEJVI5ASG5X5TFQQ4\/\"><b>red\u00e9couvrir leur boussole morale<\/b><\/a><b>. \u00ab\u00a0L\u00e0 o\u00f9 je suis, l\u00e0 est l\u2019Allemagne\u00a0\u00bb, a-t-il d\u00e9clar\u00e9 \u00e0 son arriv\u00e9e \u00e0 New York en 1938. Pensez-vous qu\u2019un jour, comme Thomas Mann, vous reverrez votre patrie ?<\/b><\/p>\n<p class=\"paragraph article-body-paragraph article__item   \">Je serais heureux de retourner dans ma Russie, mais pour moi, il n\u2019y a pas de pays o\u00f9 retourner. La patrie est quelque chose que l\u2019on veut aimer, dont on veut \u00eatre fier, un endroit o\u00f9 l\u2019on veut vivre et mourir. Ma patrie a \u00e9t\u00e9 conquise par des ennemis qui m\u2019ont d\u00e9clar\u00e9 leur ennemi, un \u00ab\u00a0agent de l\u2019\u00e9tranger\u00a0\u00bb. D\u2019ailleurs, le prix Dar a \u00e9galement \u00e9t\u00e9 d\u00e9clar\u00e9 \u00ab\u00a0agent de l\u2019\u00e9tranger\u00a0\u00bb. Eh bien, une telle \u00ab\u00a0reconnaissance\u00a0\u00bb signifie que je fais tout correctement.<\/p>\n<p class=\"paragraph article-body-paragraph article__item   \">En r\u00e9alit\u00e9, c\u2019est la question fondamentale en Russie : si la patrie est un monstre, devons-nous l\u2019aimer ou la d\u00e9tester ? Tout est li\u00e9 et indissociable. La po\u00e9sie russe l\u2019a dit il y a longtemps : \u00ab\u00a0Un c\u0153ur fatigu\u00e9 de ha\u00efr n\u2019apprendra jamais \u00e0 aimer.\u00a0\u00bb<\/p>\n<p class=\"paragraph article-body-paragraph article__item   \">Le r\u00e9gime de Poutine ne peut \u00eatre d\u00e9truit que par une d\u00e9faite militaire, comme l\u2019Allemagne nazie, mais la pr\u00e9sence d\u2019armes nucl\u00e9aires rend cela impossible. En Russie, le pouvoir fort est traditionnellement remplac\u00e9 par un pouvoir faible, et chaque r\u00e9gime finit dans le chaos. Ce fut le cas du r\u00e9gime tsariste, et c\u2019est ainsi que l\u2019URSS a pris fin. Il en sera de m\u00eame pour le r\u00e9gime de Poutine. Il y aura d\u2019abord le chaos, puis une main de fer r\u00e9tablira \u00ab\u00a0l\u2019ordre\u00a0\u00bb. L\u2019histoire russe se mordra \u00e0 nouveau la queue.<\/p>\n<p class=\"paragraph article-body-paragraph article__item    article__text__endpicto\">Le Bateau de marbre blanc, par Mikha\u00efl Chichkine, traduit du russe par Maud Mabillard et Odile Demange. Noir sur Blanc, 387 p., 25 \u20ac.<\/p>\n<p>.<\/p>\n","protected":false},"excerpt":{"rendered":"Romancier r\u00e9compens\u00e9 par les plus prestigieux prix litt\u00e9raires russes (prix Booker russe, prix Bolcha\u00efa Kniga), Mikha\u00efl Chichkine a&hellip;\n","protected":false},"author":2,"featured_media":447869,"comment_status":"","ping_status":"","sticky":false,"template":"","format":"standard","meta":{"footnotes":""},"categories":[1591],"tags":[11,1887,5951,12,1885,1886,132],"class_list":{"0":"post-447868","1":"post","2":"type-post","3":"status-publish","4":"format-standard","5":"has-post-thumbnail","7":"category-russie","8":"tag-actualites","9":"tag-federation-de-russie","10":"tag-idees-et-debats","11":"tag-news","12":"tag-russia","13":"tag-russian-federation","14":"tag-russie"},"share_on_mastodon":{"url":"https:\/\/pubeurope.com\/@fr\/115339458237389177","error":""},"_links":{"self":[{"href":"https:\/\/www.europesays.com\/fr\/wp-json\/wp\/v2\/posts\/447868","targetHints":{"allow":["GET"]}}],"collection":[{"href":"https:\/\/www.europesays.com\/fr\/wp-json\/wp\/v2\/posts"}],"about":[{"href":"https:\/\/www.europesays.com\/fr\/wp-json\/wp\/v2\/types\/post"}],"author":[{"embeddable":true,"href":"https:\/\/www.europesays.com\/fr\/wp-json\/wp\/v2\/users\/2"}],"replies":[{"embeddable":true,"href":"https:\/\/www.europesays.com\/fr\/wp-json\/wp\/v2\/comments?post=447868"}],"version-history":[{"count":0,"href":"https:\/\/www.europesays.com\/fr\/wp-json\/wp\/v2\/posts\/447868\/revisions"}],"wp:featuredmedia":[{"embeddable":true,"href":"https:\/\/www.europesays.com\/fr\/wp-json\/wp\/v2\/media\/447869"}],"wp:attachment":[{"href":"https:\/\/www.europesays.com\/fr\/wp-json\/wp\/v2\/media?parent=447868"}],"wp:term":[{"taxonomy":"category","embeddable":true,"href":"https:\/\/www.europesays.com\/fr\/wp-json\/wp\/v2\/categories?post=447868"},{"taxonomy":"post_tag","embeddable":true,"href":"https:\/\/www.europesays.com\/fr\/wp-json\/wp\/v2\/tags?post=447868"}],"curies":[{"name":"wp","href":"https:\/\/api.w.org\/{rel}","templated":true}]}}