{"id":447872,"date":"2025-10-08T16:21:10","date_gmt":"2025-10-08T16:21:10","guid":{"rendered":"https:\/\/www.europesays.com\/fr\/447872\/"},"modified":"2025-10-08T16:21:10","modified_gmt":"2025-10-08T16:21:10","slug":"les-etats-unis-ont-accorde-au-moins-217-milliards-de-dollars-daide-militaire-a-israel-lexpress","status":"publish","type":"post","link":"https:\/\/www.europesays.com\/fr\/447872\/","title":{"rendered":"Les Etats-Unis ont accord\u00e9 au moins 21,7\u00a0milliards de dollars d\u2019aide militaire \u00e0 Isra\u00ebl \u2013 L&rsquo;Express"},"content":{"rendered":"<p class=\"paragraph article-body-paragraph article__item   article-body-paragraph--first \">Il y a deux ans, le Hamas perp\u00e9trait un attentat terroriste sur le sol isra\u00e9lien. Plus de 1 200 personnes sont mortes et 251 ont \u00e9t\u00e9 prises en otage. Le lendemain, commen\u00e7ait <a href=\"https:\/\/www.lexpress.fr\/monde\/proche-moyen-orient\/le-hamas-veut-un-accord-et-commencer-immediatement-lechange-de-prisonniers-ABTCPHIQ4NDUTOPJHY6YIEZVH4\/\" target=\"_blank\" rel=\"noreferrer noopener\" title=\"https:\/\/www.lexpress.fr\/monde\/proche-moyen-orient\/le-hamas-veut-un-accord-et-commencer-immediatement-lechange-de-prisonniers-ABTCPHIQ4NDUTOPJHY6YIEZVH4\/\">la violente riposte<\/a> de l\u2019Etat h\u00e9breu, soutenue par son plus fid\u00e8le alli\u00e9 : les Etats-Unis.<\/p>\n<p class=\"paragraph article-body-paragraph article__item   \">Selon une nouvelle \u00e9tude universitaire cit\u00e9e par l\u2019agence de presse am\u00e9ricaine <a href=\"https:\/\/apnews.com\/article\/israel-gaza-war-military-aid-83cebb16b3e504f70112e374a0c74bfc\" target=\"_blank\" rel=\"noopener\" title=\"https:\/\/apnews.com\/article\/israel-gaza-war-military-aid-83cebb16b3e504f70112e374a0c74bfc\">Associated Press<\/a> (AP), les Etats-Unis, ont fourni au moins 21,7 milliards de dollars d&rsquo;aide militaire \u00e0 Isra\u00ebl. Le rapport, r\u00e9alis\u00e9 principalement en sources ouvertes, \u00e9mane du projet de l\u2019universit\u00e9 am\u00e9ricaine Brown, <a href=\"https:\/\/costsofwar.watson.brown.edu\/\" target=\"_blank\" rel=\"noreferrer noopener\" title=\"https:\/\/costsofwar.watson.brown.edu\/\">Costs of War<\/a>, litt\u00e9ralement \u00ab\u00a0le co\u00fbt de la guerre\u00a0\u00bb, en collaboration avec le Quincy Institute for Responsible Statecraft, bas\u00e9 \u00e0 Washington.<\/p>\n<p>Donald Trump, acc\u00e9l\u00e9rateur de livraison d\u2019armes<\/p>\n<p class=\"paragraph article-body-paragraph article__item   \">Selon une autre \u00e9tude, \u00e9galement publi\u00e9e par le projet Costs of War, les Etats-Unis ont d\u00e9pens\u00e9 environ 10 milliards de dollars suppl\u00e9mentaires en aide \u00e0 la s\u00e9curit\u00e9 et en op\u00e9rations au Moyen-Orient au cours des deux derni\u00e8res ann\u00e9es.<\/p>\n<p class=\"paragraph article-body-paragraph article__item   \">Sur les 21,7 milliards de dollars chiffr\u00e9s par le rapport, 17,9 milliards ont \u00e9t\u00e9 accord\u00e9s pendant la premi\u00e8re ann\u00e9e de guerre, sous la pr\u00e9sidence de Joe Biden. Si l\u2019aide vers\u00e9e sous l\u2019administration Trump est techniquement inf\u00e9rieure \u00e0 celle de son pr\u00e9d\u00e9cesseur, le 47e pr\u00e9sident des Etats-Unis a acc\u00e9l\u00e9r\u00e9 la livraison d\u2019armes et y compris celle d\u2019armes jusqu\u2019\u00e0 pr\u00e9sent bannies. Entre autres : les bombes de 2 000 livres que \u00ab\u00a0le gouvernement Isra\u00e9lien a largement utilis\u00e9es pour d\u00e9truire des immeubles d\u2019habitation, des h\u00f4pitaux, des infrastructures d\u2019eau, et autres cibles civiles\u00a0\u00bb, indique l&rsquo;\u00e9tude universitaire.<\/p>\n<p class=\"paragraph article-body-paragraph article__item   \">L\u2019\u00e9tude avance aussi qu\u2019une cargaison de 20 000 carabines \u00ab\u00a0pr\u00e9c\u00e9demment bannie par l\u2019administration Biden qui craignait de les voir atterrir entre les mains de colons isra\u00e9liens\u00a0\u00bb a \u00e9t\u00e9 approuv\u00e9e par le gouvernement en place.<\/p>\n<p>Entre 9,65 et 12 milliards pour les autres op\u00e9rations am\u00e9ricaines au Moyen-Orient<\/p>\n<p class=\"paragraph article-body-paragraph article__item   \">Quant aux autres activit\u00e9s militaires am\u00e9ricaines au Moyen-Orient depuis le 7 octobre &#8211; telles que les frappes sur les rebelles <a href=\"https:\/\/www.lexpress.fr\/monde\/yemen-les-houthis-enterrent-leurs-ministres-tues-dans-un-raid-israelien-PCSMZITEAVAOJHGH5ZKGVC7FEA\/\" target=\"_blank\" rel=\"noreferrer noopener\" title=\"https:\/\/www.lexpress.fr\/monde\/yemen-les-houthis-enterrent-leurs-ministres-tues-dans-un-raid-israelien-PCSMZITEAVAOJHGH5ZKGVC7FEA\/\">Houthis<\/a> au Y\u00e9men ou sur les sites nucl\u00e9aires iraniens &#8211; elles se chiffreraient entre 9,65 et 12 milliards de dollars. Les attaques en <a href=\"https:\/\/www.lexpress.fr\/monde\/liran-annonce-lacquittement-de-lennart-monterlos-cycliste-franco-allemand-arrete-pour-espionnage-IAYEE426FBDOBPTXRCT7ZO4TIE\/\" target=\"_blank\" rel=\"noreferrer noopener\" title=\"https:\/\/www.lexpress.fr\/monde\/liran-annonce-lacquittement-de-lennart-monterlos-cycliste-franco-allemand-arrete-pour-espionnage-IAYEE426FBDOBPTXRCT7ZO4TIE\/\">Iran<\/a> de juin dernier auraient co\u00fbt\u00e9 entre 2 et 2,25 milliards de dollars.<\/p>\n<p class=\"paragraph article-body-paragraph article__item   \">A titre de comparaison, les Etats-Unis ont accord\u00e9 130,6 milliards de dollars d\u2019aide \u00e0 l\u2019Ukraine depuis le d\u00e9but de la guerre en f\u00e9vrier 2022, selon les chiffres du think-tank allemand Kiel Institute relay\u00e9s par la BBC.<\/p>\n<\/p>\n<p class=\"paragraph article-body-paragraph article__item   \">L\u2019\u00e9tude, qui se montre particuli\u00e8rement critique envers Isra\u00ebl, soutien que sans l\u2019aide am\u00e9ricaine, l\u2019Etat h\u00e9breu n\u2019aurait pas \u00e9t\u00e9 en capacit\u00e9 de poursuivre sa riposte contre le Hamas \u00e0 Gaza, ni d\u2019\u00e9tendre le conflit dans la r\u00e9gion. Une conclusion qui se fonde sur le constat suivant : \u00ab\u00a0Les armes qu\u2019Isra\u00ebl utilise sur Gaza et dans d\u2019autres zones du Moyen-Orient sont principalement issues des Etats-Unis\u00a0\u00bb. Et les universitaires de rajouter : \u00ab\u00a0Les h\u00e9licopt\u00e8res de transport et d\u2019attaque isra\u00e9liens sont \u00e9galement d\u2019origine am\u00e9ricaine\u00a0\u00bb.<\/p>\n<p class=\"paragraph article-body-paragraph article__item   \">Le projet Costs of War, rel\u00e8ve \u00e9galement qu\u2019un contrat estim\u00e9 \u00e0 des dizaines de milliards de dollars a \u00e9t\u00e9 pass\u00e9 entre Isra\u00ebl et les Etats-Unis pour l\u2019achat d\u2019armes. Une partie de ces cargaisons n\u2019a pas encore \u00e9t\u00e9 livr\u00e9e \u00e0 l\u2019Etat h\u00e9breu et devrait l\u2019\u00eatre dans les prochaines ann\u00e9es.<\/p>\n<p>Un sujet de tension sur la sc\u00e8ne politique am\u00e9ricaine<\/p>\n<p class=\"paragraph article-body-paragraph article__item   \">Le rapport de Costs of War fait \u00e9galement \u00e9tat de l\u2019importance grandissante de l\u2019aide militaire \u00e0 Isra\u00ebl dans le d\u00e9bat politique. Le s\u00e9nateur Bernie Sanders, issu des rangs de la gauche, a tent\u00e9 \u00e0 trois reprises de faire voter une r\u00e9solution pour suspendre la vente d\u2019armes \u00e0 Isra\u00ebl. Chaque tentative s\u2019\u00e9tant sold\u00e9e par un \u00e9chec. Toutefois, sa deuxi\u00e8me tentative a \u00e9t\u00e9 marqu\u00e9e par \u00ab\u00a0le soutien de la majorit\u00e9 des d\u00e9mocrates, en faisant de loin la plus large opposition contre l\u2019armement am\u00e9ricain d\u2019Isra\u00ebl jamais enregistr\u00e9e au Congr\u00e8s.\u00a0\u00bb<\/p>\n<p><strong class=\"article-body-link-list__item text-gray-800 article-body-link-list__item--one-item\">LIRE AUSSI : <a class=\"article-body-link-list__item-link\" href=\"https:\/\/www.lexpress.fr\/societe\/mossad-dgse-entre-rivalite-fascination-et-coups-fourres-a-paris-israel-joue-a-domicile-4WJZJILCLFCELKIHZ7K4QNSXDY\/\" target=\"_blank\" rel=\"noopener\">Mossad &#8211; DGSE, nos r\u00e9v\u00e9lations : entre rendez-vous secrets \u00e0 Paris et informateurs \u00e0 Gaza<\/a><\/strong><\/p>\n<p class=\"paragraph article-body-paragraph article__item    article__text__endpicto\">Le Quincy Institute, qui a particip\u00e9 \u00e0 l&rsquo;\u00e9tude, a \u00e9galement \u00e9t\u00e9 critiqu\u00e9 par des associations pro-Isra\u00ebl pour ses positions jug\u00e9es isolationnistes, accusations qu\u2019il r\u00e9fute. Pourtant, le think tank a \u00e9t\u00e9 nomm\u00e9 en honneur du pr\u00e9sident am\u00e9ricain lib\u00e9ral nationaliste John Quincy Adams, pour son opposition \u00e0 l\u2019interventionnisme militaire et aux politiques \u00e9trang\u00e8res.<\/p>\n","protected":false},"excerpt":{"rendered":"Il y a deux ans, le Hamas perp\u00e9trait un attentat terroriste sur le sol isra\u00e9lien. Plus de 1&hellip;\n","protected":false},"author":2,"featured_media":447873,"comment_status":"","ping_status":"","sticky":false,"template":"","format":"standard","meta":{"footnotes":""},"categories":[1589],"tags":[11,73,1866,74,12,31,1864,1865,1863,308],"class_list":{"0":"post-447872","1":"post","2":"type-post","3":"status-publish","4":"format-standard","5":"has-post-thumbnail","7":"category-etats-unis","8":"tag-actualites","9":"tag-etats-unis","10":"tag-etats-unis-damerique","11":"tag-monde","12":"tag-news","13":"tag-proche-et-moyen-orient","14":"tag-united-states","15":"tag-united-states-of-america","16":"tag-us","17":"tag-usa"},"share_on_mastodon":{"url":"https:\/\/pubeurope.com\/@fr\/115339466332311427","error":""},"_links":{"self":[{"href":"https:\/\/www.europesays.com\/fr\/wp-json\/wp\/v2\/posts\/447872","targetHints":{"allow":["GET"]}}],"collection":[{"href":"https:\/\/www.europesays.com\/fr\/wp-json\/wp\/v2\/posts"}],"about":[{"href":"https:\/\/www.europesays.com\/fr\/wp-json\/wp\/v2\/types\/post"}],"author":[{"embeddable":true,"href":"https:\/\/www.europesays.com\/fr\/wp-json\/wp\/v2\/users\/2"}],"replies":[{"embeddable":true,"href":"https:\/\/www.europesays.com\/fr\/wp-json\/wp\/v2\/comments?post=447872"}],"version-history":[{"count":0,"href":"https:\/\/www.europesays.com\/fr\/wp-json\/wp\/v2\/posts\/447872\/revisions"}],"wp:featuredmedia":[{"embeddable":true,"href":"https:\/\/www.europesays.com\/fr\/wp-json\/wp\/v2\/media\/447873"}],"wp:attachment":[{"href":"https:\/\/www.europesays.com\/fr\/wp-json\/wp\/v2\/media?parent=447872"}],"wp:term":[{"taxonomy":"category","embeddable":true,"href":"https:\/\/www.europesays.com\/fr\/wp-json\/wp\/v2\/categories?post=447872"},{"taxonomy":"post_tag","embeddable":true,"href":"https:\/\/www.europesays.com\/fr\/wp-json\/wp\/v2\/tags?post=447872"}],"curies":[{"name":"wp","href":"https:\/\/api.w.org\/{rel}","templated":true}]}}