{"id":447879,"date":"2025-10-08T16:25:23","date_gmt":"2025-10-08T16:25:23","guid":{"rendered":"https:\/\/www.europesays.com\/fr\/447879\/"},"modified":"2025-10-08T16:25:23","modified_gmt":"2025-10-08T16:25:23","slug":"virginie-grimaldi-se-confie-sur-la-diffusion-ce-soir-de-ladaptation-en-serie-de-son-roman","status":"publish","type":"post","link":"https:\/\/www.europesays.com\/fr\/447879\/","title":{"rendered":"Virginie Grimaldi se confie sur la diffusion ce soir de l&rsquo;adaptation en s\u00e9rie de son roman"},"content":{"rendered":"<p>Mercredi 8\u00a0octobre 2025, \u00e0 21.10, France 2 diffuse <b>Le Parfum du bonheur <\/b>(Notre avis) &#8211; <a href=\"https:\/\/www.programme-tv.net\/news\/series-tv\/389007-pas-encore-sortie-a-la-tele-la-serie-adaptee-dun-roman-de-virginie-grimaldi-cartonne-deja-en-streaming\/\" data-api-deeplink=\"teleloisirs:\/\/news\/389007\" rel=\"nofollow noopener\" target=\"_blank\">disponible depuis le 20\u00a0septembre sur France.tv<\/a> &#8211; l&rsquo;adaptation en s\u00e9rie du roman de <b>Virginie Grimaldi<\/b> \u00ab\u00a0Le parfum du bonheur est plus fort sous la pluie\u00a0\u00bb \u00e9dit\u00e9 chez Fayard. Plut\u00f4t discr\u00e8te, la romanci\u00e8re <a href=\"https:\/\/www.programme-tv.net\/news\/people\/300095-virginie-grimaldi-de-retour-avec-il-nous-restera-ca-grand-corps-malade-tout-de-suite-accepte-de-me-laisser-utiliser-le-titre-de-son-album-pour-le-livre-et-ce-gratuitement-ce-qui-est-rare\/\" data-api-deeplink=\"teleloisirs:\/\/news\/300095\" rel=\"nofollow noopener\" target=\"_blank\">auteure entres autres de \u00ab\u00a0Il nous restera \u00e7a\u00a0\u00bb <\/a>a accept\u00e9 d&rsquo;\u00eatre dans la lumi\u00e8re en occupant le poste de pr\u00e9sidente du Jury de <a href=\"https:\/\/www.programme-tv.net\/news\/series-tv\/388021-en-larmes-clementine-celarie-livre-un-discours-puissant-sur-les-violences-faites-aux-femmes-lors-de-la-ceremonie-de-cloture-du-festival-de-la-fiction-de-la-rochelle-video\/\" data-api-deeplink=\"teleloisirs:\/\/news\/388021\" rel=\"nofollow noopener\" target=\"_blank\">la 27e \u00e9dition du Festival de la fiction de La\u00a0Rochelle<\/a>, o\u00f9 \u00e9tait pr\u00e9sent\u00e9e cette fiction inspir\u00e9e de ses \u00e9crits. Elle se livre sur la s\u00e9rie adapt\u00e9e de son \u0153uvre et sur son rapport \u00e0 l&rsquo;\u00e9criture.<\/p>\n<p><b>Virginie Grimaldi (Le Parfum du bonheur)\u00a0: \u00ab\u00a0<\/b><b>La plupart de mes livres sont tir\u00e9s d&rsquo;une exp\u00e9rience personnelle<\/b><b>\u00ab\u00a0, la romanci\u00e8re se confie sur son rapport \u00e0 l&rsquo;\u00e9criture<\/b><\/p>\n<p><b>T\u00e9l\u00e9-Loisirs : La s\u00e9rie adapt\u00e9e de votre roman \u00ab\u00a0Le parfum du bonheur est plus fort sous la pluie\u00a0\u00bb est  diffus\u00e9e ce ercredi 8 octobre sur France 2. Quelle a \u00e9t\u00e9 votre implication dans ce projet\u00a0?<br \/>Virginie Grimaldi : <\/b>Je l&rsquo;ai suivi d&rsquo;assez pr\u00e8s. Comme c&rsquo;est toujours le cas, ce roman est tir\u00e9 d&rsquo;une exp\u00e9rience personnelle. Cela parle du deuil p\u00e9rinatal, un sujet qui est tr\u00e8s important et j&rsquo;avais \u00e0 c\u0153ur qu&rsquo;il soit bien trait\u00e9. Donc, j&rsquo;ai demand\u00e9 \u00e0 avoir un r\u00f4le de consultante sur le sc\u00e9nario. La sc\u00e9nariste, Samantha Mazeras, a \u00e9t\u00e9 formidable. Elle m&rsquo;envoyait les pages au fur et \u00e0 mesure de l&rsquo;\u00e9criture. J&rsquo;ai beaucoup ri et pleur\u00e9. C&rsquo;\u00e9tait vraiment tr\u00e8s fort. J&rsquo;ai eu la chance que le tournage ait lieu pr\u00e8s de chez moi, j&rsquo;ai donc pu m&rsquo;y rendre plusieurs fois. J&rsquo;ai m\u00eame eu un petit r\u00f4le dans la s\u00e9rie. C&rsquo;\u00e9tait g\u00e9nial. J&rsquo;ai vu les \u00e9pisodes plusieurs fois. Et j&rsquo;ai beaucoup pleur\u00e9 et ri aussi. Je m&rsquo;attendais \u00e0 ne pas forc\u00e9ment retrouver tout ce que j&rsquo;avais mis dans le livre. En tant qu&rsquo;\u00e9crivain, on doit prendre de la distance par rapport \u00e0 son \u0153uvre mais je trouve qu&rsquo;ils ont \u00e9t\u00e9 tr\u00e8s respectueux du texte dans le sc\u00e9nario. \u00c7a a \u00e9t\u00e9 au-del\u00e0 de mes attentes. J&rsquo;ai vraiment h\u00e2te que tout le monde puisse le voir.<\/p>\n<p><b>Est-ce difficile pour vous d&rsquo;avoir confi\u00e9 votre histoire \u00e0 d&rsquo;autres mains\u00a0?<br \/><\/b>Oui\u00a0! Et c&rsquo;est pour \u00e7a que je suis tr\u00e8s s\u00e9lective. Je refuse la plupart des propositions. Lors de notre rencontre, j&rsquo;ai senti la productrice extr\u00eamement respectueuse. Et je ne me suis pas tromp\u00e9e. Elle a pris le temps pour faire une s\u00e9rie tr\u00e8s qualitative. Je suis tr\u00e8s heureuse du r\u00e9sultat.<\/p>\n<p><b>Avez-vous en t\u00eate \u00e0 l&rsquo;\u00e9criture d&rsquo;un roman qu&rsquo;il pourrait \u00eatre adapt\u00e9 en fiction\u00a0?<br \/><\/b>Quand j&rsquo;\u00e9cris, je vois les sc\u00e8nes. On me dit souvent que j&rsquo;ai une \u00e9criture tr\u00e8s visuelle, tr\u00e8s cin\u00e9matographique. Quand j&rsquo;\u00e9cris un livre, je re\u00e7ois souvent une proposition d&rsquo;adaptation et \u00e7a me surprend, car ce sont souvent des histoires \u00e0 plusieurs voix et je me dis que \u00e7a doit \u00eatre plus difficile \u00e0 adapter. Je n&rsquo;en fais pas un sujet. C&rsquo;est super si \u00e7a se fait, mais ce n&rsquo;est pas une fin en soi. D&rsquo;ailleurs, les producteurs sont assez surpris que je refuse autant de propositions. Moi, mon livre est d\u00e9j\u00e0 sorti donc, je n&rsquo;ai plus rien \u00e0 gagner. Il a \u00e9t\u00e9 lu.<\/p>\n<p>Ce qui prime avant tout pour que j&rsquo;accepte une adaptation, c&rsquo;est que les lecteurs qui ont aim\u00e9 le livre et les t\u00e9l\u00e9spectateurs ne soient pas d\u00e9\u00e7us. C&rsquo;est vraiment le crit\u00e8re num\u00e9ro un. Je suis tr\u00e8s attentive \u00e0 l&rsquo;appropriation que va en faire le sc\u00e9nariste ou le r\u00e9alisateur. La plupart de mes livres sont tir\u00e9s d&rsquo;une exp\u00e9rience personnelle. Pour que j&rsquo;aie besoin d&rsquo;\u00e9crire, il faut que \u00e7a me remue vraiment\u00a0: il y en a qui sont tir\u00e9s du deuil de mon p\u00e8re, de la perte de mon enfant, de ce que j&rsquo;ai travers\u00e9 \u00e0 l&rsquo;adolescence. \u00c7a part toujours d&rsquo;une rencontre. Si le feeling est l\u00e0, je fonce, sinon, je d\u00e9cline. J&rsquo;ai un rapport tr\u00e8s personnel \u00e0 l&rsquo;\u00e9criture. Et c&rsquo;est fou parce que les lecteurs me disent que \u00e7a ressemble \u00e0 leur histoire alors que j&rsquo;ai \u00e9crit quelque chose de tr\u00e8s intime et je me dis que \u00e7a ne va parler \u00e0 personne. En fait, c&rsquo;est le contraire. C&rsquo;est la magie de l&rsquo;\u00e9criture.<\/p>\n<p><b>Quel serait votre conseil \u00e0 quelqu&rsquo;un qui voudrait devenir \u00e9crivain\u00a0?<br \/><\/b>C&rsquo;est tr\u00e8s difficile parce qu&rsquo;il n&rsquo;y a vraiment pas de m\u00e9thode. Le seul conseil, c&rsquo;est de trouver sa voix, sa musique. Ne pas essayer d&rsquo;\u00e9crire comme les autres. On me dit souvent qu&rsquo;on reconna\u00eet mon style de livre m\u00eame si les histoires sont diff\u00e9rentes. Ce qui a forg\u00e9 \u00e7a, c&rsquo;est que pendant 10 ans, j&rsquo;ai tenu un blog sur lequel j&rsquo;\u00e9crivais tous les jours. Et quand je relisais les premiers billets publi\u00e9s et les derniers, je voyais l&rsquo;\u00e9volution de mon style. Il s&rsquo;est vraiment affirm\u00e9. Et j&rsquo;ai trouv\u00e9 ma musique. Et puis, il faut \u00eatre sinc\u00e8re. \u00c9crire n&rsquo;est pas une envie, c&rsquo;est un besoin. En tout cas, moi, j&rsquo;ai besoin d&rsquo;un bouillonnement comme \u00e7a. Et quand je ressens \u00e7a, les mots viennent. Je dirais\u00a0: \u00e9crivez avec votre sinc\u00e9rit\u00e9 et trouvez votre propre musique.<\/p>\n","protected":false},"excerpt":{"rendered":"Mercredi 8\u00a0octobre 2025, \u00e0 21.10, France 2 diffuse Le Parfum du bonheur (Notre avis) &#8211; disponible depuis le&hellip;\n","protected":false},"author":2,"featured_media":447880,"comment_status":"","ping_status":"","sticky":false,"template":"","format":"standard","meta":{"footnotes":""},"categories":[1586],"tags":[11,2083,244,1777,674,1779,57356,1011,27,594,2173,57359,57358,57357,12,25,1778,364],"class_list":{"0":"post-447879","1":"post","2":"type-post","3":"status-publish","4":"format-standard","5":"has-post-thumbnail","7":"category-europe","8":"tag-actualites","9":"tag-bandes-annonces","10":"tag-commentaire","11":"tag-eu","12":"tag-europe","13":"tag-european-union","14":"tag-festival-de-la-fiction-tv-de-la-rochelle","15":"tag-fr","16":"tag-france","17":"tag-france-2","18":"tag-interview","19":"tag-le-parfum-du-bonheur","20":"tag-le-parfum-du-bonheur-1100676642","21":"tag-le-parfum-du-bonheur-1100676643","22":"tag-news","23":"tag-republique-francaise","24":"tag-ue","25":"tag-union-europeenne"},"share_on_mastodon":{"url":"https:\/\/pubeurope.com\/@fr\/115339481870749042","error":""},"_links":{"self":[{"href":"https:\/\/www.europesays.com\/fr\/wp-json\/wp\/v2\/posts\/447879","targetHints":{"allow":["GET"]}}],"collection":[{"href":"https:\/\/www.europesays.com\/fr\/wp-json\/wp\/v2\/posts"}],"about":[{"href":"https:\/\/www.europesays.com\/fr\/wp-json\/wp\/v2\/types\/post"}],"author":[{"embeddable":true,"href":"https:\/\/www.europesays.com\/fr\/wp-json\/wp\/v2\/users\/2"}],"replies":[{"embeddable":true,"href":"https:\/\/www.europesays.com\/fr\/wp-json\/wp\/v2\/comments?post=447879"}],"version-history":[{"count":0,"href":"https:\/\/www.europesays.com\/fr\/wp-json\/wp\/v2\/posts\/447879\/revisions"}],"wp:featuredmedia":[{"embeddable":true,"href":"https:\/\/www.europesays.com\/fr\/wp-json\/wp\/v2\/media\/447880"}],"wp:attachment":[{"href":"https:\/\/www.europesays.com\/fr\/wp-json\/wp\/v2\/media?parent=447879"}],"wp:term":[{"taxonomy":"category","embeddable":true,"href":"https:\/\/www.europesays.com\/fr\/wp-json\/wp\/v2\/categories?post=447879"},{"taxonomy":"post_tag","embeddable":true,"href":"https:\/\/www.europesays.com\/fr\/wp-json\/wp\/v2\/tags?post=447879"}],"curies":[{"name":"wp","href":"https:\/\/api.w.org\/{rel}","templated":true}]}}