{"id":447881,"date":"2025-10-08T16:26:09","date_gmt":"2025-10-08T16:26:09","guid":{"rendered":"https:\/\/www.europesays.com\/fr\/447881\/"},"modified":"2025-10-08T16:26:09","modified_gmt":"2025-10-08T16:26:09","slug":"le-pere-a-ete-interpelle-la-fillette-de-3-ans-en-bonne-sante","status":"publish","type":"post","link":"https:\/\/www.europesays.com\/fr\/447881\/","title":{"rendered":"le p\u00e8re a \u00e9t\u00e9 interpell\u00e9, la fillette de 3 ans \u00ab\u00a0en bonne sant\u00e9\u00a0\u00bb"},"content":{"rendered":"<p>            Par<br \/>\n        <strong><br \/>\n            <a href=\"https:\/\/actu.fr\/auteur\/antoine-sauvetre\" title=\"Consulter tous les articles de Antoine Sauvetre\" target=\"_blank\" rel=\"noopener\">Antoine Sauvetre<\/a><br \/>\n        <\/strong><\/p>\n<p>        Publi\u00e9 le<\/p>\n<p>            8 oct. 2025 \u00e0 15h37        <\/p>\n<p>Moins de 24\u00a0heures apr\u00e8s le <a href=\"https:\/\/actu.fr\/normandie\/alencon_61001\/une-alerte-enlevement-lancee-apres-la-disparition-dune-petite-fille-de-3-ans-dans-lorne_63269220.html\" target=\"_blank\" rel=\"noopener\">d\u00e9clenchement de l\u2019alerte enl\u00e8vement<\/a> \u00e0 la suite de la <b>disparition d\u2019une fillette de 3\u00a0ans<\/b> \u00e0 <a href=\"https:\/\/actu.fr\/normandie\/alencon_61001\" target=\"_blank\" rel=\"noopener\">Alen\u00e7on<\/a> (Orne), la jeune fille a \u00e9t\u00e9 retrouv\u00e9e <b>saine et sauve<\/b> et \u00ab\u2009en bonne sant\u00e9\u2009\u00bb, <b>dans le Morbihan<\/b>, ce mercredi 8\u00a0octobre 2025, en fin de matin\u00e9e.<br \/>Elle \u00e9tait en compagnie de son p\u00e8re, qui \u00e9tait soup\u00e7onn\u00e9 de l\u2019avoir enlev\u00e9 dans la soir\u00e9e de lundi 6 octobre, <b>au domicile de la m\u00e8re<\/b>, dans le quartier de Perseigne, \u00e0 Alen\u00e7on.<br \/>Le p\u00e8re de 36 ans a \u00e9t\u00e9 <b>interpell\u00e9 <\/b>et sera pr\u00e9sent\u00e9 \u00e0 un juge dans l\u2019apr\u00e8s-midi. La fillette, elle, sera rapidement remise \u00e0 sa maman.<\/p>\n<p>\u00ab\u2009Travail minutieux\u2009\u00bb de la police judiciaire<\/p>\n<p class=\" wall-content\">Le travail \u00ab\u2009minutieux\u2009\u00bb de la <b>police judiciaire <\/b>a donc port\u00e9 ses fruits. Dans une enqu\u00eate pour disparition inqui\u00e9tante, \u00ab\u2009il faut agir vite\u2009\u00bb, signale une source.<\/p>\n<p class=\" wall-content\">Les policiers sont parvenus \u00e0 retrouver le p\u00e8re et sa fille \u00e0 pr\u00e8s de 300\u00a0km d\u2019Alen\u00e7on, notamment en s\u2019appuyant sur le <b>bornage du t\u00e9l\u00e9phone<\/b> du mis en cause, mais aussi gr\u00e2ce \u00e0 des t\u00e9moignages de l\u2019environnement familial pour savoir o\u00f9 le p\u00e8re pouvait se cacher.<\/p>\n<p class=\" wall-content\">Ces t\u00e9moignages ont men\u00e9 les enqu\u00eateurs \u00e0\u00a0<b>plusieurs adresses potentielles<\/b>.<\/p>\n<p>Interpell\u00e9 sur le parking d\u2019un supermarch\u00e9<\/p>\n<p class=\" wall-content\">Selon nos informations, la piste du Morbihan les a men\u00e9s chez un ami du p\u00e8re, mais ce dernier a finalement \u00e9t\u00e9 interpell\u00e9 par la Brigade de recherche et d\u2019intervention (BRI) de Nantes, sur le <b>parking<\/b> de l\u2019Intermarch\u00e9 de <b>Saint-Av\u00e9,<\/b> pr\u00e8s de Vannes, en compagnie d\u2019un complice, r\u00e9v\u00e8le <a href=\"https:\/\/www.ouest-france.fr\/faits-divers\/disparition\/direct-disparition-dans-lorne-la-fillette-retrouvee-saine-et-sauve-le-suspect-interpelle-5d7d0d9d-2fd9-4af8-9ba1-4804606910d7\" target=\"_blank\" rel=\"noopener\">Ouest-France<\/a>.<\/p>\n<p class=\" wall-content\">Vers 15 h, le Parquet d\u2019Alen\u00e7on confirmait l\u2019interpellation du p\u00e8re dans un communiqu\u00e9 de presse. Il a \u00e9t\u00e9 plac\u00e9 en garde \u00e0 vue \u00ab\u00a0du chef d\u2019arrestation, <b>enl\u00e8vement et s\u00e9questration <\/b>ou d\u00e9tention arbitraire de mineure de 15 ans\u00a0\u00bb.<\/p>\n<p class=\" wall-content\">La vice-procureur, qui \u00ab\u00a0remercie l\u2019ensemble des personnes ayant permis de retrouver cette petite fille\u00a0\u00bb, signale que, dans cette affaire, \u00ab\u00a0<b>deux autres gardes \u00e0 vue<\/b> sont en cours\u00a0\u00bb.<\/p>\n<p>Le p\u00e8re avait perdu l\u2019autorit\u00e9 parentale<\/p>\n<p class=\" wall-content\">Le trentenaire <a href=\"https:\/\/actu.fr\/normandie\/alencon_61001\/disparition-inquietante-dune-fillette-de-3-ans-dans-lorne-ce-que-lon-sait_63270103.html\" target=\"_blank\" rel=\"noopener\">avait perdu l\u2019autorit\u00e9 parentale apr\u00e8s une condamnation<\/a>, en ao\u00fbt 2024, pour <a href=\"https:\/\/actu.fr\/normandie\/alencon_61001\/condamne-pour-de-nouvelles-violences-a-alencon-il-disait-avoir-appris-la-tolerance_61516422.html\" target=\"_blank\" rel=\"noopener\">violences conjugales mais aussi sur le fils de cette derni\u00e8re<\/a>, alors \u00e2g\u00e9 de 9 ans.\u00a0<\/p>\n<p>Votre r\u00e9gion, votre actu !<\/p>\n<p>Recevez chaque jour les infos qui comptent pour vous.<\/p>\n<p>\t<a href=\"https:\/\/actu.fr\/newsletter\" class=\"ac-btn ac-btn--corner ac-btn--medium ac-btn--blue800\" target=\"_blank\" rel=\"noopener\">S&rsquo;incrire<\/a><\/p>\n<p class=\" wall-content\">Dans la soir\u00e9e de lundi 6 octobre 2025, il s\u2019\u00e9tait pr\u00e9sent\u00e9 \u00e0 l\u2019appartement de son ex-conjointe en pr\u00e9textant vouloir r\u00e9cup\u00e9rer des affaires.<\/p>\n<p class=\" wall-content\">Il avait alors emmen\u00e9 sa fille de 3 ans et \u00e9tait parti au volant d\u2019une Peugeot 308. La m\u00e8re de famille, qui esp\u00e9rait un retour de son ex-compagnon et de sa fille, avait alert\u00e9 la police deux heures apr\u00e8s leur d\u00e9part.<\/p>\n<p class=\" wall-content\">La voiture du p\u00e8re, qui ne dispose pas d\u2019une adresse fixe, avait \u00e9t\u00e9 retrouv\u00e9e dans une commune proche d\u2019Alen\u00e7on.<\/p>\n<p class=\" wall-content\">L\u2019alerte enl\u00e8vement avait \u00e9t\u00e9 <a href=\"https:\/\/actu.fr\/normandie\/alencon_61001\/alerte-enlevement-dans-lorne-le-dispositif-leve-la-fillette-toujours-portee-disparue_63269445.html\" target=\"_blank\" rel=\"noopener\">lev\u00e9e par le parquet d\u2019Alen\u00e7on<\/a> peu apr\u00e8s 8\u2009h, alors que la jeune fille n\u2019avait pas encore \u00e9t\u00e9 retrouv\u00e9e.<\/p>\n<p class=\" wall-content\">Personnalisez votre actualit\u00e9 en ajoutant vos villes et m\u00e9dias en favori avec <a href=\"https:\/\/moncompte.actu.fr\" title=\"D\u00e9couvez Mon Actu\" rel=\"nofollow noopener\" data-trk=\"{&quot;cta&quot;:{&quot;action&quot;:&quot;https:\\\/\\\/moncompte.actu.fr&quot;,&quot;category&quot;:&quot;mon compte&quot;,&quot;from&quot;:&quot;article footer&quot;,&quot;name&quot;:&quot;Mon actu&quot;,&quot;type&quot;:&quot;cta&quot;}}\" target=\"_blank\">Mon Actu<\/a>.<\/p>\n","protected":false},"excerpt":{"rendered":"Par Antoine Sauvetre Publi\u00e9 le 8 oct. 2025 \u00e0 15h37 Moins de 24\u00a0heures apr\u00e8s le d\u00e9clenchement de l\u2019alerte&hellip;\n","protected":false},"author":2,"featured_media":447882,"comment_status":"","ping_status":"","sticky":false,"template":"","format":"standard","meta":{"footnotes":""},"categories":[2],"tags":[11,11250,118,1011,27,12,1072,25],"class_list":{"0":"post-447881","1":"post","2":"type-post","3":"status-publish","4":"format-standard","5":"has-post-thumbnail","7":"category-actualites","8":"tag-actualites","9":"tag-enlevements","10":"tag-faits-divers","11":"tag-fr","12":"tag-france","13":"tag-news","14":"tag-police","15":"tag-republique-francaise"},"share_on_mastodon":{"url":"https:\/\/pubeurope.com\/@fr\/115339485736647903","error":""},"_links":{"self":[{"href":"https:\/\/www.europesays.com\/fr\/wp-json\/wp\/v2\/posts\/447881","targetHints":{"allow":["GET"]}}],"collection":[{"href":"https:\/\/www.europesays.com\/fr\/wp-json\/wp\/v2\/posts"}],"about":[{"href":"https:\/\/www.europesays.com\/fr\/wp-json\/wp\/v2\/types\/post"}],"author":[{"embeddable":true,"href":"https:\/\/www.europesays.com\/fr\/wp-json\/wp\/v2\/users\/2"}],"replies":[{"embeddable":true,"href":"https:\/\/www.europesays.com\/fr\/wp-json\/wp\/v2\/comments?post=447881"}],"version-history":[{"count":0,"href":"https:\/\/www.europesays.com\/fr\/wp-json\/wp\/v2\/posts\/447881\/revisions"}],"wp:featuredmedia":[{"embeddable":true,"href":"https:\/\/www.europesays.com\/fr\/wp-json\/wp\/v2\/media\/447882"}],"wp:attachment":[{"href":"https:\/\/www.europesays.com\/fr\/wp-json\/wp\/v2\/media?parent=447881"}],"wp:term":[{"taxonomy":"category","embeddable":true,"href":"https:\/\/www.europesays.com\/fr\/wp-json\/wp\/v2\/categories?post=447881"},{"taxonomy":"post_tag","embeddable":true,"href":"https:\/\/www.europesays.com\/fr\/wp-json\/wp\/v2\/tags?post=447881"}],"curies":[{"name":"wp","href":"https:\/\/api.w.org\/{rel}","templated":true}]}}