{"id":447885,"date":"2025-10-08T16:28:12","date_gmt":"2025-10-08T16:28:12","guid":{"rendered":"https:\/\/www.europesays.com\/fr\/447885\/"},"modified":"2025-10-08T16:28:12","modified_gmt":"2025-10-08T16:28:12","slug":"lepita-france-travail-ile-de-france-its-group-sassocient-pour-former-les-futurs-experts-en-cybersecurite","status":"publish","type":"post","link":"https:\/\/www.europesays.com\/fr\/447885\/","title":{"rendered":"L\u2019EPITA, France Travail Ile-de-France &#038; ITS Group s\u2019associent pour former les futurs experts en cybers\u00e9curit\u00e9"},"content":{"rendered":"<p>\t\t\t\t\t\t\t\t<a href=\"https:\/\/solnum.b-cdn.net\/wp-content\/uploads\/2025\/10\/cp_epita_its_group_1920x1080-1.jpeg\" data-caption=\"\" rel=\"nofollow noopener\" target=\"_blank\"><img loading=\"lazy\" decoding=\"async\" width=\"696\" height=\"392\" class=\"entry-thumb td-modal-image\" src=\"data:image\/svg+xml,%3Csvg%20xmlns=\" http:=\"\" data-lazy- data-lazy- alt=\"\" title=\"CP_EPITA_ITS_Group_1920x1080\" data-lazy-src=\"https:\/\/www.europesays.com\/fr\/wp-content\/uploads\/2025\/10\/cp_epita_its_group_1920x1080-1-696x392.jpeg\"\/><\/a>\t\t\t\t\t\t<\/p>\n<p style=\"font-weight: 400\">Face \u00e0 la mont\u00e9e des cybermenaces et \u00e0 la forte demande de comp\u00e9tences sp\u00e9cialis\u00e9es, l\u2019EPITA, France Travail Ile-de-France et ITS Group s\u2019allient pour proposer une formation intensive en cybers\u00e9curit\u00e9. Cette formation est propos\u00e9e dans le cadre du dispositif de Pr\u00e9paration Op\u00e9rationnelle \u00e0 l\u2019Emploi Individuelle (POEI) de France Travail, con\u00e7u pour accompagner les demandeurs d\u2019emploi vers des m\u00e9tiers d\u2019avenir.<\/p>\n<p style=\"font-weight: 400\">Ce programme intensif de 80 jours sera dispens\u00e9 par des experts en cybers\u00e9curit\u00e9 et des enseignants-chercheurs. Il se d\u00e9roulera au Campus Cyber de La D\u00e9fense et pr\u00e9parera les participants \u00e0 obtenir une certification RNCP niveau 7 (\u00e9quivalent Bac +5) d\u00e9livr\u00e9e par l\u2019EPITA, reconnue par l\u2019\u00c9tat.<\/p>\n<p style=\"font-weight: 400\">Destin\u00e9e aux demandeurs d\u2019emploi d\u2019un niveau minimum RNCP 6 (Bac +3\/4) issus du secteur informatique ou de la s\u00e9curit\u00e9 num\u00e9rique, cette initiative a pour ambition de renforcer la cyber-r\u00e9silience des entreprises fran\u00e7aises et de favoriser le retour \u00e0 l\u2019emploi dans un domaine en plein essor.<\/p>\n<p style=\"font-weight: 400\"><strong>Une alliance strat\u00e9gique<\/strong><\/p>\n<p style=\"font-weight: 400\">Cette collaboration in\u00e9dite conjugue expertise acad\u00e9mique, engagement public et innovation num\u00e9rique afin de relever deux d\u00e9fis strat\u00e9giques : la transformation digitale et la souverainet\u00e9 nationale en cybers\u00e9curit\u00e9.<\/p>\n<p style=\"font-weight: 400\">Selon les chiffres de l\u2019Observatoire des m\u00e9tiers du num\u00e9rique, de l\u2019ing\u00e9nierie, du conseil et des m\u00e9tiers de l\u2019\u00e9v\u00e9nement (mai 2025), le secteur de la cybers\u00e9curit\u00e9 emploie aujourd\u2019hui environ 45\u00a0000 professionnels et devrait repr\u00e9senter 70 000 postes d\u2019ici 2028. Les entreprises se heurtent ainsi \u00e0 une p\u00e9nurie de comp\u00e9tences qualifi\u00e9es. Cette formation intensive, d\u00e9ploy\u00e9e dans le cadre de la POEI, apporte une r\u00e9ponse concr\u00e8te \u00e0 ce d\u00e9fi en permettant \u00e0 des acteurs comme ITS d\u2019int\u00e9grer des talents imm\u00e9diatement op\u00e9rationnels, form\u00e9s par une \u00e9cole d\u2019ing\u00e9nieurs reconnue dans un secteur hautement strat\u00e9gique.<\/p>\n<p style=\"font-weight: 400\">Les candidatures sont encore ouvertes. Pour postuler, se rendre sur le site carri\u00e8re ITS Group\u00a0: \u00ab\u00a0<a href=\"https:\/\/carriere.itsgroup.fr\/3048\/detail_annonce.php\" rel=\"nofollow noopener\" target=\"_blank\">Appel \u00e0 candidatures : POEI en Cybers\u00e9curit\u00e9<\/a>\u00a0\u00bb<\/p>\n<p style=\"font-weight: 400\">Sylvain GOUSSOT, Directeur G\u00e9n\u00e9ral de l\u2019EPITA.<\/p>\n<p style=\"font-weight: 400\">\u00ab\u00a0La cybers\u00e9curit\u00e9 n\u2019est plus seulement une sp\u00e9cialisation, c\u2019est d\u00e9sormais une comp\u00e9tence vitale pour toutes les organisations. Nous sommes fiers, avec France Travail et ITS Group, d\u2019offrir \u00e0 des professionnels en reconversion une formation exigeante et reconnue.\u00a0\u00bb<\/p>\n<p style=\"font-weight: 400\">David CEDILLE, Directeur du service formation France Travail Ile-de-France<\/p>\n<p style=\"font-weight: 400\">\u00ab\u00a0Pour ce partenariat, France Travail mobilise une solution sur mesure afin de r\u00e9pondre pr\u00e9cis\u00e9ment aux attentes d\u2019ITS Group. La POEI permet de former des talents imm\u00e9diatement op\u00e9rationnels, en parfaite ad\u00e9quation avec les enjeux strat\u00e9giques du march\u00e9, tels que ceux li\u00e9s \u00e0 la cybers\u00e9curit\u00e9. Cette collaboration t\u00e9moigne de notre engagement \u00e0 faciliter l\u2019insertion professionnelle tout en garantissant aux entreprises des comp\u00e9tences adapt\u00e9es \u00e0 leurs besoins critiques.\u00a0\u00bb<\/p>\n<p style=\"font-weight: 400\">Jean-Michel B\u00c9NARD, Pr\u00e9sident Directeur G\u00e9n\u00e9ral, ITS Group<\/p>\n<p style=\"font-weight: 400\">\u00ab\u00a0Les m\u00e9tiers autour de la cybers\u00e9curit\u00e9 sont au c\u0153ur de la souverainet\u00e9 num\u00e9rique et font l\u00e9gitiment face \u00e0 une forte demande de nos Clients.<\/p>\n<p style=\"font-weight: 400\">Les \u00e9quipes d\u2019ITS Group ont toujours \u00e9t\u00e9, depuis 1997, au c\u0153ur des probl\u00e9matiques des infrastructures et de leur maintien en conditions op\u00e9rationnelles de s\u00e9curit\u00e9.<\/p>\n<p style=\"font-weight: 400\">Nous sommes ravis de cette collaboration prometteuse avec l\u2019EPITA et France Travail, \u00e0 la formation de futurs experts capables d\u2019accompagner durablement les entreprises dans leurs enjeux de protection et de r\u00e9silience.\u00a0\u00bb<\/p>\n","protected":false},"excerpt":{"rendered":"Face \u00e0 la mont\u00e9e des cybermenaces et \u00e0 la forte demande de comp\u00e9tences sp\u00e9cialis\u00e9es, l\u2019EPITA, France Travail Ile-de-France&hellip;\n","protected":false},"author":2,"featured_media":447886,"comment_status":"","ping_status":"","sticky":false,"template":"","format":"standard","meta":{"footnotes":""},"categories":[4],"tags":[11,1011,27,12,25],"class_list":{"0":"post-447885","1":"post","2":"type-post","3":"status-publish","4":"format-standard","5":"has-post-thumbnail","7":"category-france","8":"tag-actualites","9":"tag-fr","10":"tag-france","11":"tag-news","12":"tag-republique-francaise"},"share_on_mastodon":{"url":"https:\/\/pubeurope.com\/@fr\/115339493832071387","error":""},"_links":{"self":[{"href":"https:\/\/www.europesays.com\/fr\/wp-json\/wp\/v2\/posts\/447885","targetHints":{"allow":["GET"]}}],"collection":[{"href":"https:\/\/www.europesays.com\/fr\/wp-json\/wp\/v2\/posts"}],"about":[{"href":"https:\/\/www.europesays.com\/fr\/wp-json\/wp\/v2\/types\/post"}],"author":[{"embeddable":true,"href":"https:\/\/www.europesays.com\/fr\/wp-json\/wp\/v2\/users\/2"}],"replies":[{"embeddable":true,"href":"https:\/\/www.europesays.com\/fr\/wp-json\/wp\/v2\/comments?post=447885"}],"version-history":[{"count":0,"href":"https:\/\/www.europesays.com\/fr\/wp-json\/wp\/v2\/posts\/447885\/revisions"}],"wp:featuredmedia":[{"embeddable":true,"href":"https:\/\/www.europesays.com\/fr\/wp-json\/wp\/v2\/media\/447886"}],"wp:attachment":[{"href":"https:\/\/www.europesays.com\/fr\/wp-json\/wp\/v2\/media?parent=447885"}],"wp:term":[{"taxonomy":"category","embeddable":true,"href":"https:\/\/www.europesays.com\/fr\/wp-json\/wp\/v2\/categories?post=447885"},{"taxonomy":"post_tag","embeddable":true,"href":"https:\/\/www.europesays.com\/fr\/wp-json\/wp\/v2\/tags?post=447885"}],"curies":[{"name":"wp","href":"https:\/\/api.w.org\/{rel}","templated":true}]}}