{"id":447893,"date":"2025-10-08T16:32:11","date_gmt":"2025-10-08T16:32:11","guid":{"rendered":"https:\/\/www.europesays.com\/fr\/447893\/"},"modified":"2025-10-08T16:32:11","modified_gmt":"2025-10-08T16:32:11","slug":"atp-shanghai-andy-roddick-certaines-personnes-sont-en-colere-parce-que-carlos-alcaraz-a-decide-de-ne-pas-jouer-tandis-que-jannik-sinner-a-abandonne-mais-ce-nest-pas-de-leur-faute","status":"publish","type":"post","link":"https:\/\/www.europesays.com\/fr\/447893\/","title":{"rendered":"ATP &#8211; Shanghai > Andy Roddick : \u00ab\u00a0Certaines personnes sont en col\u00e8re parce que Carlos Alcaraz a d\u00e9cid\u00e9 de ne pas jouer tandis que Jannik Sinner a abandonn\u00e9. Mais ce n&rsquo;est pas de leur faute\u00a0\u00bb"},"content":{"rendered":"<p>Alors que le rythme du calen\u00addrier ATP continue de faire beau\u00adcoup parler au sein du circuit, Andy Roddick, ancien num\u00e9ro 1 mondial, a d\u00e9cid\u00e9 d\u2019en remettre une petite couche suite au retrait de Carlos Alcaraz sur le Masters 1000 de Shanghai et l\u2019abandon de Jannik Sinner.<\/p>\n<p>Selon l\u2019Am\u00e9ricain, qui s\u2019est exprim\u00e9 dans le dernier \u00e9pisode de son podcast, les joueurs et les fans sont les premi\u00e8res victimes.\u00a0<\/p>\n<p><strong>\u00ab\u202fSinner a \u00e9videm\u00adment pay\u00e9 le prix du calen\u00addrier et Alcaraz \u00e9gale\u00adment pour sa program\u00adma\u00adtion. Il est impos\u00adsible d\u2019\u00eatre parfait physi\u00adque\u00adment et menta\u00adle\u00adment semaine apr\u00e8s semaine. Ces gars\u2010l\u00e0 peuvent g\u00e9n\u00e9\u00adra\u00adle\u00adment gagner m\u00eame quand ils ne le sont pas. Il faut faire des conces\u00adsions. Ce calen\u00addrier continue d\u2019\u00eatre nul, il a toujours \u00e9t\u00e9 nul. Et \u00e7a ne fait qu\u2019empirer. Qui paie la facture\u202f? Souvent, ce sont les fans. Les joueurs aussi, bien s\u00fbr. Mais il faut faire des compromis. Certaines personnes sont en col\u00e8re parce qu\u2019Alcaraz a d\u00e9cid\u00e9 de ne pas jouer tandis que Sinner a aban\u00addonn\u00e9. Ce n\u2019est pas de leur faute. On ne peut pas tout faire tout le temps. Du 1er janvier \u00e0 la fin novembre, ann\u00e9e apr\u00e8s ann\u00e9e. C\u2019est tout simple\u00adment impos\u00adsible. C\u2019est trop demander. Il faut faire des conces\u00adsions, et c\u2019est ce qui se passe cette semaine \u00e0 Shanghai, sans Alcaraz ni Sinner.\u202f\u00bb<\/strong><\/p>\n<p class=\"post-published-date\" style=\"color: silver; font-size: 75%; text-align: left;\">Publi\u00e9 le mercredi 8 octobre 2025 \u00e0 14:44<\/p>\n","protected":false},"excerpt":{"rendered":"Alors que le rythme du calen\u00addrier ATP continue de faire beau\u00adcoup parler au sein du circuit, Andy Roddick,&hellip;\n","protected":false},"author":2,"featured_media":20652,"comment_status":"","ping_status":"","sticky":false,"template":"","format":"standard","meta":{"footnotes":""},"categories":[1415],"tags":[1744,1011,27,2127,60,1467],"class_list":{"0":"post-447893","1":"post","2":"type-post","3":"status-publish","4":"format-standard","5":"has-post-thumbnail","7":"category-tennis","8":"tag-alcaraz","9":"tag-fr","10":"tag-france","11":"tag-sinner","12":"tag-sports","13":"tag-tennis"},"share_on_mastodon":{"url":"https:\/\/pubeurope.com\/@fr\/115339509322585067","error":""},"_links":{"self":[{"href":"https:\/\/www.europesays.com\/fr\/wp-json\/wp\/v2\/posts\/447893","targetHints":{"allow":["GET"]}}],"collection":[{"href":"https:\/\/www.europesays.com\/fr\/wp-json\/wp\/v2\/posts"}],"about":[{"href":"https:\/\/www.europesays.com\/fr\/wp-json\/wp\/v2\/types\/post"}],"author":[{"embeddable":true,"href":"https:\/\/www.europesays.com\/fr\/wp-json\/wp\/v2\/users\/2"}],"replies":[{"embeddable":true,"href":"https:\/\/www.europesays.com\/fr\/wp-json\/wp\/v2\/comments?post=447893"}],"version-history":[{"count":0,"href":"https:\/\/www.europesays.com\/fr\/wp-json\/wp\/v2\/posts\/447893\/revisions"}],"wp:featuredmedia":[{"embeddable":true,"href":"https:\/\/www.europesays.com\/fr\/wp-json\/wp\/v2\/media\/20652"}],"wp:attachment":[{"href":"https:\/\/www.europesays.com\/fr\/wp-json\/wp\/v2\/media?parent=447893"}],"wp:term":[{"taxonomy":"category","embeddable":true,"href":"https:\/\/www.europesays.com\/fr\/wp-json\/wp\/v2\/categories?post=447893"},{"taxonomy":"post_tag","embeddable":true,"href":"https:\/\/www.europesays.com\/fr\/wp-json\/wp\/v2\/tags?post=447893"}],"curies":[{"name":"wp","href":"https:\/\/api.w.org\/{rel}","templated":true}]}}