{"id":447894,"date":"2025-10-08T16:34:12","date_gmt":"2025-10-08T16:34:12","guid":{"rendered":"https:\/\/www.europesays.com\/fr\/447894\/"},"modified":"2025-10-08T16:34:12","modified_gmt":"2025-10-08T16:34:12","slug":"motogp-indonesie-j3-alex-rins-yamaha-10-en-lutte-pour-le-podium-ca-ma-rappele-le-bon-vieux-temps-avec-la-suzuki","status":"publish","type":"post","link":"https:\/\/www.europesays.com\/fr\/447894\/","title":{"rendered":"MotoGP, Indon\u00e9sie J3, \u00c1lex Rins (Yamaha\/10) en lutte pour le podium : \u00ab\u00a0\u00c7a m&rsquo;a rappel\u00e9 le bon vieux temps avec la Suzuki\u00a0\u00bb"},"content":{"rendered":"<p><strong>\u00c1lex Rins a cr\u00e9\u00e9 la surprise en s\u2019invitant dans la lutte<br \/>\npour le podium en Indon\u00e9sie, une premi\u00e8re depuis son arriv\u00e9e chez<br \/>\nYamaha l\u2019an dernier.<\/strong><\/p>\n<p>En Indon\u00e9sie le week-end dernier, <strong>\u00c1lex Rins<\/strong> a<br \/>\nretrouv\u00e9 de sa superbe. Lui qui \u00e9volue dans le fond du classement<br \/>\ndepuis qu\u2019il a rejoint Yamaha, et particuli\u00e8rement cette ann\u00e9e,<br \/>\ns\u2019est retrouv\u00e9 aux avant-postes et ce d\u00e8s la premi\u00e8re s\u00e9ance. Pour<br \/>\nla troisi\u00e8me fois seulement depuis le d\u00e9but de la saison, il est<br \/>\npass\u00e9 directement en Q2 d\u00e8s le vendredi, et a ensuite r\u00e9alis\u00e9 sa<br \/>\nmeilleure qualification depuis qu\u2019il roule sur la M1.<\/p>\n<p>Quatri\u00e8me sur la grille, il a maintenu sa place au d\u00e9part, avant<br \/>\nde se retrouver cinqui\u00e8me durant toute la premi\u00e8re partie de la<br \/>\ncourse. Ensuite, il a profit\u00e9 <a href=\"https:\/\/www.paddock-gp.com\/motogp-indonesie-j3-raul-fernandez-aprilia-6-repond-a-luca-marini-cest-lui-qui-a-fait-une-erreur\/\" target=\"_blank\" rel=\"noopener nofollow\">du contact entre Luca Marini et Ra\u00fal<br \/>\nFern\u00e1ndez<\/a> pour se glisser au troisi\u00e8me rang, et s\u2019est d\u00e8s lors<br \/>\nbattu pour prendre la seconde position \u00e0 Pedro Acosta puis pour<br \/>\nrester sur le podium. Victime de ses pneumatiques, il a d\u00e9gringol\u00e9<br \/>\nau classement lors des derniers tours pour finalement terminer<br \/>\ndixi\u00e8me.<\/p>\n<p><img loading=\"lazy\" decoding=\"async\" class=\"aligncenter size-full wp-image-1337225\" src=\"https:\/\/www.europesays.com\/fr\/wp-content\/uploads\/2025\/10\/MEYMm__TIN4852-2.jpg\" alt=\"Alex Rins Indon\u00e9sie\" width=\"800\" height=\"533\"  \/><\/p>\n<p>Un r\u00e9sultat qui ne refl\u00e8te pas la solide course qu\u2019il a r\u00e9alis\u00e9e<br \/>\nmais, dans le fond, le pilote espagnol s\u2019en fiche un peu. Il a<br \/>\nretrouv\u00e9 le plaisir de s\u2019amuser en course, ce qui ne lui \u00e9tait pas<br \/>\narriv\u00e9 depuis longtemps. Bien qu\u2019il ne sache pas s\u2019il s\u2019agissait<br \/>\nd\u2019un coup d\u2019\u00e9clat ou d\u2019un d\u00e9clic, il reconna\u00eet que le GP<br \/>\nd\u2019Indon\u00e9sie lui a fait beaucoup de bien.<\/p>\n<p>\u00ab\u00a0\u00c7a a \u00e9t\u00e9 assez dur pour moi. Je suis tr\u00e8s content,<br \/>\npas de la course, mais du week-end, parce que \u00e7a me rappelle un peu<br \/>\nle bon vieux temps, avec la Suzuki, o\u00f9 je m\u2019amusais. J\u2019ai plut\u00f4t<br \/>\nbien rou\u00e9. J\u2019ai d\u00e9fendu ma position. J\u2019ai doubl\u00e9. On a pass\u00e9 un<br \/>\nsuper week-end\u00a0\u00bb, a-t-il d\u00e9clar\u00e9.<\/p>\n<p>\u00ab\u00a0C\u2019est dommage. On savait avant le d\u00e9but de la course<br \/>\nqu\u2019on allait souffrir avec les pneus tendres. Je m\u2019attendais \u00e0 une<br \/>\nusure rapide mais, finalement, \u00e7a n\u2019est arriv\u00e9 que dans les cinq<br \/>\nderniers tours. J\u2019ai tout donn\u00e9. J\u2019ai essay\u00e9 de contr\u00f4ler le pneu<br \/>\narri\u00e8re. Et jusque dans les cinq derniers tours, j\u2019ai \u00e9t\u00e9 l\u00e0. On<br \/>\nverra bien ce qu\u2019il se passera \u00e0 Phillip Island. On en a de tr\u00e8s<br \/>\nbons souvenirs. Mais oui, je suis plut\u00f4t content, on est<br \/>\nperformants. \u00c0 cinq ou sept tours de l\u2019arriv\u00e9e, j\u2019\u00e9tais deuxi\u00e8me et<br \/>\nj\u2019en ai vraiment profit\u00e9.\u00a0\u00bb<\/p>\n<p><strong>R\u00e9sultats du Grand Prix d\u2019Indon\u00e9sie 2025<br \/>\n:<\/strong><\/p>\n<p><img loading=\"lazy\" decoding=\"async\" class=\"aligncenter size-full wp-image-1336517\" src=\"https:\/\/www.europesays.com\/fr\/wp-content\/uploads\/2025\/10\/Capture-decran-2025-10-05-101114.png\" alt=\"GP Indon\u00e9sie\" width=\"810\" height=\"485\"  \/><\/p>\n<p>Cr\u00e9dit classement :\u00a0<a href=\"https:\/\/www.motogp.com\/fr\/live+timing\/data-timing\/standing\" target=\"_blank\" rel=\"noopener nofollow\">MotoGP.com<\/a><\/p>\n","protected":false},"excerpt":{"rendered":"\u00c1lex Rins a cr\u00e9\u00e9 la surprise en s\u2019invitant dans la lutte pour le podium en Indon\u00e9sie, une premi\u00e8re&hellip;\n","protected":false},"author":2,"featured_media":447895,"comment_status":"","ping_status":"","sticky":false,"template":"","format":"standard","meta":{"footnotes":""},"categories":[1413],"tags":[1011,27,1457,1456,60],"class_list":{"0":"post-447894","1":"post","2":"type-post","3":"status-publish","4":"format-standard","5":"has-post-thumbnail","7":"category-moto","8":"tag-fr","9":"tag-france","10":"tag-moto","11":"tag-motocycle","12":"tag-sports"},"share_on_mastodon":{"url":"https:\/\/pubeurope.com\/@fr\/115339517933770272","error":""},"_links":{"self":[{"href":"https:\/\/www.europesays.com\/fr\/wp-json\/wp\/v2\/posts\/447894","targetHints":{"allow":["GET"]}}],"collection":[{"href":"https:\/\/www.europesays.com\/fr\/wp-json\/wp\/v2\/posts"}],"about":[{"href":"https:\/\/www.europesays.com\/fr\/wp-json\/wp\/v2\/types\/post"}],"author":[{"embeddable":true,"href":"https:\/\/www.europesays.com\/fr\/wp-json\/wp\/v2\/users\/2"}],"replies":[{"embeddable":true,"href":"https:\/\/www.europesays.com\/fr\/wp-json\/wp\/v2\/comments?post=447894"}],"version-history":[{"count":0,"href":"https:\/\/www.europesays.com\/fr\/wp-json\/wp\/v2\/posts\/447894\/revisions"}],"wp:featuredmedia":[{"embeddable":true,"href":"https:\/\/www.europesays.com\/fr\/wp-json\/wp\/v2\/media\/447895"}],"wp:attachment":[{"href":"https:\/\/www.europesays.com\/fr\/wp-json\/wp\/v2\/media?parent=447894"}],"wp:term":[{"taxonomy":"category","embeddable":true,"href":"https:\/\/www.europesays.com\/fr\/wp-json\/wp\/v2\/categories?post=447894"},{"taxonomy":"post_tag","embeddable":true,"href":"https:\/\/www.europesays.com\/fr\/wp-json\/wp\/v2\/tags?post=447894"}],"curies":[{"name":"wp","href":"https:\/\/api.w.org\/{rel}","templated":true}]}}