{"id":447896,"date":"2025-10-08T16:35:19","date_gmt":"2025-10-08T16:35:19","guid":{"rendered":"https:\/\/www.europesays.com\/fr\/447896\/"},"modified":"2025-10-08T16:35:19","modified_gmt":"2025-10-08T16:35:19","slug":"sergio-conceicao-succede-a-laurent-blanc-a-la-tete-dal-ittihad","status":"publish","type":"post","link":"https:\/\/www.europesays.com\/fr\/447896\/","title":{"rendered":"Sergio Concei\u00e7ao succ\u00e8de \u00e0 Laurent Blanc \u00e0 la t\u00eate d\u2019Al-Ittihad"},"content":{"rendered":"<p>Libre de tout contrat, l\u2019ancien entra\u00eeneur de l\u2019AC Milan, de Porto et du FC Nantes s\u2019est engag\u00e9 avec le club d\u2019Al-Ittihad en Arabie saoudite.<\/p>\n<p class=\"fig-paragraph\">Le Portugais\u00a0<a href=\"http:\/\/www.lefigaro.fr\/sports\/football\/italie\/serie-a-l-ac-milan-se-separe-de-son-entraineur-sergio-conceicao-20250529\" target=\"_blank\" data-fig-type=\"NewsFlash\" rel=\"nofollow noopener\" data-gtm-custom-categorie=\"navigation\" data-gtm-custom-action=\"crossclick\" data-gtm-custom-label=\"Contextuel\" data-gtm-event=\"customEventSPE\" data-fig-domain=\"LEFIGARO\">Sergio Concei\u00e7ao<\/a>, libre de tout contrat depuis son d\u00e9part de l&rsquo;AC Milan en mai, s&rsquo;est engag\u00e9 avec<a href=\"http:\/\/www.lefigaro.fr\/sports\/football\/football-laurent-blanc-vire-par-al-ittihad-apres-une-defaite-contre-l-al-nassr-de-ronaldo-20250928\" target=\"_blank\" data-fig-type=\"NewsFlash\" rel=\"nofollow noopener\" data-gtm-custom-categorie=\"navigation\" data-gtm-custom-action=\"crossclick\" data-gtm-custom-label=\"Contextuel\" data-gtm-event=\"customEventSPE\" data-fig-domain=\"LEFIGARO\">\u00a0Al-Ittihad<\/a>, le champion en titre d&rsquo;Arabie Saoudite, a annonc\u00e9 mercredi le club de Jeddah dans une vid\u00e9o post\u00e9e sur son compte X. \u00abLa victoire n&rsquo;est pas un choix. C&rsquo;est ce qui nous d\u00e9finit. Les adversaires peuvent changer et leurs alli\u00e9s tomber, le champion demeure. Il est le ma\u00eetre du jeu. Je suis Sergio Conceicao, je suis venu pour construire la gloire avec Al-Ittihad\u00bb est-il dit dans cette vid\u00e9o qui ne pr\u00e9cise ni le montant, ni la dur\u00e9e du contrat du technicien portugais.<\/p>\n<p class=\"fig-paragraph\">L\u2019ancien entra\u00eeneur du\u00a0<a href=\"http:\/\/www.lefigaro.fr\/sports\/football\/ligue-1\/ligue-1-si-antoine-kombouare-restait-je-partais-l-attaquant-du-fc-nantes-mostafa-mohamed-tacle-son-ancien-entraineur-20250926\" target=\"_blank\" data-fig-type=\"NewsFlash\" rel=\"nofollow noopener\" data-gtm-custom-categorie=\"navigation\" data-gtm-custom-action=\"crossclick\" data-gtm-custom-label=\"Contextuel\" data-gtm-event=\"customEventSPE\" data-fig-domain=\"LEFIGARO\">FC Nantes<\/a>, Concei\u00e7ao, 50 ans, remplace le Fran\u00e7ais Laurent Blanc, limog\u00e9 par Al-Ittihad le 28 septembre, apr\u00e8s une d\u00e9faite 2-0 contre Al-Nassr, le club de\u00a0<a href=\"http:\/\/www.lefigaro.fr\/sports\/football\/foot-cristiano-ronaldo-designe-meilleur-de-tous-les-temps-par-la-liga-portugal-20250911\" target=\"_blank\" data-fig-type=\"NewsFlash\" rel=\"nofollow noopener\" data-gtm-custom-categorie=\"navigation\" data-gtm-custom-action=\"crossclick\" data-gtm-custom-label=\"Contextuel\" data-gtm-event=\"customEventSPE\" data-fig-domain=\"LEFIGARO\">Cristiano Ronaldo<\/a>. Al-Ittihad, le club de\u00a0<a href=\"http:\/\/www.lefigaro.fr\/sports\/football\/foot-al-nassr-et-cristiano-ronaldo-s-offrent-l-al-ittihad-de-karim-benzema-a-hong-kong-la-star-portugaise-accueillie-en-heros-20250819\" target=\"_blank\" data-fig-type=\"NewsFlash\" rel=\"nofollow noopener\" data-gtm-custom-categorie=\"navigation\" data-gtm-custom-action=\"crossclick\" data-gtm-custom-label=\"Contextuel\" data-gtm-event=\"customEventSPE\" data-fig-domain=\"LEFIGARO\">Karim Benzema<\/a>\u00a0et N&rsquo;golo Kant\u00e9, qui a r\u00e9alis\u00e9 le doubl\u00e9 coupe-championnat la saison pass\u00e9e, est actuellement 3e du championnat saoudien.<\/p>\n","protected":false},"excerpt":{"rendered":"Libre de tout contrat, l\u2019ancien entra\u00eeneur de l\u2019AC Milan, de Porto et du FC Nantes s\u2019est engag\u00e9 avec&hellip;\n","protected":false},"author":2,"featured_media":447897,"comment_status":"","ping_status":"","sticky":false,"template":"","format":"standard","meta":{"footnotes":""},"categories":[1412],"tags":[4947,1451,462,1452,1453,1454,1455,1011,27,54916,60],"class_list":{"0":"post-447896","1":"post","2":"type-post","3":"status-publish","4":"format-standard","5":"has-post-thumbnail","7":"category-f1","8":"tag-arabie-saoudite","9":"tag-f1","10":"tag-fc-nantes","11":"tag-formula-1","12":"tag-formula1","13":"tag-formule-1","14":"tag-formule1","15":"tag-fr","16":"tag-france","17":"tag-laurent-blanc","18":"tag-sports"},"share_on_mastodon":{"url":"https:\/\/pubeurope.com\/@fr\/115339521217365272","error":""},"_links":{"self":[{"href":"https:\/\/www.europesays.com\/fr\/wp-json\/wp\/v2\/posts\/447896","targetHints":{"allow":["GET"]}}],"collection":[{"href":"https:\/\/www.europesays.com\/fr\/wp-json\/wp\/v2\/posts"}],"about":[{"href":"https:\/\/www.europesays.com\/fr\/wp-json\/wp\/v2\/types\/post"}],"author":[{"embeddable":true,"href":"https:\/\/www.europesays.com\/fr\/wp-json\/wp\/v2\/users\/2"}],"replies":[{"embeddable":true,"href":"https:\/\/www.europesays.com\/fr\/wp-json\/wp\/v2\/comments?post=447896"}],"version-history":[{"count":0,"href":"https:\/\/www.europesays.com\/fr\/wp-json\/wp\/v2\/posts\/447896\/revisions"}],"wp:featuredmedia":[{"embeddable":true,"href":"https:\/\/www.europesays.com\/fr\/wp-json\/wp\/v2\/media\/447897"}],"wp:attachment":[{"href":"https:\/\/www.europesays.com\/fr\/wp-json\/wp\/v2\/media?parent=447896"}],"wp:term":[{"taxonomy":"category","embeddable":true,"href":"https:\/\/www.europesays.com\/fr\/wp-json\/wp\/v2\/categories?post=447896"},{"taxonomy":"post_tag","embeddable":true,"href":"https:\/\/www.europesays.com\/fr\/wp-json\/wp\/v2\/tags?post=447896"}],"curies":[{"name":"wp","href":"https:\/\/api.w.org\/{rel}","templated":true}]}}