{"id":447911,"date":"2025-10-08T16:43:10","date_gmt":"2025-10-08T16:43:10","guid":{"rendered":"https:\/\/www.europesays.com\/fr\/447911\/"},"modified":"2025-10-08T16:43:10","modified_gmt":"2025-10-08T16:43:10","slug":"cetait-mieux-demain-une-comedie-maladroite-et-repetitive-telerama","status":"publish","type":"post","link":"https:\/\/www.europesays.com\/fr\/447911\/","title":{"rendered":"\u201cC\u2019\u00e9tait mieux demain\u201d : une com\u00e9die maladroite et r\u00e9p\u00e9titive &#8211; T\u00e9l\u00e9rama"},"content":{"rendered":"<ol>\n<li><a href=\"https:\/\/news.google.com\/rss\/articles\/CBMipwFBVV95cUxNTDdxckNSR3dLTDFveU8xVTMycllLRXRxYTVycWIwbF9PZGxWenJUYjZMdm10c0Z2MERRSTdocDh3WllXNDFHdFdnTzVpeGFhUzkzYWdtZml0akVWMUJXcC1zM05BRzFMZE0yUWZmNVljVWVOOHlKZE5zQ2FLLWZvVXlIQ2c5ZzMwNEZpMFlldEhBN09ObE5Od0RTc2VpaXN2ZUtMWENhcw?oc=5\" target=\"_blank\" rel=\"nofollow noopener\">\u201cC\u2019\u00e9tait mieux demain\u201d : une com\u00e9die maladroite et r\u00e9p\u00e9titive<\/a>&nbsp;&nbsp;T\u00e9l\u00e9rama<\/li>\n<li><a href=\"https:\/\/news.google.com\/rss\/articles\/CBMi3wFBVV95cUxQU0dOSm9TcjZOMjYyeHY3Mk9EbThaLXhqSGtSZnlRRTJ0czRVcmxfdl9tdUJMX0ZxbnpZSVZrU2RfbXMtUW1NajBueWpUbWRTLURwN2E0ZVZ4NGVuT045ZE43eDZZckFXRjBvOXFrWi04TkNfeEpzY2MxWXJXeUJ4S1hySzBnZ3pHVGxrX1JCc1VkeU5DUHlObFNvMFZKbkNnUFptSW5SRzJmaDZZWTI3enNkbS1DU0R1ckRaZ3QxT3RBOGJMSGt2dXRYcC1SWHZIaEd6S1VtX1VrNDRncE1R?oc=5\" target=\"_blank\" rel=\"nofollow noopener\">CINEMA Elsa Zylberstein et Didier Bourdon, un couple des 50&rsquo;s dr\u00f4lement projet\u00e9 dans l&rsquo;avenir<\/a>&nbsp;&nbsp;Radio France<\/li>\n<li><a href=\"https:\/\/news.google.com\/rss\/articles\/CBMi2wFBVV95cUxPUXBHeGdmbzdLT1dBZXNRUWNKR1g1Q0pKN1N0MVlJdUdodDdKeW5GLXc4OFZKblJhSVdDVFN5RHFNUkpGUHd2SXpTcGFMUzdhRXFkTF9va3o1QWVac0NfWk5vQksxUGhXS05hbFF3VWgxei1JR3FqMkZxTWNXT3dvVUVpaTZnQnRuRDlNbFlPZmt1QlY1U1JBRklCTmxlZWtiS0wyZFJsN1c2R1pRdG1iTGlBRkp4bzFZb3MySEcwRUNYZmlGcExHWk5xNXdCWlZxVTduN2tXa2hYLW8?oc=5\" target=\"_blank\" rel=\"nofollow noopener\">\u00ab C\u2019\u00e9tait mieux demain \u00bb : une com\u00e9die caricaturale si outr\u00e9e qu\u2019elle en devient angoissante<\/a>&nbsp;&nbsp;Le Nouvel Obs<\/li>\n<li><a href=\"https:\/\/news.google.com\/rss\/articles\/CBMi3AFBVV95cUxNaGxxLWZscmdGUndyUG9xdXI3aHUyb214bmU4NnczbmQtTnkyNDhaaWxlb3JJczNEdkdhOXJuZnRweU1CTUJ4TDNvQlBjNVc5ZW4zM18yTnhUMkJ4c0pTTTRlOEdjMzVRU09jcWRUZi1Jb09Cb0hmdFJDQ0FzYUdmTG9jWkRHcFhMQjBUeXBpTWc0LVViU1lmZTVDRmpjOTFuZ3NncDNIeDdNRlFsb2lOX1l0bHVIRjRqeHMwTkMwbXVxbVNFbVhaaUF4YUtDMTY0QXFEQy1sSk5aNkk3?oc=5\" target=\"_blank\" rel=\"nofollow noopener\">Sortie cin\u00e9 \u00ab\u00a0C&rsquo;\u00e9tait mieux demain\u00a0\u00bb &#8211; La m\u00e9t\u00e9o de Colas du mercredi 8 octobre 2025<\/a>&nbsp;&nbsp;BFMTV<\/li>\n<li><a href=\"https:\/\/news.google.com\/rss\/articles\/CBMigwJBVV95cUxNc1dyN2V1aFV3VnJVcXNZclhjZHJUQjVZWWg5QVBqbEg5aUd4aGZmWlVhal9XUVF3emt3ZloxZnF3TDQ5ZlVJZHY4U205cmIzeTBITExhN0VlSDhOaHdTQVdPRlhlaE9QSnJLTk5QUXJSblZHTkktdTkzNnZQOTR5dUVuWWM2RjdHaGRSRWVIOUtrcG1FYnlabEVOZEFpMnl3OGNuQUJibnRVb3NhYmZXME9IY2x4NUJEdXVlMndGRTRKV0JQUkY1ZF93Ty1FUGNKVXY4R2g0NnpTYl9Zb0I2bHRuLTZnV3RhejYyWjZFcjh2NkJrQ2sxM2dSd3lRNDk2ZU0w?oc=5\" target=\"_blank\" rel=\"nofollow noopener\">\u00ab Je m\u2019emmerde en vacances \u00bb : pourquoi Didier Bourdon est maintenant le roi des com\u00e9dies<\/a>&nbsp;&nbsp;Le Parisien<\/li>\n<\/ol>\n","protected":false},"excerpt":{"rendered":"\u201cC\u2019\u00e9tait mieux demain\u201d : une com\u00e9die maladroite et r\u00e9p\u00e9titive&nbsp;&nbsp;T\u00e9l\u00e9rama CINEMA Elsa Zylberstein et Didier Bourdon, un couple des&hellip;\n","protected":false},"author":2,"featured_media":447912,"comment_status":"","ping_status":"","sticky":false,"template":"","format":"standard","meta":{"footnotes":""},"categories":[1354],"tags":[58,59,1346,1011,27,1360],"class_list":{"0":"post-447911","1":"post","2":"type-post","3":"status-publish","4":"format-standard","5":"has-post-thumbnail","7":"category-films","8":"tag-divertissement","9":"tag-entertainment","10":"tag-films","11":"tag-fr","12":"tag-france","13":"tag-movies"},"share_on_mastodon":{"url":"https:\/\/pubeurope.com\/@fr\/115339552975192726","error":""},"_links":{"self":[{"href":"https:\/\/www.europesays.com\/fr\/wp-json\/wp\/v2\/posts\/447911","targetHints":{"allow":["GET"]}}],"collection":[{"href":"https:\/\/www.europesays.com\/fr\/wp-json\/wp\/v2\/posts"}],"about":[{"href":"https:\/\/www.europesays.com\/fr\/wp-json\/wp\/v2\/types\/post"}],"author":[{"embeddable":true,"href":"https:\/\/www.europesays.com\/fr\/wp-json\/wp\/v2\/users\/2"}],"replies":[{"embeddable":true,"href":"https:\/\/www.europesays.com\/fr\/wp-json\/wp\/v2\/comments?post=447911"}],"version-history":[{"count":0,"href":"https:\/\/www.europesays.com\/fr\/wp-json\/wp\/v2\/posts\/447911\/revisions"}],"wp:featuredmedia":[{"embeddable":true,"href":"https:\/\/www.europesays.com\/fr\/wp-json\/wp\/v2\/media\/447912"}],"wp:attachment":[{"href":"https:\/\/www.europesays.com\/fr\/wp-json\/wp\/v2\/media?parent=447911"}],"wp:term":[{"taxonomy":"category","embeddable":true,"href":"https:\/\/www.europesays.com\/fr\/wp-json\/wp\/v2\/categories?post=447911"},{"taxonomy":"post_tag","embeddable":true,"href":"https:\/\/www.europesays.com\/fr\/wp-json\/wp\/v2\/tags?post=447911"}],"curies":[{"name":"wp","href":"https:\/\/api.w.org\/{rel}","templated":true}]}}