{"id":447913,"date":"2025-10-08T16:44:18","date_gmt":"2025-10-08T16:44:18","guid":{"rendered":"https:\/\/www.europesays.com\/fr\/447913\/"},"modified":"2025-10-08T16:44:18","modified_gmt":"2025-10-08T16:44:18","slug":"grippe-pourquoi-la-france-cumule-t-elle-autant-ed-deces","status":"publish","type":"post","link":"https:\/\/www.europesays.com\/fr\/447913\/","title":{"rendered":"Grippe : pourquoi la France cumule-t-elle autant ed d\u00e9c\u00e8s ?"},"content":{"rendered":"<p>             <a href=\"https:\/\/ma-sante.news\/wp-content\/uploads\/2025\/10\/grippe-17-000-morts-surmortalite-couvertre-vaccinale-faible-epidemie-fort-Ma-Sante.jpg\" data-caption=\"En France, la vaccination antigrippale reste en dessous de la moyenne europ\u00e9enne et loin de l\u2019objectif de 75 % fix\u00e9 par l\u2019OMS pour les plus de 65 ans. \u00a9 Freepik\" target=\"_blank\" rel=\"noopener\"><img loading=\"lazy\" decoding=\"async\" width=\"696\" height=\"463\" class=\"entry-thumb td-modal-image ewww_webp_lazy_load\" src=\"data:image\/svg+xml,%3Csvg%20xmlns=\" http:=\"\" data-lazy- data-lazy- alt=\"Une personne \u00e2g\u00e9e qui est en train de se faire vacciner pour se prot\u00e9ger de l'\u00e9pid\u00e9mie de grippe \u00e0 venir.\" title=\"grippe 17 000 morts surmortalite\u0301 couvertre vaccinale faible e\u0301pide\u0301mie fort Ma Sante\u0301\" data-lazy-src=\"https:\/\/www.europesays.com\/fr\/wp-content\/uploads\/2025\/10\/grippe-17-000-morts-surmortalite-couvertre-vaccinale-faible-epidemie-fort-Ma-Sante-696x463.jpg\" data-lazy-src-webp=\"https:\/\/www.europesays.com\/fr\/wp-content\/uploads\/2025\/10\/grippe-17-000-morts-surmortalite-couvertre-vaccinale-faible-epidemie-fort-Ma-Sante-696x463.jpg.webp\" data-lazy-srcset-webp=\"https:\/\/www.europesays.com\/fr\/wp-content\/uploads\/2025\/10\/grippe-17-000-morts-surmortalite-couvertre-vaccinale-faible-epidemie-fort-Ma-Sante-696x463.jpg.webp 696w, https:\/\/ma-sante.news\/wp-content\/uploads\/2025\/10\/grippe-17-000-morts-surmortalite-couvertre-vaccinale-faible-epidemie-fort-Ma-Sante-300x200.jpg.webp 300w, https:\/\/ma-sante.news\/wp-content\/uploads\/2025\/10\/grippe-17-000-morts-surmortalite-couvertre-vaccinale-faible-epidemie-fort-Ma-Sante-768x511.jpg.webp 768w, https:\/\/ma-sante.news\/wp-content\/uploads\/2025\/10\/grippe-17-000-morts-surmortalite-couvertre-vaccinale-faible-epidemie-fort-Ma-Sante-632x420.jpg.webp 632w, https:\/\/ma-sante.news\/wp-content\/uploads\/2025\/10\/grippe-17-000-morts-surmortalite-couvertre-vaccinale-faible-epidemie-fort-Ma-Sante.jpg.webp 800w\"\/><\/a>En France, la vaccination antigrippale reste en dessous de la moyenne europ\u00e9enne et loin de l\u2019objectif de 75 % fix\u00e9 par l\u2019OMS pour les plus de 65 ans. \u00a9 Freepik                                    \t\t\t             <a class=\"gofollow\" data-track=\"MjgsMCw2MA==\" href=\"https:\/\/ma-sante.news\/inscrivez-vous-a-notre-newsletter\/\" target=\"_blank\" rel=\"noopener\"><img loading=\"lazy\" decoding=\"async\" width=\"1068\" height=\"131\" src=\"data:image\/svg+xml,%3Csvg%20xmlns=\" http:=\"\" data-lazy-src=\"https:\/\/www.europesays.com\/fr\/wp-content\/uploads\/2025\/03\/banniere-newsletter.png\"\/><\/a> <\/p>\n<p><a href=\"https:\/\/ma-sante.news\/grippe-fin-epidemie-grave-enfin-en-france-metropole\/\" target=\"_blank\" rel=\"noopener\">L\u2019hiver dernier, la grippe n\u2019a pas \u00e9t\u00e9 \u201cune simple grippe\u201d<\/a>. D\u2019apr\u00e8s le bilan publi\u00e9 par Sant\u00e9 publique France (SPF), la saison 2024-2025 a entra\u00een\u00e9 pr\u00e8s de trois millions de consultations m\u00e9dicales pour syndromes grippaux et environ 30 000 hospitalisations li\u00e9es \u00e0 la maladie.<\/p>\n<p>Surtout, l\u2019agence recense plus de 17 000 d\u00e9c\u00e8s suppl\u00e9mentaires toutes causes confondues pendant la p\u00e9riode \u00e9pid\u00e9mique, une surmortalit\u00e9 directement corr\u00e9l\u00e9e \u00e0 la circulation virale. Cette vague a surpris par sa pr\u00e9cocit\u00e9 et sa dur\u00e9e inhabituelle. Commenc\u00e9e d\u00e8s d\u00e9cembre, elle s\u2019est prolong\u00e9e jusqu\u2019au mois d\u2019avril. <a href=\"https:\/\/ma-sante.news\/grippe-2025-pic-epidemie-attendu-dans-quelques-jours\/\" target=\"_blank\" rel=\"noopener\">Trois souches de virus (A H1N1, A H3N2 et B\/Victoria) ont circul\u00e9 simultan\u00e9ment<\/a>, accentuant la gravit\u00e9 des formes et le nombre d\u2019hospitalisations.<\/p>\n<p>Dans les h\u00f4pitaux, la situation a parfois tourn\u00e9 \u00e0 la crise.<a href=\"https:\/\/ma-sante.news\/plan-blanc-face-a-la-grippe-en-auvergne-rhone-alpes-une-mesure-necessaire-ou-exageree\/\" target=\"_blank\" rel=\"noopener\"> 87 \u00e9tablissements avaient activ\u00e9 un plan blanc <\/a>pour faire face \u00e0 l\u2019afflux de patients. Certains services d\u2019urgence ont connu des taux d\u2019occupation sup\u00e9rieurs \u00e0 120 %, tandis que les personnels, d\u00e9j\u00e0 \u00e9prouv\u00e9s par plusieurs hivers de tension sanitaire, peinaient \u00e0 tenir le rythme.<\/p>\n<p>        La vaccination : un bouclier sous-utilis\u00e9    <strong>Couverture vaccinae : des taux qui stagnent<\/strong>    <\/p>\n<p>La grippe dispose d\u2019une arme bien connue : la vaccination. Elle r\u00e9duit consid\u00e9rablement le risque de complications graves, d\u2019hospitalisation et de d\u00e9c\u00e8s. Mais les chiffres restent d\u00e9cevants. Toujours selon Sant\u00e9 publique France, <a href=\"https:\/\/ma-sante.news\/epidemie-de-grippe-une-trop-faible-couverture-vaccinale-pour-contrer-le-virus\/\" target=\"_blank\" rel=\"noopener\">la couverture vaccinale chez les personnes \u00e2g\u00e9es de 65 ans et plus atteint \u00e0 peine 54 %<\/a>, et seulement 25 % chez les adultes plus jeunes pr\u00e9sentant des facteurs de risque (maladies chroniques, immunod\u00e9pression, grossesse, etc.).<\/p>\n<p>Autrement dit, pr\u00e8s d\u2019un senior sur deux n\u2019est pas prot\u00e9g\u00e9, et trois quarts des personnes fragiles en \u00e2ge actif ne sont toujours pas vaccin\u00e9es. Ces taux n\u2019ont quasiment pas \u00e9volu\u00e9 depuis cinq ans, alors m\u00eame que la s\u00e9v\u00e9rit\u00e9 des \u00e9pid\u00e9mies augmente.<\/p>\n<p>        <strong>\u201cFatigue vaccinale\u201d et minimisation du risque<\/strong>    <\/p>\n<p>Comment expliquer une telle inertie ? D\u2019abord, une fatigue vaccinale post-Covid. Apr\u00e8s les campagnes massives et r\u00e9p\u00e9t\u00e9es des ann\u00e9es 2021-2023, une partie de la population se dit \u201csatur\u00e9e\u201d. L\u2019id\u00e9e d\u2019une nouvelle injection chaque automne rebute, y compris <a href=\"https:\/\/ma-sante.news\/vaccin-contre-la-grippe-pourquoi-est-il-moins-efficace-chez-les-seniors\/\" target=\"_blank\" rel=\"noopener\">parmi les seniors pourtant les plus vuln\u00e9rables.<\/a><\/p>\n<p>Ensuite, la minimisation du risque reste tr\u00e8s ancr\u00e9e. \u201cLa grippe, ce n\u2019est qu\u2019un gros rhume\u201d, entend-on souvent. Ce clich\u00e9, pourtant contredit par les chiffres, continue de freiner les campagnes. L\u2019infection grippale peut provoquer des complications cardiovasculaires, pulmonaires ou neurologiques graves, notamment chez les personnes \u00e2g\u00e9es ou fragiles.<\/p>\n<p>        <strong>Des doutes persistants et un d\u00e9ficit d\u2019information<\/strong>    <\/p>\n<p>Autre frein : la m\u00e9fiance. Si la s\u00e9curit\u00e9 des vaccins antigrippaux est largement \u00e9tablie, une part non n\u00e9gligeable de Fran\u00e7ais craint encore des effets ind\u00e9sirables. Une enqu\u00eate de SPF r\u00e9v\u00e8le que pr\u00e8s d\u2019un tiers des non-vaccin\u00e9s pr\u00e9f\u00e8rent \u201cles gestes barri\u00e8res\u201d ou les \u201cm\u00e9thodes naturelles\u201d.<\/p>\n<p>S\u2019ajoute un d\u00e9ficit d\u2019accompagnement m\u00e9dical. De nombreux patients d\u00e9clarent ne pas avoir re\u00e7u de recommandation explicite de leur m\u00e9decin traitant, alors que ce dernier demeure la source de confiance principale. Enfin, <a href=\"https:\/\/ma-sante.news\/grippe-la-campagne-de-vaccination-acheve-faut-il-rester-vigilant\/\" target=\"_blank\" rel=\"noopener\">certaines campagnes d\u00e9marrent tardivement ou manquent de visibilit\u00e9<\/a>, surtout dans les zones rurales.<\/p>\n<p>        Quand le syst\u00e8me de sant\u00e9 s\u2019interroge    <\/p>\n<p><a href=\"https:\/\/ma-sante.news\/grippe-pourquoi-la-france-hesite-encore-a-rendre-la-vaccination-obligatoire-pour-les-soignants\/\" target=\"_blank\" rel=\"noopener\">La faiblesse de la vaccination interroge plus largement la strat\u00e9gie de sant\u00e9 publique<\/a>. Pourquoi la France, pourtant bien dot\u00e9e en moyens de pr\u00e9vention, peine-t-elle \u00e0 convaincre ? Pour Antoine Flahault, \u00e9pid\u00e9miologiste et directeur de l\u2019Institut de Sant\u00e9 Globale de Gen\u00e8ve, la r\u00e9ponse tient \u00e0 \u201cune culture de la r\u00e9action, pas de la pr\u00e9vention\u201d. \u201cNous sommes excellents en soins aigus, mais beaucoup moins bons en anticipation. La grippe tue chaque ann\u00e9e dans un relatif silence\u201d, d\u00e9clarait-il dans Le Monde.<\/p>\n<p>\u00c0 l\u2019inverse, certains pays comme le Royaume-Uni ou le Canada d\u00e9passent les 70 % de couverture vaccinale chez les plus de 65 ans, gr\u00e2ce \u00e0 des campagnes plus pr\u00e9coces, \u00e0 la vaccination \u00e0 domicile et \u00e0 une communication plus constante.<\/p>\n<p>        Grippe : des pistes pour inverser la tendance    <strong>Rendre la vaccination plus accessible<\/strong>    <\/p>\n<p>Depuis 2023, les pharmaciens, infirmiers et sages-femmes peuvent vacciner sans ordonnance les personnes \u00e9ligibles. Cette mesure a facilit\u00e9 l\u2019acc\u00e8s, mais reste in\u00e9galement appliqu\u00e9e. \u00c9tendre cette possibilit\u00e9 \u00e0 tous les adultes volontaires pourrait \u00eatre un levier fort.<\/p>\n<p>La Haute Autorit\u00e9 de Sant\u00e9 a par ailleurs donn\u00e9 son feu vert au retour du vaccin hautement dos\u00e9 Efluelda, produit par Sanofi, jug\u00e9 plus efficace pour les plus de 65 ans. Ce vaccin, retir\u00e9 du march\u00e9 pour des raisons tarifaires, pourrait renforcer la protection des seniors.<\/p>\n<p>        <strong>Vaccin anti-grippal : informer autrement<\/strong>    <\/p>\n<p>Sant\u00e9 publique France pr\u00e9pare d\u00e9sormais des campagnes plus p\u00e9dagogiques : explications sur l\u2019efficacit\u00e9 r\u00e9elle, infographies sur les b\u00e9n\u00e9fices collectifs, t\u00e9moignages de soignants et de patients. L\u2019enjeu est de redonner confiance sans dramatiser.<\/p>\n<p>\u201cL\u2019objectif n\u2019est pas de faire peur, mais de faire comprendre que la grippe n\u2019est pas anodine\u201d, souligne un repr\u00e9sentant de l\u2019agence. La communication se veut plus proche du quotidien, moins technocratique : rappeler qu\u2019une vaccination rapide chez le pharmacien peut litt\u00e9ralement sauver une vie.<\/p>\n<p>        <strong>Mieux coordonner les campagnes<\/strong>    <\/p>\n<p>Depuis l\u2019hiver dernier, les autorit\u00e9s sanitaires encouragent la vaccination conjointe contre la grippe et le Covid-19. Les deux injections peuvent \u00eatre r\u00e9alis\u00e9es le m\u00eame jour, sur deux bras diff\u00e9rents, sans danger ni perte d\u2019efficacit\u00e9. Cette ann\u00e9e,<a href=\"https:\/\/ma-sante.news\/vaccination-contre-la-grippe-et-le-covid-19-faut-savoir-sur-la-campagne-automne-2025\/\" target=\"_blank\" rel=\"noopener\"> la campagne de vaccination s\u2019ouvre le 14 octobre.\u00a0<\/a><\/p>\n<p>Cette simplification logistique vise \u00e0 faciliter le geste pr\u00e9ventif. Un seul rendez-vous, un seul d\u00e9placement, et deux protections en m\u00eame temps. Dans les pharmacies et cabinets m\u00e9dicaux, cette organisation commence \u00e0 porter ses fruits, m\u00eame si elle reste encore in\u00e9gale selon les r\u00e9gions.<\/p>\n<blockquote class=\"wp-block-quote is-layout-flow wp-block-quote-is-layout-flow\">\n<p><strong>\u00c0 SAVOIR<\/strong><\/p>\n<p>Selon Sant\u00e9 publique France, entre 9 000 et 15 000 d\u00e9c\u00e8s sont recens\u00e9s chaque ann\u00e9e en moyenne. Mais certaines saisons d\u00e9passent largement ces chiffres, comme celle de 2014-2015, qui avait caus\u00e9 18 300 morts, ou celle de 2017-2018, avec 13 000 d\u00e9c\u00e8s estim\u00e9s. La saison 2024-2025 se classe donc parmi les plus meurtri\u00e8res de la d\u00e9cennie.<\/p>\n<\/blockquote>\n<p>  <a class=\"gofollow\" data-track=\"MTIsMCw2MA==\" href=\"https:\/\/ma-sante.news\/annonceurs\/\" target=\"_blank\" rel=\"noopener\"><img loading=\"lazy\" decoding=\"async\" width=\"2560\" height=\"2133\" src=\"data:image\/svg+xml,%3Csvg%20xmlns=\" http:=\"\" data-lazy-src=\"https:\/\/www.europesays.com\/fr\/wp-content\/uploads\/2025\/03\/pub-annonceurs-4-scaled.jpg\"\/><\/a>    <img loading=\"lazy\" decoding=\"async\" width=\"755\" height=\"495\" src=\"data:image\/svg+xml,%3Csvg%20xmlns=\" http:=\"\" data-lazy-src=\"https:\/\/www.europesays.com\/fr\/wp-content\/uploads\/2025\/03\/Image1.jpg\" data-lazy-src-webp=\"https:\/\/www.europesays.com\/fr\/wp-content\/uploads\/2025\/03\/Image1.jpg.webp\" class=\"ewww_webp_lazy_load\"\/>Inscrivez-vous \u00e0 notre newsletter <br \/>Ma Sant\u00e9                      <\/p>\n","protected":false},"excerpt":{"rendered":"En France, la vaccination antigrippale reste en dessous de la moyenne europ\u00e9enne et loin de l\u2019objectif de 75&hellip;\n","protected":false},"author":2,"featured_media":447914,"comment_status":"","ping_status":"","sticky":false,"template":"","format":"standard","meta":{"footnotes":""},"categories":[10],"tags":[1011,27,72,71,10655,773],"class_list":{"0":"post-447913","1":"post","2":"type-post","3":"status-publish","4":"format-standard","5":"has-post-thumbnail","7":"category-sante","8":"tag-fr","9":"tag-france","10":"tag-health","11":"tag-sante","12":"tag-u00e9pidu00e9mie-grippe","13":"tag-vaccin"},"share_on_mastodon":{"url":"https:\/\/pubeurope.com\/@fr\/115339556540145656","error":""},"_links":{"self":[{"href":"https:\/\/www.europesays.com\/fr\/wp-json\/wp\/v2\/posts\/447913","targetHints":{"allow":["GET"]}}],"collection":[{"href":"https:\/\/www.europesays.com\/fr\/wp-json\/wp\/v2\/posts"}],"about":[{"href":"https:\/\/www.europesays.com\/fr\/wp-json\/wp\/v2\/types\/post"}],"author":[{"embeddable":true,"href":"https:\/\/www.europesays.com\/fr\/wp-json\/wp\/v2\/users\/2"}],"replies":[{"embeddable":true,"href":"https:\/\/www.europesays.com\/fr\/wp-json\/wp\/v2\/comments?post=447913"}],"version-history":[{"count":0,"href":"https:\/\/www.europesays.com\/fr\/wp-json\/wp\/v2\/posts\/447913\/revisions"}],"wp:featuredmedia":[{"embeddable":true,"href":"https:\/\/www.europesays.com\/fr\/wp-json\/wp\/v2\/media\/447914"}],"wp:attachment":[{"href":"https:\/\/www.europesays.com\/fr\/wp-json\/wp\/v2\/media?parent=447913"}],"wp:term":[{"taxonomy":"category","embeddable":true,"href":"https:\/\/www.europesays.com\/fr\/wp-json\/wp\/v2\/categories?post=447913"},{"taxonomy":"post_tag","embeddable":true,"href":"https:\/\/www.europesays.com\/fr\/wp-json\/wp\/v2\/tags?post=447913"}],"curies":[{"name":"wp","href":"https:\/\/api.w.org\/{rel}","templated":true}]}}