{"id":447915,"date":"2025-10-08T16:45:13","date_gmt":"2025-10-08T16:45:13","guid":{"rendered":"https:\/\/www.europesays.com\/fr\/447915\/"},"modified":"2025-10-08T16:45:13","modified_gmt":"2025-10-08T16:45:13","slug":"linsecurite-cest-le-pire-des-maux-en-france-lance-herve-renard-qui-se-sent-libre-en-arabie-saoudite","status":"publish","type":"post","link":"https:\/\/www.europesays.com\/fr\/447915\/","title":{"rendered":"\u00abL\u2019ins\u00e9curit\u00e9, c\u2019est le pire des maux en France\u00bb, lance Herv\u00e9 Renard qui se sent \u00ablibre\u00bb en Arabie saoudite"},"content":{"rendered":"<p>L\u2019ancien s\u00e9lectionneur des Bleues, de retour \u00e0 la t\u00eate de la s\u00e9lection saoudienne depuis un an, a vant\u00e9 sa \u00abchance\u00bb de vivre en Arabie saoudite, dans une interview accord\u00e9e \u00e0 L\u2019\u00c9quipe.<\/p>\n<p class=\"fig-paragraph\">Herv\u00e9 Renard se pla\u00eet dans le Golfe. Dans\u00a0<a href=\"https:\/\/www.lequipe.fr\/Football\/Article\/-un-jour-je-retournerai-en-afrique-herve-renard-se-livre-pour-son-retour-a-la-tete-de-l-arabie-saoudite\/1599833\" target=\"_blank\" rel=\"sponsored noopener nofollow\" data-gtm-custom-categorie=\"navigation\" data-gtm-custom-action=\"crossclick\" data-gtm-custom-label=\"Contextuel\" data-gtm-event=\"customEventSPE\">une interview accord\u00e9e \u00e0 L\u2019\u00c9quipe<\/a> \u00a0ce mercredi, l\u2019actuel s\u00e9lectionneur de l\u2019Arabie saoudite a vant\u00e9 les conditions de vie du pays dans lequel il vit. \u00abOn a la chance de vivre, ici, dans un pays sans aucune ins\u00e9curit\u00e9, ce qui n\u2019a pas de prix\u00bb, a d\u00e9clar\u00e9 l\u2019entra\u00eeneur de 57 ans.<\/p>\n<p class=\"fig-paragraph\">Revenu durant plus d\u2019un an en France pour guider les Bleues jusqu\u2019aux Jeux Olympiques 2024 (\u00e9limination en quart de finale face au Br\u00e9sil), le technicien a compar\u00e9 ensuite\u00a0: \u00abL\u2019ins\u00e9curit\u00e9, c\u2019est le pire des maux en France aujourd\u2019hui.\u00a0 On la ressent, elle est palpable. Sinon, ici, moi, je me sens libre. Mais ma position est particuli\u00e8re, \u00e9videmment&#8230;\u00bb<\/p>\n<p>                                    <a class=\"fig-a11y-skip a11y-hidden\" href=\"#fig-a11y-skip-main-inarticle\"><br \/>\n        Passer la publicit\u00e9<br \/>\n    <\/a><\/p>\n<p>\u00abCe pays avance \u00e0 grande vitesse\u00bb<\/p>\n<p class=\"fig-paragraph\">Celui qui \u00e9tait d\u00e9j\u00e0 \u00e0 la t\u00eate des \u00abFaucons Verts\u00bb entre 2019 et 2023 &#8211;<a href=\"http:\/\/www.lefigaro.fr\/sports\/football\/coupe-du-monde\/sensationnelle-arabie-saoudite-ambiance-de-folie-triste-messi-les-coups-de-coeur-griffe-de-notre-envoye-special-20221122\" data-fig-type=\"NewsFlash\" data-gtm-custom-categorie=\"navigation\" data-gtm-custom-action=\"crossclick\" data-gtm-custom-label=\"Contextuel\" data-gtm-event=\"customEventSPE\" data-fig-domain=\"LEFIGARO\" rel=\"nofollow noopener\" target=\"_blank\">\u00a0battant notamment l\u2019Argentine en phase de poules de la Coupe du monde 2022<\/a>\u00a0&#8211; a fait son retour \u00e0 la t\u00eate de la s\u00e9lection nationale en octobre 2024. \u00abDes progr\u00e8s ont \u00e9t\u00e9 faits\u00a0: quand je suis arriv\u00e9 en 2019, les femmes ne pouvaient pas conduire, elles ne pouvaient pas voyager seules sans autorisation\u00bb, a r\u00e9v\u00e9l\u00e9 l\u2019ex-entra\u00eeneur de Sochaux (2013-2014) et Lille (2015).<\/p>\n<p class=\"fig-paragraph\">Et d\u2019ajouter sur les changements depuis l\u2019arriv\u00e9e au pouvoir du prince h\u00e9ritier Mohammed ben Salmane\u00a0: \u00abAvant 2017 et l\u2019arriv\u00e9e au pouvoir de \u00ab\u00a0MBS\u00a0\u00bb, il y avait encore la pression de la police religieuse\u00a0(la Mutawa qui \u00e9tait charg\u00e9e de faire respecter la stricte application de la loi islamique). Huit ans, c\u2019est court, \u00e0 l\u2019\u00e9chelle de la construction et de l\u2019\u00e9volution d\u2019un pays. \u00c9norm\u00e9ment de choses ont \u00e9t\u00e9 faites en peu de temps et ce pays avance \u00e0 grande vitesse\u00bb.<\/p>\n<p>Un retour en Afrique envisag\u00e9<\/p>\n<p class=\"fig-paragraph\">En 2024,<a href=\"http:\/\/www.lefigaro.fr\/culture\/c-est-plus-facile-de-parler-ici-que-la-bas-en-arabie-saoudite-dave-chappelle-se-moque-de-l-amerique-de-trump-20251003\" data-fig-type=\"Article\" data-gtm-custom-categorie=\"navigation\" data-gtm-custom-action=\"crossclick\" data-gtm-custom-label=\"Contextuel\" data-gtm-event=\"customEventSPE\" data-fig-domain=\"LEFIGARO\" rel=\"nofollow noopener\" target=\"_blank\">\u00a0l\u2019Arabie saoudite<\/a>\u00a0restait toutefois l\u2019un des pays les plus en retard \u00e0 propos des droits humains d\u2019apr\u00e8s plusieurs ONG. De nombreux individus \u00abayant exerc\u00e9 leurs droits \u00e0 la libert\u00e9 d\u2019expression et d\u2019association ont fait l\u2019objet d\u2019arrestations et de d\u00e9tentions arbitraires\u00bb dans le Royaume l\u2019an pass\u00e9, selon Amnesty International. \u00abDes dissidents, des intellectuels connus et des militants des droits humains, tous pacifiques\u00bb ont par ailleurs \u00e9t\u00e9 arr\u00eat\u00e9s par les autorit\u00e9s saoudiennes puis condamn\u00e9s \u00abplusieurs dizaines d\u2019ann\u00e9es de prison ou \u00e0 la peine de mort pour des publications sur les r\u00e9seaux sociaux\u00bb, a rappel\u00e9 Human Right Watchs.<\/p>\n<p class=\"fig-paragraph\">Concernant le football, Herv\u00e9 Renard s\u2019est dit concentr\u00e9 sur son prochain objectif\u00a0: la Coupe du monde 2026 en Am\u00e9rique du Nord. \u00abPour l\u2019instant, je pense \u00e0 mon avenir jusqu\u2019au 14 octobre (date du deuxi\u00e8me match face \u00e0 l\u2019Irak, en barrage de qualifications pour la Coupe du monde), a gliss\u00e9 l\u2019ancien s\u00e9lectionneur du Maroc (2016-2019) et de la C\u00f4te d\u2019Ivoire (2014-2015). Sinon, je sais que je retournerai en Afrique un jour. Quand on me renverra, peut-\u00eatre, ou quand il faudra que j\u2019y retourne. C\u2019est le destin qui choisira. Et puis j\u2019esp\u00e8re \u00eatre \u00e0 la t\u00eate d\u2019une s\u00e9lection pour la Coupe du monde 2034, qui se d\u00e9roulera ici. Je n\u2019aurai que 66 ou 67 ans, \u00e7a va\u00a0!\u00bb<\/p>\n","protected":false},"excerpt":{"rendered":"L\u2019ancien s\u00e9lectionneur des Bleues, de retour \u00e0 la t\u00eate de la s\u00e9lection saoudienne depuis un an, a vant\u00e9&hellip;\n","protected":false},"author":2,"featured_media":447916,"comment_status":"","ping_status":"","sticky":false,"template":"","format":"standard","meta":{"footnotes":""},"categories":[9],"tags":[1011,27,57361,60],"class_list":{"0":"post-447915","1":"post","2":"type-post","3":"status-publish","4":"format-standard","5":"has-post-thumbnail","7":"category-sports","8":"tag-fr","9":"tag-france","10":"tag-herve-renard","11":"tag-sports"},"share_on_mastodon":{"url":"https:\/\/pubeurope.com\/@fr\/115339560515187684","error":""},"_links":{"self":[{"href":"https:\/\/www.europesays.com\/fr\/wp-json\/wp\/v2\/posts\/447915","targetHints":{"allow":["GET"]}}],"collection":[{"href":"https:\/\/www.europesays.com\/fr\/wp-json\/wp\/v2\/posts"}],"about":[{"href":"https:\/\/www.europesays.com\/fr\/wp-json\/wp\/v2\/types\/post"}],"author":[{"embeddable":true,"href":"https:\/\/www.europesays.com\/fr\/wp-json\/wp\/v2\/users\/2"}],"replies":[{"embeddable":true,"href":"https:\/\/www.europesays.com\/fr\/wp-json\/wp\/v2\/comments?post=447915"}],"version-history":[{"count":0,"href":"https:\/\/www.europesays.com\/fr\/wp-json\/wp\/v2\/posts\/447915\/revisions"}],"wp:featuredmedia":[{"embeddable":true,"href":"https:\/\/www.europesays.com\/fr\/wp-json\/wp\/v2\/media\/447916"}],"wp:attachment":[{"href":"https:\/\/www.europesays.com\/fr\/wp-json\/wp\/v2\/media?parent=447915"}],"wp:term":[{"taxonomy":"category","embeddable":true,"href":"https:\/\/www.europesays.com\/fr\/wp-json\/wp\/v2\/categories?post=447915"},{"taxonomy":"post_tag","embeddable":true,"href":"https:\/\/www.europesays.com\/fr\/wp-json\/wp\/v2\/tags?post=447915"}],"curies":[{"name":"wp","href":"https:\/\/api.w.org\/{rel}","templated":true}]}}