{"id":447917,"date":"2025-10-08T16:46:10","date_gmt":"2025-10-08T16:46:10","guid":{"rendered":"https:\/\/www.europesays.com\/fr\/447917\/"},"modified":"2025-10-08T16:46:10","modified_gmt":"2025-10-08T16:46:10","slug":"the-walking-dead-met-en-vente-ses-objets-cultes-et-le-plus-cher-va-vous-surprendre","status":"publish","type":"post","link":"https:\/\/www.europesays.com\/fr\/447917\/","title":{"rendered":"The Walking Dead met en vente ses objets cultes, et le plus cher va vous surprendre"},"content":{"rendered":"<p class=\"chapo\">Les objets les plus embl\u00e9matiques de la s\u00e9rie The Walking Dead seront prochainement propos\u00e9s \u00e0 la vente. Certains accessoires tr\u00e8s c\u00e9l\u00e8bres, devenus cultes aupr\u00e8s des fans, atteignent des prix inattendus, r\u00e9v\u00e9lant quelques surprises dans le classement des ench\u00e8res.<\/p>\n<p>Tl;dr<\/p>\n<ul>\n<li>Ench\u00e8res sur plus de 1 000 objets de la s\u00e9rie.<\/li>\n<li>Armes iconiques et costumes principaux propos\u00e9s.<\/li>\n<li>Mises \u00e0 prix allant de 2 500 \u00e0 10 000 dollars.<\/li>\n<\/ul>\n<p>Un univers t\u00e9l\u00e9visuel devenu mythe<\/p>\n<p>Depuis son lancement en 2010, la s\u00e9rie <a href=\"https:\/\/www.begeek.fr\/norman-reedus-evoque-une-possible-reunion-entre-daryl-dixon-et-rick-grimes-dans-the-walking-dead-419119\" rel=\"nofollow noopener\" target=\"_blank\"><strong>The Walking Dead<\/strong><\/a> s\u2019est hiss\u00e9e au rang de ph\u00e9nom\u00e8ne mondial, bouleversant les codes du genre horrifique \u00e0 la t\u00e9l\u00e9vision. Ce qui n\u2019\u00e9tait au d\u00e9part qu\u2019un comic confidentiel s\u2019est transform\u00e9, sous l\u2019impulsion d\u2019AMC Networks, en une vaste saga audiovisuelle aux multiples d\u00e9riv\u00e9s \u2013 citons notamment Fear the Walking Dead, The Walking Dead: Dead City, ou encore The Walking Dead: Daryl Dixon. Durant plus d\u2019une d\u00e9cennie, des millions de t\u00e9l\u00e9spectateurs ont suivi le destin tourment\u00e9 des survivants, prisonniers d\u2019un monde post-apocalyptique domin\u00e9 par la terreur des morts-vivants.<\/p>\n<p>Des artefacts uniques mis aux ench\u00e8res<\/p>\n<p>Aujourd\u2019hui, ce pan de la culture populaire franchit une nouvelle \u00e9tape. Pour la premi\u00e8re fois, les fans se voient offrir l\u2019opportunit\u00e9 rare d\u2019acqu\u00e9rir un morceau authentique du mythe. En partenariat avec Heritage Auctions, AMC Networks organise le tr\u00e8s attendu <strong>The Walking Dead Universe Auction<\/strong>. Plus de 1\u202f000 lots issus des onze saisons et des diff\u00e9rents spinoffs seront propos\u00e9s : on y retrouve autant des accessoires cultes que des costumes port\u00e9s \u00e0 l\u2019\u00e9cran par les personnages principaux.<\/p>\n<p>Parmi les objets phares en lice :<\/p>\n<ul>\n<li>Le revolver Magnum .357 ayant appartenu \u00e0 Rick Grimes (Andrew Lincoln) ;<\/li>\n<li>L\u2019arbal\u00e8te originale de Daryl Dixon (Norman Reedus) ;<\/li>\n<li>La fameuse batte \u00ab Lucille \u00bb de Negan (<a href=\"https:\/\/www.begeek.fr\/jeffrey-dean-morgan-revele-si-zack-snyder-envisageait-le-role-de-batman-pour-lui-dans-flashpoint-415699\" rel=\"nofollow noopener\" target=\"_blank\">Jeffrey Dean Morgan<\/a>) ;<\/li>\n<li>Le katana meurtrier de Michonne (Danai Gurira) ;<\/li>\n<\/ul>\n<p>sans oublier plusieurs ensembles vestimentaires complets et m\u00eame certains v\u00e9hicules embl\u00e9matiques, comme le camping-car de Dale Horvath ou la moto personnalis\u00e9e de Daryl.<\/p>\n<p>Mises \u00e0 prix \u00e9litistes\u2026 mais pas seulement\u00a0!<\/p>\n<p>Que l\u2019on souhaite miser sur une pi\u00e8ce ma\u00eetresse ou un simple accessoire, l\u2019\u00e9ventail est large. Les fans fortun\u00e9s devront tout de m\u00eame d\u00e9bourser un minimum de 10\u202f000 dollars pour d\u00e9crocher les artefacts majeurs\u202f: armes signature ou tenues compl\u00e8tes figurent dans cette tranche sup\u00e9rieure. Quelques objets incontournables \u2013 tel le chapeau Stetson du sh\u00e9rif transmis entre Rick, Carl et Judith \u2013 sont accessibles d\u00e8s 5\u202f000 dollars. Les portes d\u2019h\u00f4pital du pilote, grav\u00e9es du c\u00e9l\u00e8bre avertissement \u00ab\u00a0DON\u2019T OPEN \/ DEAD INSIDE\u00a0\u00bb, d\u00e9marrent quant \u00e0 elles \u00e0 2\u202f500 dollars.<\/p>\n<p>Cependant, il existe \u00e9galement toute une s\u00e9lection d\u2019\u00e9l\u00e9ments plus abordables\u202f: costumes secondaires, proth\u00e8ses originales ou petits accessoires, permettant ainsi au plus grand nombre de poss\u00e9der une part tangible de l\u2019univers <strong>The Walking Dead<\/strong>.<\/p>\n<p>Date cl\u00e9 et appel aux passionn\u00e9s<\/p>\n<p>L\u2019\u00e9v\u00e9nement se d\u00e9roulera du 30 octobre au 1\u1d49\u02b3 novembre sur la plateforme d\u2019Heritage Auctions, avec des ench\u00e8res d\u00e9j\u00e0 ouvertes. Reste d\u00e9sormais \u00e0 savoir quels objets feront chavirer le c\u0153ur \u2013 et le portefeuille \u2013 des inconditionnels. Alors, quelle relique choisiriez-vous pour prolonger chez vous l\u2019esprit apocalyptique\u202f?<\/p>\n","protected":false},"excerpt":{"rendered":"Les objets les plus embl\u00e9matiques de la s\u00e9rie The Walking Dead seront prochainement propos\u00e9s \u00e0 la vente. Certains&hellip;\n","protected":false},"author":2,"featured_media":447918,"comment_status":"","ping_status":"","sticky":false,"template":"","format":"standard","meta":{"footnotes":""},"categories":[8],"tags":[58,59,1011,27],"class_list":{"0":"post-447917","1":"post","2":"type-post","3":"status-publish","4":"format-standard","5":"has-post-thumbnail","7":"category-divertissement","8":"tag-divertissement","9":"tag-entertainment","10":"tag-fr","11":"tag-france"},"share_on_mastodon":{"url":"https:\/\/pubeurope.com\/@fr\/115339565373202688","error":""},"_links":{"self":[{"href":"https:\/\/www.europesays.com\/fr\/wp-json\/wp\/v2\/posts\/447917","targetHints":{"allow":["GET"]}}],"collection":[{"href":"https:\/\/www.europesays.com\/fr\/wp-json\/wp\/v2\/posts"}],"about":[{"href":"https:\/\/www.europesays.com\/fr\/wp-json\/wp\/v2\/types\/post"}],"author":[{"embeddable":true,"href":"https:\/\/www.europesays.com\/fr\/wp-json\/wp\/v2\/users\/2"}],"replies":[{"embeddable":true,"href":"https:\/\/www.europesays.com\/fr\/wp-json\/wp\/v2\/comments?post=447917"}],"version-history":[{"count":0,"href":"https:\/\/www.europesays.com\/fr\/wp-json\/wp\/v2\/posts\/447917\/revisions"}],"wp:featuredmedia":[{"embeddable":true,"href":"https:\/\/www.europesays.com\/fr\/wp-json\/wp\/v2\/media\/447918"}],"wp:attachment":[{"href":"https:\/\/www.europesays.com\/fr\/wp-json\/wp\/v2\/media?parent=447917"}],"wp:term":[{"taxonomy":"category","embeddable":true,"href":"https:\/\/www.europesays.com\/fr\/wp-json\/wp\/v2\/categories?post=447917"},{"taxonomy":"post_tag","embeddable":true,"href":"https:\/\/www.europesays.com\/fr\/wp-json\/wp\/v2\/tags?post=447917"}],"curies":[{"name":"wp","href":"https:\/\/api.w.org\/{rel}","templated":true}]}}