{"id":447925,"date":"2025-10-08T16:50:12","date_gmt":"2025-10-08T16:50:12","guid":{"rendered":"https:\/\/www.europesays.com\/fr\/447925\/"},"modified":"2025-10-08T16:50:12","modified_gmt":"2025-10-08T16:50:12","slug":"marine-le-pen-confirme-sa-strategie-et-son-enorme-arriere-pensee","status":"publish","type":"post","link":"https:\/\/www.europesays.com\/fr\/447925\/","title":{"rendered":"Marine Le\u00a0Pen confirme sa strat\u00e9gie (et son \u00e9norme arri\u00e8re-pens\u00e9e)"},"content":{"rendered":"<p>        <img decoding=\"async\" loading=\"lazy\" src=\"https:\/\/www.europesays.com\/fr\/wp-content\/uploads\/2025\/10\/84cf01a_upload-1-zub5r4lxoymw-afp-20251008-hl-mfraisse-2910497-v1-highres-francemarinelepenatthecler.jpeg\"  width=\"728\" height=\"409\" alt=\"Marine Le Pen photographi\u00e9 au Z\u00e9nith d\u2019Auvergne \u00e0 Clermont-Ferrand ce mercredi 8\u00a0octobre.\"\/>  <\/p>\n<p>MAXIME FRAISSE \/ Hans Lucas via AFP<\/p>\n<p>Marine Le Pen photographi\u00e9 au Z\u00e9nith d\u2019Auvergne \u00e0 Clermont-Ferrand ce mercredi 8\u00a0octobre.<\/p>\n<p class=\"asset asset-text\">POLITIQUE &#8211; Trop c\u2019est trop. Voil\u00e0 en substance le message que <a href=\"https:\/\/www.huffingtonpost.fr\/politique\/article\/marine-le-pen-debarque-a-matignon-avec-un-autre-protege-que-jordan-bardella_255558.html\" target=\"_blank\" rel=\"noopener\">Marine Le\u00a0Pen<\/a> a tenu \u00e0 faire passer depuis son d\u00e9place \u00e0 Cournon-d\u2019Auvergne dans le Puy-de-D\u00f4me, ce mercredi 8\u00a0octobre. La cheffe de file des d\u00e9put\u00e9s RN \u00e0 l\u2019Assembl\u00e9e nationale le mart\u00e8le, dor\u00e9navant, tout nouveau gouvernement s\u2019exposera \u00e0 la censure automatique de ses troupes.<\/p>\n<p class=\"asset asset-text\">\u00ab\u00a0Je censure tout. L\u00e0, maintenant, stop. La plaisanterie a assez dur\u00e9\u00a0\u00bb, a tranch\u00e9 la d\u00e9put\u00e9e du Pas-de-Calais, jugeant que les n\u00e9gociations men\u00e9es par S\u00e9bastien Lecornu pour doter la France d\u2019un budget reviennent \u00e0 faire \u00ab\u00a0courir les Fran\u00e7ais derri\u00e8re des ba-balles, tout \u00e7a pour gagner du temps\u00a0\u00bb. Ce qu\u2019elle juge \u00ab\u00a0inadmissible\u00a0\u00bb, et la conforte dans son choix de sanctionner n\u2019importe quel ex\u00e9cutif qui ressortira des discussions, jusqu\u2019\u00e0 la dissolution de l\u2019Assembl\u00e9e nationale.<\/p>\n<p class=\"asset asset-text\">\u00ab\u00a0Nous sommes au bout du chemin, il n\u2019y a pas de solution et il n\u2019y en aura pas davantage demain. La farce a assez dur\u00e9, les Fran\u00e7ais sont exc\u00e9d\u00e9s\u00a0\u00bb, a-t-elle encore appuy\u00e9. Alors certes, le spectacle offert par la classe politique \u00e0 de quoi ulc\u00e9rer les \u00e9lecteurs. Pour autant, cette position d\u00e9gagiste (qui ne va pas jusqu\u2019\u00e0 demander la d\u00e9mission du chef de l\u2019\u00c9tat car la strat\u00e9gie d\u00e9crite ci-dessous s\u2019\u00e9croulerait) ne r\u00e9pond pas, uniquement, \u00e0 un souhait d\u2019apaiser cette situation chaotique.<\/p>\n<p>    Le Pen veut se pr\u00e9senter malgr\u00e9 l\u2019in\u00e9ligibilit\u00e9    <\/p>\n<p class=\"asset asset-text\">Le premier motif est purement politique\u00a0: la volont\u00e9 de prendre une revanche sur les l\u00e9gislatives de 2024, avec l\u2019ambition d\u2019une victoire nette qui installerait Jordan Bardella \u00e0 Matignon. Un sondage Elabe\u00a0<a href=\"https:\/\/www.huffingtonpost.fr\/politique\/article\/ce-sondage-en-cas-de-legislatives-partielles-ne-fait-pas-que-placer-le-rn-en-tete_254213.html\" target=\"_blank\" rel=\"noopener\" title=\"Nouvelle fen\u00eatre\">pr\u00e9disant l\u2019effondrement du \u00ab\u00a0front r\u00e9publicain\u00a0\u00bb <\/a>nourrit les espoirs au sein du parti lep\u00e9niste. D\u2019autant que, comme le souligne <a href=\"https:\/\/www.nouvelobs.com\/politique\/20251007.OBS108480\/marine-le-pen-les-trois-raisons-d-un-appel-a-la-dissolution.html\" target=\"_blank\" rel=\"noopener\" title=\"Nouvelle fen\u00eatre\">Le Nouvel Obs<\/a>, la base \u00e9lectorale du RN est largement d\u00e9gagiste\u00a0: 70\u00a0% des sympathisants RN souhaitent une dissolution.<\/p>\n<p class=\"asset asset-text\">Mais il existe une autre raison qui incite Marine Le\u00a0Pen et le RN \u00e0 faire advenir ce sc\u00e9nario. Et celle-ci concerne la (vraie) patronne du RN, et elle seule. Car en cas de dissolution prononc\u00e9e par Emmanuel Macron, la d\u00e9put\u00e9e du Pas-de-Calais se porterait (de nouveau) candidate dans sa circonscription. Probl\u00e8me\u00a0: il n\u2019a \u00e9chapp\u00e9 \u00e0 personne que l\u2019int\u00e9ress\u00e9e a \u00e9t\u00e9 frapp\u00e9e d\u2019une in\u00e9ligibilit\u00e9 avec ex\u00e9cution provisoire en compl\u00e9ment lors de sa condamnation en premi\u00e8re instance pour d\u00e9tournement de fonds publics dans l\u2019affaire des assistants europ\u00e9ens. Et c\u2019est pr\u00e9cis\u00e9ment sur ce point que le Rassemblement national pense avoir une carte \u00e0 jouer (et que la raison pour laquelle elle ne souhaite pas une pr\u00e9sidentielle anticip\u00e9e appara\u00eet \u00e9vidente).<\/p>\n<p class=\"asset asset-text\">Au mois de juillet, le secr\u00e9taire g\u00e9n\u00e9ral du groupe RN \u00e0 l\u2019Assembl\u00e9e, Renaud Labaye, d\u00e9voilait aupr\u00e8s du\u00a0<a href=\"https:\/\/www.lepoint.fr\/politique\/elle-est-remontee-a-cheval-l-optimisme-retrouve-de-marine-le-pen-03-07-2025-2593557_20.php?lpmc=1756734235\" target=\"_blank\" rel=\"noopener\" title=\"Nouvelle fen\u00eatre\">Point<\/a>\u00a0la strat\u00e9gie en cas de dissolution. \u00ab\u00a0Ce sera l\u2019occasion de tester l\u2019in\u00e9ligibilit\u00e9 de Marine Le\u00a0Pen. La pr\u00e9fecture prendra un arr\u00eat\u00e9 pour invalider sa candidature et nous contesterons cet arr\u00eat\u00e9 devant le Conseil constitutionnel. Sa jurisprudence r\u00e9cente allant dans notre sens, je ne serais pas \u00e9tonn\u00e9 qu\u2019il casse l\u2019in\u00e9ligibilit\u00e9\u00a0\u00bb, a-t-il d\u00e9taill\u00e9. Or, ce plan vise un double objectif. Le premier, imp\u00e9rieux, faire sauter l\u2019in\u00e9ligibilit\u00e9 qui menace plus que s\u00e9rieusement sa candidature \u00e0 la pr\u00e9sidentielle de 2027.<\/p>\n<p class=\"asset asset-text\">Voici comment cela pourrait fonctionner. En se pr\u00e9sentant malgr\u00e9 son in\u00e9ligibilit\u00e9, Marine Le\u00a0Pen serait dans l\u2019impossibilit\u00e9 de briguer son si\u00e8ge, puisque le pr\u00e9fet a de fait l\u2019interdiction d\u2019enregistrer sa candidature. Comme l\u2019explique Renaud Labaye, une question prioritaire de constitutionnalit\u00e9 (QPC) portant sur l\u2019ex\u00e9cution provisoire de l\u2019in\u00e9ligibilit\u00e9 serait alors d\u00e9pos\u00e9e par la cheffe de file du RN.\u00a0L\u2019\u00e9lection l\u00e9gislative se d\u00e9roulerait sans elle, mais les Sages seraient contraints de statuer sur son cas.<\/p>\n<p>                     Bardella ramen\u00e9 \u00e0 sa condition de dauphin    <\/p>\n<p class=\"asset asset-text\">Or, <a href=\"https:\/\/www.huffingtonpost.fr\/politique\/article\/cette-decision-du-conseil-constitutionnel-n-arrange-pas-le-cas-de-marine-le-pen_248071.html\" target=\"_blank\" rel=\"noopener\">dans sa derni\u00e8re d\u00e9cision<\/a>, le Conseil constitutionnel estime qu\u2019il appartient au juge p\u00e9nal \u00ab\u00a0d\u2019appr\u00e9cier le caract\u00e8re proportionn\u00e9 de l\u2019atteinte que cette mesure est susceptible de porter \u00e0 l\u2019exercice d\u2019un mandat en cours et \u00e0 la pr\u00e9servation de la libert\u00e9 de l\u2019\u00e9lecteur\u00a0\u00bb et fait une distinction entre le statut d\u2019\u00e9lu local et celui d\u2019\u00e9lu national. Et c\u2019est sur cette distinction que Marine Le\u00a0Pen esp\u00e8re avoir gain de cause, en mettant un petit coup de pression au Conseil constitutionnel. Une instance qui, rappelons-le, est pr\u00e9sid\u00e9e par Richard Ferrand, <a href=\"https:\/\/www.huffingtonpost.fr\/politique\/article\/conseil-constitutionnel-richard-ferrand-deja-fragilise-entre-soupcons-de-deal-cache-et-victoire-etriquee_246408.html\" target=\"_blank\" rel=\"noopener\">\u00e9lu notamment gr\u00e2ce \u00e0 l\u2019abstention bienveillante des d\u00e9put\u00e9s RN<\/a>.<\/p>\n<p class=\"asset asset-text\">\u00ab\u00a0\u00c0 l\u2019aune de mon d\u00e9p\u00f4t de candidature, l\u2019autorit\u00e9 constitutionnelle pourrait enfin analyser la validit\u00e9 de cette ex\u00e9cution provisoire de l\u2019in\u00e9ligibilit\u00e9 qui m\u2019a \u00e9t\u00e9 appliqu\u00e9e en premi\u00e8re instance\u00a0\u00bb, pr\u00e9venait-elle le 16\u00a0juillet dans\u00a0<a href=\"https:\/\/www.leparisien.fr\/politique\/marine-le-pen-en-letat-il-est-impossible-pour-le-rn-de-ne-pas-censurer-ce-gouvernement-16-07-2025-AOSS6BC47ZH4DOU4HUUVKSEOXM.php\" target=\"_blank\" rel=\"noopener\" title=\"Nouvelle fen\u00eatre\">Le Parisien.<\/a>\u00a0Dit autrement, Marine Le\u00a0Pen profiterait d\u2019une dissolution pour tester le degr\u00e9 de diff\u00e9renciation existant aux yeux des Sages entre le statut d\u2019\u00e9lu local et d\u2019\u00e9lu national, ce qui pourrait d\u00e9boucher sur la lev\u00e9e de son in\u00e9ligibilit\u00e9, et solderait les sp\u00e9culations sur sa capacit\u00e9 \u00e0 se pr\u00e9senter en 2027.<\/p>\n<p class=\"asset asset-text\">Un doute subsiste toutefois quant \u00e0 la viabilit\u00e9 de la man\u0153uvre, puisque, comme le souligne\u00a0<a href=\"https:\/\/www.publicsenat.fr\/actualites\/politique\/dissolution-marine-le-pen-pourrait-elle-se-representer-malgre-sa-peine-dineligibilite\" target=\"_blank\" rel=\"noopener\" title=\"Nouvelle fen\u00eatre\">Public S\u00e9nat<\/a>, la candidate putative \u00e0 la pr\u00e9sidentielle ne serait plus \u00e9lue au moment de cette initiative. Ce qui pourrait faire capoter cette tentative. \u00ab\u00a0Le 10\u00a0juillet\u00a02024, le Conseil constitutionnel a jug\u00e9 irrecevable la saisine des d\u00e9put\u00e9s insoumis au sujet de la loi visant \u00e0 pr\u00e9venir les ing\u00e9rences \u00e9trang\u00e8res en France, car l\u2019Assembl\u00e9e nationale avait \u00e9t\u00e9 dissoute, la veille, le 9\u00a0juillet. Ils n\u2019\u00e9taient donc plus parlementaires. Ce serait la m\u00eame chose pour Marine le Pen en cas de nouvelle dissolution\u00a0\u00bb, rappelle \u00e0 la cha\u00eene Mathieu Carpentier, professeur de droit public \u00e0 l\u2019universit\u00e9 de Toulouse Capitole.<\/p>\n<p class=\"asset asset-text\">Reste que l\u2019espoir demeure au RN, d\u2019autant que le sc\u00e9nario aurait un autre avantage\u00a0: tuer dans l\u2019\u0153uf l\u2019hypoth\u00e8se du \u00ab\u00a0plan B\u00a0\u00bb, envoyant Jordan Bardella \u00e0 la pr\u00e9sidentielle en cas d\u2019emp\u00eachement. Alors que le pr\u00e9sident du RN pourrait se pr\u00e9senter aux \u00e9lections l\u00e9gislatives, et r\u00e9cup\u00e9rer soit la t\u00eate du groupe lep\u00e9niste \u00e0 l\u2019Assembl\u00e9e pour pallier l\u2019impossibilit\u00e9 de Marine Le\u00a0Pen de se pr\u00e9senter, soit Matignon en cas de succ\u00e8s du parti d\u2019extr\u00eame droite en cas de l\u00e9gislatives anticip\u00e9es, une dissolution pourrait donc s\u2019av\u00e9rer doublement payante pour la fille de Jean-Marie Le\u00a0Pen. Laquelle aurait beau jeu de rappeler que dans ce parti, il n\u2019y a qu\u2019une seule candidate possible \u00e0 la pr\u00e9sidentielle.<\/p>\n","protected":false},"excerpt":{"rendered":"MAXIME FRAISSE \/ Hans Lucas via AFP Marine Le Pen photographi\u00e9 au Z\u00e9nith d\u2019Auvergne \u00e0 Clermont-Ferrand ce mercredi&hellip;\n","protected":false},"author":2,"featured_media":447926,"comment_status":"","ping_status":"","sticky":false,"template":"","format":"standard","meta":{"footnotes":""},"categories":[4],"tags":[11,25020,1011,27,430,12,316,1078,25],"class_list":{"0":"post-447925","1":"post","2":"type-post","3":"status-publish","4":"format-standard","5":"has-post-thumbnail","7":"category-france","8":"tag-actualites","9":"tag-dissolution","10":"tag-fr","11":"tag-france","12":"tag-marine-le-pen","13":"tag-news","14":"tag-politique","15":"tag-rassemblement-national","16":"tag-republique-francaise"},"share_on_mastodon":{"url":"https:\/\/pubeurope.com\/@fr\/115339580645150115","error":""},"_links":{"self":[{"href":"https:\/\/www.europesays.com\/fr\/wp-json\/wp\/v2\/posts\/447925","targetHints":{"allow":["GET"]}}],"collection":[{"href":"https:\/\/www.europesays.com\/fr\/wp-json\/wp\/v2\/posts"}],"about":[{"href":"https:\/\/www.europesays.com\/fr\/wp-json\/wp\/v2\/types\/post"}],"author":[{"embeddable":true,"href":"https:\/\/www.europesays.com\/fr\/wp-json\/wp\/v2\/users\/2"}],"replies":[{"embeddable":true,"href":"https:\/\/www.europesays.com\/fr\/wp-json\/wp\/v2\/comments?post=447925"}],"version-history":[{"count":0,"href":"https:\/\/www.europesays.com\/fr\/wp-json\/wp\/v2\/posts\/447925\/revisions"}],"wp:featuredmedia":[{"embeddable":true,"href":"https:\/\/www.europesays.com\/fr\/wp-json\/wp\/v2\/media\/447926"}],"wp:attachment":[{"href":"https:\/\/www.europesays.com\/fr\/wp-json\/wp\/v2\/media?parent=447925"}],"wp:term":[{"taxonomy":"category","embeddable":true,"href":"https:\/\/www.europesays.com\/fr\/wp-json\/wp\/v2\/categories?post=447925"},{"taxonomy":"post_tag","embeddable":true,"href":"https:\/\/www.europesays.com\/fr\/wp-json\/wp\/v2\/tags?post=447925"}],"curies":[{"name":"wp","href":"https:\/\/api.w.org\/{rel}","templated":true}]}}