{"id":447927,"date":"2025-10-08T16:51:12","date_gmt":"2025-10-08T16:51:12","guid":{"rendered":"https:\/\/www.europesays.com\/fr\/447927\/"},"modified":"2025-10-08T16:51:12","modified_gmt":"2025-10-08T16:51:12","slug":"quelles-sont-les-chances-de-marine-le-pen-de-candidater-en-cas-de-dissolution-ou-de-demission-demmanuel-macron-liberation","status":"publish","type":"post","link":"https:\/\/www.europesays.com\/fr\/447927\/","title":{"rendered":"quelles sont les chances de Marine Le Pen de candidater en cas de dissolution ou de d\u00e9mission d\u2019Emmanuel Macron\u00a0? \u2013 Lib\u00e9ration"},"content":{"rendered":"<p class=\"sc-cPiKLX AiZTS text-element\">Il s\u2019est dit pr\u00eat \u00e0 \u00abprendre ses responsabilit\u00e9s\u00bb en cas d\u2019\u00e9chec des \u00abultimes n\u00e9gociations\u00bb men\u00e9es par S\u00e9bastien Lecornu jusqu\u2019\u00e0 ce mercredi soir. Le message cryptique d\u2019Emmanuel Macron a ouvert la porte <a href=\"https:\/\/www.liberation.fr\/politique\/nouveau-premier-ministre-nouvelle-dissolution-ou-demission-les-options-fragiles-de-macron-apres-la-demission-de-lecornu-20251006_UKNZCTFIDFG6JCF4BE245CGBNU\/\" target=\"_blank\" rel=\"noopener\" title=\"https:\/\/www.liberation.fr\/politique\/nouveau-premier-ministre-nouvelle-dissolution-ou-demission-les-options-fragiles-de-macron-apres-la-demission-de-lecornu-20251006_UKNZCTFIDFG6JCF4BE245CGBNU\/\">\u00e0 toutes les interpr\u00e9tations<\/a>. Le Pr\u00e9sident a-t-il l\u2019intention d\u2019installer un gouvernement de cohabitation, de dissoudre \u00e0 nouveau l\u2019Assembl\u00e9e nationale, ou d\u2019aller jusqu\u2019\u00e0 d\u00e9missionner ? Pour le Rassemblement national, <a href=\"https:\/\/www.liberation.fr\/politique\/elections\/crise-politique-le-rn-constant-dans-sa-demande-de-dissolution-20251006_ONLP67YHZNCHXI3JA5GUTVIZUU\/\" target=\"_blank\" rel=\"noopener\" title=\"https:\/\/www.liberation.fr\/politique\/elections\/crise-politique-le-rn-constant-dans-sa-demande-de-dissolution-20251006_ONLP67YHZNCHXI3JA5GUTVIZUU\/\">c\u2019est tout vu<\/a> : la dissolution est \u00ababsolument incontournable\u00bb, a soutenu Marine Le Pen lundi 6 octobre, avant d\u2019ajouter qu\u2019il serait \u00absage\u00bb pour Emmanuel Macron de d\u00e9missionner. La cheffe de file du RN, dans une vid\u00e9o publi\u00e9e quelques heures plus tard sur ses r\u00e9seaux sociaux, a en <\/p>\n","protected":false},"excerpt":{"rendered":"Il s\u2019est dit pr\u00eat \u00e0 \u00abprendre ses responsabilit\u00e9s\u00bb en cas d\u2019\u00e9chec des \u00abultimes n\u00e9gociations\u00bb men\u00e9es par S\u00e9bastien Lecornu&hellip;\n","protected":false},"author":2,"featured_media":447928,"comment_status":"","ping_status":"","sticky":false,"template":"","format":"standard","meta":{"footnotes":""},"categories":[2],"tags":[11,3369,39211,57362,3079,1011,27,430,12,1050,2848],"class_list":{"0":"post-447927","1":"post","2":"type-post","3":"status-publish","4":"format-standard","5":"has-post-thumbnail","7":"category-actualites","8":"tag-actualites","9":"tag-affaire-des-assistants-le-rn-en-proces","10":"tag-conseil-constitutionnel","11":"tag-conseil-etat","12":"tag-election-presidentielle-2027","13":"tag-fr","14":"tag-france","15":"tag-marine-le-pen","16":"tag-news","17":"tag-parlement","18":"tag-rn"},"share_on_mastodon":{"url":"https:\/\/pubeurope.com\/@fr\/115339584038728326","error":""},"_links":{"self":[{"href":"https:\/\/www.europesays.com\/fr\/wp-json\/wp\/v2\/posts\/447927","targetHints":{"allow":["GET"]}}],"collection":[{"href":"https:\/\/www.europesays.com\/fr\/wp-json\/wp\/v2\/posts"}],"about":[{"href":"https:\/\/www.europesays.com\/fr\/wp-json\/wp\/v2\/types\/post"}],"author":[{"embeddable":true,"href":"https:\/\/www.europesays.com\/fr\/wp-json\/wp\/v2\/users\/2"}],"replies":[{"embeddable":true,"href":"https:\/\/www.europesays.com\/fr\/wp-json\/wp\/v2\/comments?post=447927"}],"version-history":[{"count":0,"href":"https:\/\/www.europesays.com\/fr\/wp-json\/wp\/v2\/posts\/447927\/revisions"}],"wp:featuredmedia":[{"embeddable":true,"href":"https:\/\/www.europesays.com\/fr\/wp-json\/wp\/v2\/media\/447928"}],"wp:attachment":[{"href":"https:\/\/www.europesays.com\/fr\/wp-json\/wp\/v2\/media?parent=447927"}],"wp:term":[{"taxonomy":"category","embeddable":true,"href":"https:\/\/www.europesays.com\/fr\/wp-json\/wp\/v2\/categories?post=447927"},{"taxonomy":"post_tag","embeddable":true,"href":"https:\/\/www.europesays.com\/fr\/wp-json\/wp\/v2\/tags?post=447927"}],"curies":[{"name":"wp","href":"https:\/\/api.w.org\/{rel}","templated":true}]}}