{"id":447933,"date":"2025-10-08T16:54:10","date_gmt":"2025-10-08T16:54:10","guid":{"rendered":"https:\/\/www.europesays.com\/fr\/447933\/"},"modified":"2025-10-08T16:54:10","modified_gmt":"2025-10-08T16:54:10","slug":"des-ados-affaires-au-montage-du-decor-a-quelques-heures-de-larrivee-du-public-sous-le-chapiteau","status":"publish","type":"post","link":"https:\/\/www.europesays.com\/fr\/447933\/","title":{"rendered":"des ados affair\u00e9s au montage du d\u00e9cor, \u00e0 quelques heures de l\u2019arriv\u00e9e du public sous le chapiteau"},"content":{"rendered":"<p>D\u00e9j\u00e0 couvertes de b\u00e2ches vertes pour se fondre au mieux dans le paysage, les grilles pas encore totalement referm\u00e9es vont laisser entrevoir, jusqu\u2019aux derni\u00e8res heures avant l\u2019arriv\u00e9e des spectateurs du cin\u00e9-concert Whiplash , un ballet d\u2019engins de chantier charg\u00e9s de f\u00fbts de bi\u00e8re, de plantes en pots et autres \u00e9l\u00e9ments techniques et de d\u00e9cor. Les techniciens professionnels, \u00e9paul\u00e9s de b\u00e9n\u00e9voles, multiplient aussi les allers-retours du bar aux loges, des loges aux stands en passant par la r\u00e9gie et les coins toilettes, le pas press\u00e9 pour finaliser \u00e0 temps les derniers am\u00e9nagements.<\/p>\n<p>Parmi eux, pour la deuxi\u00e8me fois en huit jours, une dizaine d\u2019ados se retroussent les manches, d\u00e9placent les plantes, soul\u00e8vent les f\u00fbts, accrochent les devantures des stands et des panneaux de bois par dizaines. \u00ab\u00a0On est l\u00e0 pour filer un coup de main partout o\u00f9 il y en a besoin, c\u2019est vari\u00e9 et donc pas ennuyeux\u00a0\u00bb, commente Nursan, ravi de participer \u00e0 la construction d\u2019un \u00e9v\u00e9nement dont, jusqu\u2019ici, il ignorait m\u00eame l\u2019existence.<\/p>\n<p>  Deux places de concert en sus<\/p>\n<p>Il ne vient pourtant pas de loin. Les jeunes filles et gar\u00e7ons mobilis\u00e9s sur le montage le sont dans le cadre des actions culturelles et sociales men\u00e9es par le festival, combin\u00e9es avec les dispositifs argent de poche propos\u00e9s sur le Plateau de Haye, par l\u2019 <a href=\"https:\/\/www.estrepublicain.fr\/social\/2024\/06\/28\/l-association-kaleidoscope-reaffirme-ses-valeurs-humanistes\" target=\"_blank\" rel=\"noopener\">association Kal\u00e9\u00efdoscope<\/a> \u00e0 Jarville et la MJC Beauregard de Nancy.<\/p>\n<p>Pour 2\u00a0h\u00a030 de travail, d\u2019habitude ils per\u00e7oivent 15\u00a0euros de r\u00e9mun\u00e9ration. L\u00e0, surprise, ils empochent aussi deux places de concert chacun.<\/p>\n<p>Le 10 et le 14\u00a0octobre, ils seront dans la fosse du <a href=\"https:\/\/www.estrepublicain.fr\/culture-loisirs\/2025\/09\/30\/nancy-jazz-pulsations-l-edition-2025-en-approche\" target=\"_blank\" rel=\"noopener\">chapiteau du Nancy Jass Pulsations<\/a> (NJP) avec la sensation de n\u2019\u00eatre pas des spectateurs comme les autres. \u00c0 juste titre, car il est pr\u00e9vu qu\u2019ils reviennent apr\u00e8s la f\u00eate, aider au d\u00e9montage. \u00ab\u00a0Ce sera moins speed, on aura plus le temps de discuter avec les \u00e9quipes mais l\u2019ambiance est d\u00e9j\u00e0 sympa, \u00e7a donne envie de revenir\u00a0\u00bb, s\u2019enthousiasme Nursan. B\u00e9n\u00e9vole en devenir\u00a0?<\/p>\n","protected":false},"excerpt":{"rendered":"D\u00e9j\u00e0 couvertes de b\u00e2ches vertes pour se fondre au mieux dans le paysage, les grilles pas encore totalement&hellip;\n","protected":false},"author":2,"featured_media":447934,"comment_status":"","ping_status":"","sticky":false,"template":"","format":"standard","meta":{"footnotes":""},"categories":[9635],"tags":[1111,11,1687,1704,1777,674,1011,27,775,1702,21112,1703,12,25,3140],"class_list":{"0":"post-447933","1":"post","2":"type-post","3":"status-publish","4":"format-standard","5":"has-post-thumbnail","7":"category-nancy","8":"tag-actu","9":"tag-actualites","10":"tag-culture-loisirs","11":"tag-edition-nancy-et-agglomeration","12":"tag-eu","13":"tag-europe","14":"tag-fr","15":"tag-france","16":"tag-grand-est","17":"tag-nancy","18":"tag-nancy-jazz-pulsations","19":"tag-nancy-ville-54b","20":"tag-news","21":"tag-republique-francaise","22":"tag-spectacle"},"share_on_mastodon":{"url":"https:\/\/pubeurope.com\/@fr\/115339595901389025","error":""},"_links":{"self":[{"href":"https:\/\/www.europesays.com\/fr\/wp-json\/wp\/v2\/posts\/447933","targetHints":{"allow":["GET"]}}],"collection":[{"href":"https:\/\/www.europesays.com\/fr\/wp-json\/wp\/v2\/posts"}],"about":[{"href":"https:\/\/www.europesays.com\/fr\/wp-json\/wp\/v2\/types\/post"}],"author":[{"embeddable":true,"href":"https:\/\/www.europesays.com\/fr\/wp-json\/wp\/v2\/users\/2"}],"replies":[{"embeddable":true,"href":"https:\/\/www.europesays.com\/fr\/wp-json\/wp\/v2\/comments?post=447933"}],"version-history":[{"count":0,"href":"https:\/\/www.europesays.com\/fr\/wp-json\/wp\/v2\/posts\/447933\/revisions"}],"wp:featuredmedia":[{"embeddable":true,"href":"https:\/\/www.europesays.com\/fr\/wp-json\/wp\/v2\/media\/447934"}],"wp:attachment":[{"href":"https:\/\/www.europesays.com\/fr\/wp-json\/wp\/v2\/media?parent=447933"}],"wp:term":[{"taxonomy":"category","embeddable":true,"href":"https:\/\/www.europesays.com\/fr\/wp-json\/wp\/v2\/categories?post=447933"},{"taxonomy":"post_tag","embeddable":true,"href":"https:\/\/www.europesays.com\/fr\/wp-json\/wp\/v2\/tags?post=447933"}],"curies":[{"name":"wp","href":"https:\/\/api.w.org\/{rel}","templated":true}]}}