{"id":447941,"date":"2025-10-08T16:58:09","date_gmt":"2025-10-08T16:58:09","guid":{"rendered":"https:\/\/www.europesays.com\/fr\/447941\/"},"modified":"2025-10-08T16:58:09","modified_gmt":"2025-10-08T16:58:09","slug":"une-personne-percutee-par-un-train-le-trafic-interrompu","status":"publish","type":"post","link":"https:\/\/www.europesays.com\/fr\/447941\/","title":{"rendered":"une personne percut\u00e9e par un train, le trafic interrompu"},"content":{"rendered":"<p>            Par<br \/>\n        <strong><br \/>\n            <a href=\"https:\/\/actu.fr\/auteur\/jm-aubert\" title=\"Consulter tous les articles de Jean-Marc Aubert\" rel=\"nofollow noopener\" target=\"_blank\">Jean-Marc Aubert<\/a><br \/>\n        <\/strong><\/p>\n<p>        Publi\u00e9 le<\/p>\n<p>            8 oct. 2025 \u00e0 18h29<br \/>\n        ; mis \u00e0 jour le 8 oct. 2025 \u00e0 18h36    <\/p>\n<p>\/ DERNI\u00c8RE MINUTE \/\u00a0<\/p>\n<p class=\" wall-content\">Une personne a \u00e9t\u00e9 percut\u00e9e par un train \u00e0 <strong>Castelnau-le-Lez<\/strong>, vers 18h, ce mercredi 8 octobre 2025.<\/p>\n<p class=\" wall-content\">Les faits ont eu lieu entre la station de tramway de Sablassou et le passage \u00e0 niveau Marcel Dassault, en centre-ville de Castelnau-le-Lez, aux portes nord-est de Montpellier.\u00a0<\/p>\n<p>    <a href=\"https:\/\/www.google.com\/maps\/embed?pb=!1m18!1m12!1m3!1d10090.663590513994!2d3.912693820528527!3d43.632427415859446!2m3!1f0!2f0!3f0!3m2!1i1024!2i768!4f13.1!3m3!1m2!1s0x12b6a5ebe7b74d8d%3A0x63dd465ebe9baac5!2sSablassou%2C%2034170%20Castelnau-le-Lez!5e0!3m2!1sfr!2sfr!4v1759941295835!5m2!1sfr!2sfr\" title=\"Ouvrie le lien\" rel=\"nofollow noopener\" target=\"_blank\">Cliquez ici pour visualiser le contenu<\/a><\/p>\n<p class=\" wall-content\">Les sapeurs-pompiers du <strong>Sdis 34<\/strong>, une \u00e9quipe m\u00e9dicale, la<strong> police municipale<\/strong> et la brigade de <strong>gendarmerie<\/strong> de la commune sont sur les lieux. On ignore pour l\u2019heure le sexe de la victime et son \u00e9tat de sant\u00e9, mais elle serait dans un \u00e9tat tr\u00e8s grave.<\/p>\n<p class=\" wall-content\">Le cheminot qui conduisait ce train entre les gares SNCF de N\u00eemes et de Montpellier est en \u00e9tat de choc et explique n\u2019avoir pas pu \u00e9viter cette pr\u00e9sence humaine sur la voie ferr\u00e9e. Accident ou suicide ? L\u2019enqu\u00eate le dira.<\/p>\n<p>Vid\u00e9os : en ce moment sur Actu<\/p>\n<p class=\" wall-content\">Le trafic ferroviaire est interrompu dans les deux sens et ne devrait pas reprendre avant minimum 20h.<\/p>\n<p class=\" wall-content\"><strong>&gt; Plus d\u2019informations \u00e0 suivre<\/strong><\/p>\n<p class=\" wall-content\">Personnalisez votre actualit\u00e9 en ajoutant vos villes et m\u00e9dias en favori avec <a href=\"https:\/\/moncompte.actu.fr\" title=\"D\u00e9couvez Mon Actu\" rel=\"nofollow noopener\" data-trk=\"{&quot;cta&quot;:{&quot;action&quot;:&quot;https:\\\/\\\/moncompte.actu.fr&quot;,&quot;category&quot;:&quot;mon compte&quot;,&quot;from&quot;:&quot;article footer&quot;,&quot;name&quot;:&quot;Mon actu&quot;,&quot;type&quot;:&quot;cta&quot;}}\" target=\"_blank\">Mon Actu<\/a>.<\/p>\n","protected":false},"excerpt":{"rendered":"Par Jean-Marc Aubert Publi\u00e9 le 8 oct. 2025 \u00e0 18h29 ; mis \u00e0 jour le 8 oct. 2025&hellip;\n","protected":false},"author":2,"featured_media":447942,"comment_status":"","ping_status":"","sticky":false,"template":"","format":"standard","meta":{"footnotes":""},"categories":[9599],"tags":[1111,11,1777,674,118,1011,27,2208,12,2680,25],"class_list":{"0":"post-447941","1":"post","2":"type-post","3":"status-publish","4":"format-standard","5":"has-post-thumbnail","7":"category-montpellier","8":"tag-actu","9":"tag-actualites","10":"tag-eu","11":"tag-europe","12":"tag-faits-divers","13":"tag-fr","14":"tag-france","15":"tag-montpellier","16":"tag-news","17":"tag-occitanie","18":"tag-republique-francaise"},"share_on_mastodon":{"url":"https:\/\/pubeurope.com\/@fr\/115339611633974998","error":""},"_links":{"self":[{"href":"https:\/\/www.europesays.com\/fr\/wp-json\/wp\/v2\/posts\/447941","targetHints":{"allow":["GET"]}}],"collection":[{"href":"https:\/\/www.europesays.com\/fr\/wp-json\/wp\/v2\/posts"}],"about":[{"href":"https:\/\/www.europesays.com\/fr\/wp-json\/wp\/v2\/types\/post"}],"author":[{"embeddable":true,"href":"https:\/\/www.europesays.com\/fr\/wp-json\/wp\/v2\/users\/2"}],"replies":[{"embeddable":true,"href":"https:\/\/www.europesays.com\/fr\/wp-json\/wp\/v2\/comments?post=447941"}],"version-history":[{"count":0,"href":"https:\/\/www.europesays.com\/fr\/wp-json\/wp\/v2\/posts\/447941\/revisions"}],"wp:featuredmedia":[{"embeddable":true,"href":"https:\/\/www.europesays.com\/fr\/wp-json\/wp\/v2\/media\/447942"}],"wp:attachment":[{"href":"https:\/\/www.europesays.com\/fr\/wp-json\/wp\/v2\/media?parent=447941"}],"wp:term":[{"taxonomy":"category","embeddable":true,"href":"https:\/\/www.europesays.com\/fr\/wp-json\/wp\/v2\/categories?post=447941"},{"taxonomy":"post_tag","embeddable":true,"href":"https:\/\/www.europesays.com\/fr\/wp-json\/wp\/v2\/tags?post=447941"}],"curies":[{"name":"wp","href":"https:\/\/api.w.org\/{rel}","templated":true}]}}