{"id":447945,"date":"2025-10-08T17:00:10","date_gmt":"2025-10-08T17:00:10","guid":{"rendered":"https:\/\/www.europesays.com\/fr\/447945\/"},"modified":"2025-10-08T17:00:10","modified_gmt":"2025-10-08T17:00:10","slug":"info-76actu-apres-emergence-un-autre-geant-de-lassociatif-a-rouen-est-en-peril","status":"publish","type":"post","link":"https:\/\/www.europesays.com\/fr\/447945\/","title":{"rendered":"INFO 76ACTU. Apr\u00e8s Emergence, un autre g\u00e9ant de l&rsquo;associatif \u00e0 Rouen est en p\u00e9ril"},"content":{"rendered":"<p>            Par<br \/>\n        <strong><br \/>\n            <a href=\"https:\/\/actu.fr\/auteur\/thomas-rideau\" title=\"Consulter tous les articles de Thomas Rideau\" target=\"_blank\" rel=\"noopener\">Thomas Rideau<\/a><br \/>\n        <\/strong><\/p>\n<p>        Publi\u00e9 le<\/p>\n<p>            8 oct. 2025 \u00e0 18h12        <\/p>\n<p><strong>Info 76actu. <\/strong>Est-ce que les 150 emplois de la structure sont menac\u00e9s\u2009? Car c\u2019est un g\u00e9ant dans le monde du social qui est <strong>en train de vaciller<\/strong> dans l\u2019agglo de <a href=\"https:\/\/actu.fr\/normandie\/rouen_76540\" target=\"_blank\" rel=\"noopener\">Rouen (Seine-Maritime)<\/a>. Ce 30\u00a0septembre 2025, le Comit\u00e9 d\u2019action et de promotion sociale (Caps) a \u00e9t\u00e9 plac\u00e9 en redressement judiciaire par le tribunal de Rouen. Une d\u00e9cision qui fait suite \u00e0 <strong>une cessation de paiements<\/strong> de l\u2019association le 4\u00a0ao\u00fbt 2025.<\/p>\n<p>Des \u00ab\u2009d\u00e9rapages financiers\u2009\u00bb et des \u00ab\u2009d\u00e9ficits chroniques\u2009\u00bb<\/p>\n<p class=\" wall-content\">Le Caps a diff\u00e9rentes missions sur l\u2019ensemble du territoire rouennais depuis sa cr\u00e9ation en 1974\u2009: l\u2019enfance, l\u2019h\u00e9bergement, <strong>l\u2019insertion professionnelle<\/strong>, mais aussi les accueils d\u2019urgence l\u2019hiver. En bref, c\u2019est une association essentielle pour un public tr\u00e8s fragilis\u00e9, ce qui laisse entrevoir les difficult\u00e9s profondes que pourrait engendrer la disparition d\u2019une telle structure sur le secteur rouennais.<\/p>\n<p class=\" wall-content\">Dans son jugement, le tribunal pr\u00e9cise que le Caps affiche un effectif de <strong>150 \u00e0 180 salari\u00e9s<\/strong> pour un chiffre d\u2019affaires de 10 millions d\u2019euros. Et il est financ\u00e9 quasiment exclusivement par de l\u2019argent public li\u00e9 \u00e0 des subventions des collectivit\u00e9s, notamment de la <a href=\"https:\/\/actu.fr\/tag\/metropole-rouen\" target=\"_blank\" rel=\"noopener\">M\u00e9tropole de Rouen<\/a> ou directement de l\u2019\u00c9tat.<\/p>\n<p class=\" wall-content\">Mais, probl\u00e8me, l\u2019association affiche des \u00ab\u2009d\u00e9ficits chroniques sur certains secteurs\u2009\u00bb, remarque le tribunal. Et soul\u00e8ve que l\u2019absence d\u2019un directeur financier durant huit mois n\u2019a pas permis de remarquer \u00e0 temps des <strong>\u00ab\u2009d\u00e9rapages financiers\u2009\u00bb<\/strong>. De plus, \u00ab\u2009le d\u00e9ficit de 2023 \u00e9tait plus important que pr\u00e9vu, mais la direction n\u2019a pu en prendre aussit\u00f4t la mesure\u2009\u00bb. Une proc\u00e9dure d\u2019alerte du commissaire aux comptes a d\u2019ailleurs \u00e9t\u00e9 lanc\u00e9e.<\/p>\n<p>L\u2019association va-t-elle suivre \u00ab\u2009l\u2019exemple\u2009\u00bb d\u2019\u00c9mergences\u2009?<\/p>\n<p class=\" wall-content\">Un cas de figure qui rappelle en tout point ce que vit en ce moment <a href=\"https:\/\/actu.fr\/normandie\/rouen_76540\/redressement-judiciaire-chez-emergences-a-rouen-ca-nous-tombe-dessus-du-jour-au-lendemain_62428848.html\" target=\"_blank\" rel=\"noopener\">l\u2019association \u00c9mergences<\/a> qui a d\u00fb \u00e9galement \u00eatre plac\u00e9e <strong>en redressement judiciaire<\/strong>.<\/p>\n<p class=\" wall-content\">Un autre probl\u00e8me est mis en avant par le tribunal, c\u2019est le \u00ab\u2009contexte inflationniste, non r\u00e9percutable sur les financeurs\u2009\u00bb. Et de pr\u00e9ciser\u2009: \u00ab\u2009L\u2019association <strong>vit essentiellement de subventions publiques<\/strong>, avec des d\u00e9lais de paiement qui s\u2019allongent, ce qui tend la tr\u00e9sorerie\u2009\u00bb.<\/p>\n<p class=\" wall-content\"><strong>Les salari\u00e9s et les usagers<\/strong> du Caps seront fix\u00e9s sur leur avenir lors de l\u2019audience du 13 novembre prochain durant laquelle le tribunal statuera sur la poursuite d\u2019activit\u00e9.<\/p>\n<p>Votre r\u00e9gion, votre actu !<\/p>\n<p>Recevez chaque jour les infos qui comptent pour vous.<\/p>\n<p>\t<a href=\"https:\/\/actu.fr\/newsletter\" class=\"ac-btn ac-btn--corner ac-btn--medium ac-btn--blue800\" target=\"_blank\" rel=\"noopener\">S&rsquo;incrire<\/a><br \/>\nUne r\u00e9organisation n\u00e9cessaire dans les effectifs\u2009?<\/p>\n<p class=\" wall-content\">Le directeur en fonction du Caps, <strong>Olivier Thil<\/strong>, contact\u00e9 par 76actu, tient un discours rassurant. \u00ab\u2009On s\u2019est mis en cessation de paiements pour <strong>s\u00e9curiser les choses<\/strong>. Limiter les frais, geler les dettes, et faire le point. Ce redressement judiciaire, c\u2019est le premier geste qui va nous permettre de remonter \u00e0 la surface.\u2009\u00bb D\u2019apr\u00e8s lui, l\u2019association sera de nouveau \u00e0 l\u2019\u00e9quilibre dans deux ou trois ans.<\/p>\n<p class=\" wall-content\">Est-ce que cela va n\u00e9cessiter des licenciements\u2009? \u00ab\u2009On est trop loin pour le dire aujourd\u2019hui si une r\u00e9organisation est n\u00e9cessaire.\u2009\u00bb \u00c0 noter tout de m\u00eame que certains remplacements \u00ab\u2009sont gel\u00e9s\u2009\u00bb.<\/p>\n<p>Suivez l\u2019actualit\u00e9 de Rouen <a href=\"https:\/\/www.whatsapp.com\/channel\/0029VaKfnf99hXF2ddApFB1D\" target=\"_blank\" rel=\"noopener\">sur notre cha\u00eene WhatsApp<\/a> et <a href=\"https:\/\/www.tiktok.com\/@76actu.fr?lang=fr\" target=\"_blank\" rel=\"noopener\">sur notre compte TikTok<\/a><\/p>\n<p class=\" wall-content\">Personnalisez votre actualit\u00e9 en ajoutant vos villes et m\u00e9dias en favori avec <a href=\"https:\/\/moncompte.actu.fr\" title=\"D\u00e9couvez Mon Actu\" rel=\"nofollow noopener\" data-trk=\"{&quot;cta&quot;:{&quot;action&quot;:&quot;https:\\\/\\\/moncompte.actu.fr&quot;,&quot;category&quot;:&quot;mon compte&quot;,&quot;from&quot;:&quot;article footer&quot;,&quot;name&quot;:&quot;Mon actu&quot;,&quot;type&quot;:&quot;cta&quot;}}\" target=\"_blank\">Mon Actu<\/a>.<\/p>\n<p>                    <script async src=\"\/\/www.tiktok.com\/embed.js\"><\/script><\/p>\n","protected":false},"excerpt":{"rendered":"Par Thomas Rideau Publi\u00e9 le 8 oct. 2025 \u00e0 18h12 Info 76actu. Est-ce que les 150 emplois de&hellip;\n","protected":false},"author":2,"featured_media":447946,"comment_status":"","ping_status":"","sticky":false,"template":"","format":"standard","meta":{"footnotes":""},"categories":[9587],"tags":[1111,11,1777,674,1011,27,6459,9725,12,5161,25,9590,104],"class_list":{"0":"post-447945","1":"post","2":"type-post","3":"status-publish","4":"format-standard","5":"has-post-thumbnail","7":"category-rouen","8":"tag-actu","9":"tag-actualites","10":"tag-eu","11":"tag-europe","12":"tag-fr","13":"tag-france","14":"tag-logements-sociaux","15":"tag-metropole-rouen","16":"tag-news","17":"tag-normandie","18":"tag-republique-francaise","19":"tag-rouen","20":"tag-societe"},"share_on_mastodon":{"url":"https:\/\/pubeurope.com\/@fr\/115339619795946897","error":""},"_links":{"self":[{"href":"https:\/\/www.europesays.com\/fr\/wp-json\/wp\/v2\/posts\/447945","targetHints":{"allow":["GET"]}}],"collection":[{"href":"https:\/\/www.europesays.com\/fr\/wp-json\/wp\/v2\/posts"}],"about":[{"href":"https:\/\/www.europesays.com\/fr\/wp-json\/wp\/v2\/types\/post"}],"author":[{"embeddable":true,"href":"https:\/\/www.europesays.com\/fr\/wp-json\/wp\/v2\/users\/2"}],"replies":[{"embeddable":true,"href":"https:\/\/www.europesays.com\/fr\/wp-json\/wp\/v2\/comments?post=447945"}],"version-history":[{"count":0,"href":"https:\/\/www.europesays.com\/fr\/wp-json\/wp\/v2\/posts\/447945\/revisions"}],"wp:featuredmedia":[{"embeddable":true,"href":"https:\/\/www.europesays.com\/fr\/wp-json\/wp\/v2\/media\/447946"}],"wp:attachment":[{"href":"https:\/\/www.europesays.com\/fr\/wp-json\/wp\/v2\/media?parent=447945"}],"wp:term":[{"taxonomy":"category","embeddable":true,"href":"https:\/\/www.europesays.com\/fr\/wp-json\/wp\/v2\/categories?post=447945"},{"taxonomy":"post_tag","embeddable":true,"href":"https:\/\/www.europesays.com\/fr\/wp-json\/wp\/v2\/tags?post=447945"}],"curies":[{"name":"wp","href":"https:\/\/api.w.org\/{rel}","templated":true}]}}