{"id":447951,"date":"2025-10-08T17:05:11","date_gmt":"2025-10-08T17:05:11","guid":{"rendered":"https:\/\/www.europesays.com\/fr\/447951\/"},"modified":"2025-10-08T17:05:11","modified_gmt":"2025-10-08T17:05:11","slug":"voici-la-liste-des-concerts-gratuits-a-ne-pas-manquer","status":"publish","type":"post","link":"https:\/\/www.europesays.com\/fr\/447951\/","title":{"rendered":"voici la liste des concerts gratuits \u00e0 ne pas manquer"},"content":{"rendered":"<p>            Par<br \/>\n        <strong><br \/>\n            <a href=\"https:\/\/actu.fr\/auteur\/laurene-fertin\" title=\"Consulter tous les articles de Laur\u00e8ne Fertin\" rel=\"nofollow noopener\" target=\"_blank\">Laur\u00e8ne Fertin<\/a><br \/>\n        <\/strong><\/p>\n<p>        Publi\u00e9 le<\/p>\n<p>            8 oct. 2025 \u00e0 18h03        <\/p>\n<p>Pr\u00e8s de <strong>200 artistes, 60 rendez-vous musicaux,<\/strong> dans <strong>une vingtaine de lieux<\/strong> \u00e0 Rennes et sa m\u00e9tropole\u2009: <strong>le festival Jazz \u00e0 l\u2019Ouest<\/strong> d\u00e9barque prochainement dans la capitale bretonne.<\/p>\n<p class=\" wall-content\"><strong>Du mardi\u00a04 au samedi 22\u00a0novembre 2025<\/strong>, le jazz sera en effet \u00e0 l\u2019honneur pour la 35\u1d49 \u00e9dition. L\u2019objectif de cet \u00e9v\u00e9nement n\u2019a pas chang\u00e9 pour la MJC de Br\u00e9quigny\u2009: rendre le jazz accessible au plus grand nombre.<\/p>\n<p class=\" wall-content\">Au menu de ces trois riches semaines\u2009: <strong>des artistes locaux et internationaux<\/strong> \u00e0 rencontrer et \u00e9couter, <strong>des lieux in\u00e9dits<\/strong> \u00e0 d\u00e9couvrir, et <strong>de nouvelles formes de jazz<\/strong> \u00e0 exp\u00e9rimenter.<\/p>\n<p>Marcel Powell, JaRon Marshall ou encore Braxton Cook<\/p>\n<p class=\" wall-content\">Parmi les incontournables de cette nouvelle saison, sera pr\u00e9sent le fils et guitariste \u00ab\u2009du l\u00e9gendaire Baden Powell\u2009\u00bb, <strong>Marcel Powell<\/strong>, qui viendra pr\u00e9senter les morceaux de <a href=\"https:\/\/www.youtube.com\/watch?v=CPlu2repD50&amp;list=RDCPlu2repD50&amp;start_radio=1\" rel=\"nofollow noopener\" target=\"_blank\">son dernier album <\/a><a href=\"https:\/\/www.youtube.com\/watch?v=CPlu2repD50&amp;list=RDCPlu2repD50&amp;start_radio=1\" rel=\"nofollow noopener\" target=\"_blank\">Horizon<\/a>.\u00a0Sans oublier <strong>JaRon Marshall<\/strong> et ses inspirations jazz flirtant avec la neo-soul.<\/p>\n<p class=\" wall-content\">\n<blockquote class=\"ac-article-quote wall-content\">\n<p>Le saxophoniste et chanteur Braxton Cook, \u00e9toile montante du jazz, proposera des improvisations brillantes et des m\u00e9lodies groove et soul lors de la soir\u00e9e de cl\u00f4ture du festival.<\/p>\n<p>    <strong>Jazz \u00e0 l&rsquo;Ouest<\/strong>\n            <\/p><\/blockquote>\n<p>Les femmes \u00e0 l&rsquo;honneur<\/p>\n<p>\u00ab\u00a0Depuis plusieurs ann\u00e9es, indiquent les organisateurs du festival, la MJC Br\u00e9quigny affirme son engagement en faveur de l&rsquo;invisibilisation des artistes femmes.\u00a0\u00bb <br \/>Dans la programmation, vous trouverez donc plusieurs compositrices, musiciennes, chanteuses telles que C\u00e9lia Kameni avec son projet M\u00e9duse ; la contrebassiste et chanteuse S\u00e9l\u00e8ne Saint-Aim\u00e9 ; Ga\u00eblle Buswel ou encore le trio Atrium compos\u00e9 \u00ab\u00a0de musiciennes remarquables\u00a0\u00bb.<\/p>\n<p>Les concerts gratuits<\/p>\n<p class=\" wall-content\">Et si le jazz n\u2019est, a priori, pas votre tasse de th\u00e9 mais que vous restez curieux ou curieuses, plusieurs concerts gratuits sont propos\u00e9s au public :\u00a0<\/p>\n<p>Votre r\u00e9gion, votre actu !<\/p>\n<p>Recevez chaque jour les infos qui comptent pour vous.<\/p>\n<p>\t<a href=\"https:\/\/actu.fr\/newsletter\" class=\"ac-btn ac-btn--corner ac-btn--medium ac-btn--blue800\" rel=\"nofollow noopener\" target=\"_blank\">S&rsquo;incrire<\/a><\/p>\n<ul class=\" wall-content\">\n<li><strong>mardi 4\u00a0novembre<\/strong>, pour l\u2019inauguration du festival, rendez-vous <strong>d\u00e8s 20h<\/strong> \u00e0 la MJC de Br\u00e9quigny avec <strong>l\u2019exposition Breakin\u2019Jazz<\/strong> et <strong>le concert de <a href=\"https:\/\/www.youtube.com\/watch?time_continue=9&amp;v=hLrG-fWGg5E&amp;embeds_referring_euri=http%3A%2F%2Fjazzalouest.com%2F&amp;embeds_referring_origin=http%3A%2F%2Fjazzalouest.com&amp;source_ve_path=Mjg2NjY\" rel=\"nofollow noopener\" target=\"_blank\">Yeko<\/a><\/strong> avec le guitariste Yohann Le Ferrand et la chanteuse malienne Socha\u2009;<\/li>\n<li><strong>mercredi 5\u00a0novembre, d\u00e8s 12h30<\/strong> \u00e0 l\u2019Auditorium des Champs Libres, avec <a href=\"https:\/\/www.youtube.com\/watch?v=ynIHMVCGh64&amp;t=6s\" rel=\"nofollow noopener\" target=\"_blank\">Sister\u2019s Letters<\/a> pour des compositions entre jazz et folk et <strong>d\u00e8s 20h30<\/strong>, au Diapason, avec <a href=\"https:\/\/www.youtube.com\/watch?v=KmzNIiWgyfw\" rel=\"nofollow noopener\" target=\"_blank\"><strong>Menalua<\/strong> <\/a>(jazz, musique br\u00e9silienne et flamenco) et <a href=\"https:\/\/www.youtube.com\/watch?v=81D_so4m2tI\" rel=\"nofollow noopener\" target=\"_blank\"><strong>JaRon Marshall<\/strong><\/a> (jazz neo-soul)\u2009;<\/li>\n<li><strong>vendredi 7\u00a0novembre, d\u00e8s 17h30<\/strong> \u00e0 la biblioth\u00e8que des Champs libres avec <a href=\"https:\/\/www.youtube.com\/watch?v=al1apkPtC_o\" rel=\"nofollow noopener\" target=\"_blank\"><strong>Ludovic Ernault &amp; Enzo Carniel<\/strong><\/a> (respectivement saxophoniste et pianiste)\u2009;<\/li>\n<\/ul>\n<p class=\" wall-content\">\n<ul class=\" wall-content\">\n<li><strong>samedi 8\u00a0novembre, d\u00e8s 16h30<\/strong>, au Dibar (bistrot-cantine) avec <strong>Th\u00eata Wave project<\/strong>\u2009: le guitariste et compositeur Paul Andrz vous invite \u00e0 la sieste musicale et d\u00e8s 19h, ce sera un ap\u00e9ro-concert avec <strong>Voltando<\/strong> (une clarinettiste et un guitariste) \u00e0 la MJC de Br\u00e9quigny\u2009;<\/li>\n<li><strong>mardi 11\u00a0novembre, d\u00e8s 21h,<\/strong> place au <strong>jazz<\/strong>\u00a0<strong>manouche<\/strong> au bar Grabuge, avec <a href=\"https:\/\/www.youtube.com\/watch?v=gcqf1K5EXrA\" rel=\"nofollow noopener\" target=\"_blank\"><strong>Mardis manouches<\/strong><\/a>\u2009;<\/li>\n<li><strong>mercredi 12\u00a0novembre, d\u00e8s 19h<\/strong>, ce sera <strong>\u00ab\u2009une jam de la fortune\u2009\u00bb,<\/strong> \u00ab\u2009soir\u00e9e o\u00f9 le hasard interviendra pour d\u00e9terminer le r\u00e9pertoire et quelques contraintes pour les musiciens\u2009\u00bb, organis\u00e9e au bar le Papier timbr\u00e9\u2009;<\/li>\n<li><strong>vendredi 14\u00a0novembre, <\/strong><strong>\u00e0 19h<\/strong>, ce sera autour du jazz carib\u00e9en avec le pianiste <strong>Kwam\u00e9 \u2018F\u00e9nyan\u2019 Ba<\/strong> \u00e0 la MJC de Br\u00e9quigny\u2009;<\/li>\n<li><strong>dimanche 16\u00a0novembre de 14h30 \u00e0 18h<\/strong> avec un concert de swing \u00e0 la MJC de Br\u00e9quigny par <a href=\"https:\/\/www.youtube.com\/watch?v=nND1N8TIf1k\" rel=\"nofollow noopener\" target=\"_blank\"><strong>Buzz\u2019in Brass Syndicate,<\/strong><\/a> originaire de la Nouvelle-Orl\u00e9ans et <strong>une sieste musicale<\/strong> pour les tout-petits par <a href=\"https:\/\/www.youtube.com\/watch?v=h9ATXHTJt90\" rel=\"nofollow noopener\" target=\"_blank\">Mariana Caetano et Clothilde Trouillaud<\/a> \u00e9galement \u00e0 la MJC de Br\u00e9quigny\u2009;<\/li>\n<\/ul>\n<p class=\" wall-content\">\n<ul class=\" wall-content\">\n<li><strong>mardi 18\u00a0novembre, \u00e0 21h<\/strong>, retour du jazz manouche avec <strong>Mardis manouches<\/strong> \u00e0 La Cavale\u2009;<\/li>\n<li><strong>mercredi 19\u00a0novembre \u00e0 15h<\/strong>, un spectacle pour petits et grands avec Jazz\u2009! m\u00e9langeant blues et \u00ab\u2009swing virevoltant\u2009\u00bb \u00e0 la salle de spectacles Lacoustik\u2009\u00e0 B\u00e9d\u00e9e ;<\/li>\n<li><strong>jeudi 20\u00a0novembre d\u00e8s 19h<\/strong>, un ap\u00e9ro-concert avec <strong>Conservatory jazz ensemble<\/strong> \u00e0 la MJC de Br\u00e9quigny, pour \u00ab\u2009un moment de d\u00e9couverte des musiciens et musiciennes de la classe jazz du CRR\u2009\u00bb\u2009;<\/li>\n<li><strong>samedi 22\u00a0novembre<\/strong>, pour la soir\u00e9e de <strong>cl\u00f4ture,<\/strong> rendez-vous <strong>d\u00e8s 19h<\/strong> \u00e0 la MJC de Br\u00e9quigny pour \u00e9couter <a href=\"https:\/\/www.youtube.com\/watch?v=CtH8erbM2LA\" rel=\"nofollow noopener\" target=\"_blank\"><strong>YLA Trio<\/strong><\/a><strong>,<\/strong> avec la chanteuse, pianiste et compositrice Yla pour des chants traditionnels yoruba.<\/li>\n<\/ul>\n<p class=\" wall-content\">\n<p class=\" wall-content\">Le festival propose \u00e9galement<strong> des ateliers<\/strong> pour enfants ou encore des <strong>courts-m\u00e9trages gratuits.<\/strong> Pour consulter l\u2019ensemble de <strong>la programmation,<\/strong> direction <a href=\"http:\/\/jazzalouest.com\/jao2015\/wp-content\/uploads\/2025\/10\/Grille-de-prog-2025.pdf\" rel=\"nofollow noopener\" target=\"_blank\">le site officiel du festival<\/a>.\u00a0<strong>La billetterie<\/strong> est par ailleurs ouverte, retrouvez tous les tarifs <a href=\"http:\/\/jazzalouest.com\/billetterie-2025\/\" rel=\"nofollow noopener\" target=\"_blank\">ici<\/a>.<\/p>\n<p class=\" wall-content\">Personnalisez votre actualit\u00e9 en ajoutant vos villes et m\u00e9dias en favori avec <a href=\"https:\/\/moncompte.actu.fr\" title=\"D\u00e9couvez Mon Actu\" rel=\"nofollow noopener\" data-trk=\"{&quot;cta&quot;:{&quot;action&quot;:&quot;https:\\\/\\\/moncompte.actu.fr&quot;,&quot;category&quot;:&quot;mon compte&quot;,&quot;from&quot;:&quot;article footer&quot;,&quot;name&quot;:&quot;Mon actu&quot;,&quot;type&quot;:&quot;cta&quot;}}\" target=\"_blank\">Mon Actu<\/a>.<\/p>\n","protected":false},"excerpt":{"rendered":"Par Laur\u00e8ne Fertin Publi\u00e9 le 8 oct. 2025 \u00e0 18h03 Pr\u00e8s de 200 artistes, 60 rendez-vous musicaux, dans&hellip;\n","protected":false},"author":2,"featured_media":447952,"comment_status":"","ping_status":"","sticky":false,"template":"","format":"standard","meta":{"footnotes":""},"categories":[2821],"tags":[1111,11,829,1697,1777,674,849,1011,27,1652,873,12,584,25],"class_list":{"0":"post-447951","1":"post","2":"type-post","3":"status-publish","4":"format-standard","5":"has-post-thumbnail","7":"category-rennes","8":"tag-actu","9":"tag-actualites","10":"tag-bretagne","11":"tag-concert","12":"tag-eu","13":"tag-europe","14":"tag-festival","15":"tag-fr","16":"tag-france","17":"tag-loisirs-culture","18":"tag-musique","19":"tag-news","20":"tag-rennes","21":"tag-republique-francaise"},"share_on_mastodon":{"url":"https:\/\/pubeurope.com\/@fr\/115339639242574933","error":""},"_links":{"self":[{"href":"https:\/\/www.europesays.com\/fr\/wp-json\/wp\/v2\/posts\/447951","targetHints":{"allow":["GET"]}}],"collection":[{"href":"https:\/\/www.europesays.com\/fr\/wp-json\/wp\/v2\/posts"}],"about":[{"href":"https:\/\/www.europesays.com\/fr\/wp-json\/wp\/v2\/types\/post"}],"author":[{"embeddable":true,"href":"https:\/\/www.europesays.com\/fr\/wp-json\/wp\/v2\/users\/2"}],"replies":[{"embeddable":true,"href":"https:\/\/www.europesays.com\/fr\/wp-json\/wp\/v2\/comments?post=447951"}],"version-history":[{"count":0,"href":"https:\/\/www.europesays.com\/fr\/wp-json\/wp\/v2\/posts\/447951\/revisions"}],"wp:featuredmedia":[{"embeddable":true,"href":"https:\/\/www.europesays.com\/fr\/wp-json\/wp\/v2\/media\/447952"}],"wp:attachment":[{"href":"https:\/\/www.europesays.com\/fr\/wp-json\/wp\/v2\/media?parent=447951"}],"wp:term":[{"taxonomy":"category","embeddable":true,"href":"https:\/\/www.europesays.com\/fr\/wp-json\/wp\/v2\/categories?post=447951"},{"taxonomy":"post_tag","embeddable":true,"href":"https:\/\/www.europesays.com\/fr\/wp-json\/wp\/v2\/tags?post=447951"}],"curies":[{"name":"wp","href":"https:\/\/api.w.org\/{rel}","templated":true}]}}