{"id":447957,"date":"2025-10-08T17:08:17","date_gmt":"2025-10-08T17:08:17","guid":{"rendered":"https:\/\/www.europesays.com\/fr\/447957\/"},"modified":"2025-10-08T17:08:17","modified_gmt":"2025-10-08T17:08:17","slug":"strasbourg-des-tags-a-la-gloire-du-hamas-a-sciences-po-dans-un-climat-persistant-de-tension-autour-de-la-guerre-a-gaza","status":"publish","type":"post","link":"https:\/\/www.europesays.com\/fr\/447957\/","title":{"rendered":"Strasbourg. Des tags \u00e0 la gloire du Hamas \u00e0 Sciences Po, dans un climat persistant de tension autour de la guerre \u00e0 Gaza"},"content":{"rendered":"<p>\u00ab\u00a0Gloire au Hamas\u00a0\u00bb, \u00ab\u00a0Fck Isra\u00ebl\u00a0\u00bb ou \u00ab\u00a0Mort aux colons\u00a0\u00bb\u00a0: peints en lettres rouges sur les portes vitr\u00e9es du Cardo, b\u00e2timent strasbourgeois h\u00e9bergeant notamment Sciences Po Strasbourg, des messages relevant de l\u2019apologie du terrorisme ont \u00e9t\u00e9 d\u00e9couverts par \u00e9tudiants et professeurs ce mercredi 8\u00a0octobre. Ces d\u00e9gradations interviennent au lendemain du deuxi\u00e8me anniversaire des massacres commis le 7\u00a0octobre 2023 en Isra\u00ebl par le groupe terroriste au pouvoir dans la bande de Gaza, d\u00e9vast\u00e9e depuis par la campagne militaire isra\u00e9lienne.<\/p>\n<p>D\u00e9non\u00e7ant \u00ab\u00a0avec la plus grande fermet\u00e9 ces actes ignobles et terrifiants\u00a0\u00bb, la direction de l\u2019Institut a adress\u00e9 peu apr\u00e8s 9\u00a0h un courriel \u00e0 l\u2019ensemble des \u00e9tudiants et du corps enseignant, \u00e9voquant \u00ab\u00a0une atteinte directe \u00e0 la dignit\u00e9 humaine, \u00e0 la s\u00e9curit\u00e9 morale de notre communaut\u00e9 et \u00e0 l\u2019id\u00e9al de tol\u00e9rance et de pluralisme que Sciences Po Strasbourg d\u00e9fend&#8230;<\/p>\n","protected":false},"excerpt":{"rendered":"\u00ab\u00a0Gloire au Hamas\u00a0\u00bb, \u00ab\u00a0Fck Isra\u00ebl\u00a0\u00bb ou \u00ab\u00a0Mort aux colons\u00a0\u00bb\u00a0: peints en lettres rouges sur les portes vitr\u00e9es du&hellip;\n","protected":false},"author":2,"featured_media":447958,"comment_status":"","ping_status":"","sticky":false,"template":"","format":"standard","meta":{"footnotes":""},"categories":[2820],"tags":[1111,11,2389,2649,2880,1057,4854,1777,674,274,107,1011,27,775,12,25,640,2879],"class_list":{"0":"post-447957","1":"post","2":"type-post","3":"status-publish","4":"format-standard","5":"has-post-thumbnail","7":"category-strasbourg","8":"tag-actu","9":"tag-actualites","10":"tag-alsace","11":"tag-bas-rhin","12":"tag-edition-strasbourg","13":"tag-education","14":"tag-enseignement-superieur","15":"tag-eu","16":"tag-europe","17":"tag-faits-divers-justice","18":"tag-fil-info","19":"tag-fr","20":"tag-france","21":"tag-grand-est","22":"tag-news","23":"tag-republique-francaise","24":"tag-strasbourg","25":"tag-strasbourg-ville"},"share_on_mastodon":{"url":"https:\/\/pubeurope.com\/@fr\/115339650930112095","error":""},"_links":{"self":[{"href":"https:\/\/www.europesays.com\/fr\/wp-json\/wp\/v2\/posts\/447957","targetHints":{"allow":["GET"]}}],"collection":[{"href":"https:\/\/www.europesays.com\/fr\/wp-json\/wp\/v2\/posts"}],"about":[{"href":"https:\/\/www.europesays.com\/fr\/wp-json\/wp\/v2\/types\/post"}],"author":[{"embeddable":true,"href":"https:\/\/www.europesays.com\/fr\/wp-json\/wp\/v2\/users\/2"}],"replies":[{"embeddable":true,"href":"https:\/\/www.europesays.com\/fr\/wp-json\/wp\/v2\/comments?post=447957"}],"version-history":[{"count":0,"href":"https:\/\/www.europesays.com\/fr\/wp-json\/wp\/v2\/posts\/447957\/revisions"}],"wp:featuredmedia":[{"embeddable":true,"href":"https:\/\/www.europesays.com\/fr\/wp-json\/wp\/v2\/media\/447958"}],"wp:attachment":[{"href":"https:\/\/www.europesays.com\/fr\/wp-json\/wp\/v2\/media?parent=447957"}],"wp:term":[{"taxonomy":"category","embeddable":true,"href":"https:\/\/www.europesays.com\/fr\/wp-json\/wp\/v2\/categories?post=447957"},{"taxonomy":"post_tag","embeddable":true,"href":"https:\/\/www.europesays.com\/fr\/wp-json\/wp\/v2\/tags?post=447957"}],"curies":[{"name":"wp","href":"https:\/\/api.w.org\/{rel}","templated":true}]}}