{"id":447963,"date":"2025-10-08T17:11:13","date_gmt":"2025-10-08T17:11:13","guid":{"rendered":"https:\/\/www.europesays.com\/fr\/447963\/"},"modified":"2025-10-08T17:11:13","modified_gmt":"2025-10-08T17:11:13","slug":"ils-se-battent-pour-les-victimes-des-pesticides","status":"publish","type":"post","link":"https:\/\/www.europesays.com\/fr\/447963\/","title":{"rendered":"ils se battent pour les victimes des pesticides"},"content":{"rendered":"<p>            Par<br \/>\n        <strong><br \/>\n            <a href=\"https:\/\/actu.fr\/auteur\/thomas-bernard\" title=\"Consulter tous les articles de Thomas Bernard\" rel=\"nofollow noopener\" target=\"_blank\">Thomas Bernard<\/a><br \/>\n        <\/strong><\/p>\n<p>        Publi\u00e9 le<\/p>\n<p>            8 oct. 2025 \u00e0 18h45        <\/p>\n<p>Ancien ouvrier paysagiste, agricole et chauffeur poids lourd, <a href=\"https:\/\/actu.fr\/pays-de-la-loire\/nantes_44109\/pesticides-apres-avoir-vaincu-un-cancer-du-sang-julien-se-bat-desormais-pour-les-autres-victimes_36101005.html\" rel=\"nofollow noopener\" target=\"_blank\">Julien Guillard, habitant de Saint-Herblain, d\u00e9clare, en 2015, un cancer \u00e0 l\u2019\u00e2ge de 32\u00a0ans<\/a>. Un lymphome non hodgkinien, une sorte de cancer du sang. Une maladie provoqu\u00e9e par l\u2019utilisation r\u00e9p\u00e9t\u00e9e de pesticides, fongicides, herbicides dans sa profession. Depuis le quadrag\u00e9naire est en r\u00e9mission. Il d\u00e9cide de lancer une proc\u00e9dure en reconnaissance de maladie professionnelle et <strong>l\u2019obtient le 19 avril 2017<\/strong>.<\/p>\n<p class=\" wall-content\">Quelques mois plus tard, engag\u00e9 avec l\u2019association Phyto-Victimes dans la mise en \u0153uvre du FIVP (Fonds d\u2019indemnisation des victimes des pesticides), Julien Guillard, accompagn\u00e9 de son avocat Fran\u00e7ois Lafforgue, engage une proc\u00e9dure de faute inexcusable contre ses employeurs. Le but est d\u2019obtenir une r\u00e9paration int\u00e9grale des pr\u00e9judices \u00e0 l\u2019image du FIVA (Fonds d\u2019indemnisation des victimes de l\u2019amiante).<\/p>\n<p class=\" wall-content\">L\u2019ancien employ\u00e9 agricole a \u00e9t\u00e9 d\u00e9bout\u00e9 de sa demande par le Tribunal de Nantes, le 5 septembre 2025.<\/p>\n<p class=\" wall-content\">Soutenu par <a href=\"https:\/\/victimepesticide-ouest.ecosolidaire.fr\/\" rel=\"nofollow noopener\" target=\"_blank\">le Collectif des victimes des pesticides de l\u2019ouest<\/a>, <a href=\"https:\/\/www.phyto-victimes.fr\/\" rel=\"nofollow noopener\" target=\"_blank\">Phyto-Victimes<\/a>, la CGT et ses proches, le Manceau d\u2019origine a d\u00e9cid\u00e9 de faire appel. Un combat qu\u2019il m\u00e8ne pour lui, mais aussi pour <strong>toutes les personnes victimes des pesticides<\/strong>.<\/p>\n<p>\u00ab\u2009On doit la s\u00e9curit\u00e9 et la sant\u00e9 aux employ\u00e9s\u2009\u00bb<\/p>\n<p class=\" wall-content\">Suite \u00e0 la d\u00e9cision du tribunal, Julien Guillard ne veut pas l\u00e2cher l\u2019affaire m\u00eame si la pilule est difficile \u00e0 avaler.<\/p>\n<p class=\" wall-content\">\u00ab\u2009Ce n\u2019est <strong>pas acceptable<\/strong> de reconna\u00eetre par deux fois le fait que je sois victime des pesticides. D\u2019un c\u00f4t\u00e9, on dit que les gaz d\u2019\u00e9chappements, l\u2019utilisation des produits phytosanitaires ont eu un impact sur ma sant\u00e9. Et d\u2019un autre c\u00f4t\u00e9, il n\u2019y a pas de responsable et que le seul responsable ce soit la victime.\u2009\u00bb<\/p>\n<p class=\" wall-content\">Dans son combat de reconnaissance en maladie professionnelle, l\u2019ancien ouvrier agricole est accompagn\u00e9 par le Collectif des victimes des pesticides de l\u2019ouest, dont fait partie Gilles Ravard, agriculteur retrait\u00e9,<strong> handicap\u00e9 \u00e0 75\u2009% \u00e0 cause d\u2019un lymphome<\/strong>.<\/p>\n<p>Votre r\u00e9gion, votre actu !<\/p>\n<p>Recevez chaque jour les infos qui comptent pour vous.<\/p>\n<p>\t<a href=\"https:\/\/actu.fr\/newsletter\" class=\"ac-btn ac-btn--corner ac-btn--medium ac-btn--blue800\" rel=\"nofollow noopener\" target=\"_blank\">S&rsquo;incrire<\/a><\/p>\n<p class=\" wall-content\">\u00ab\u2009On a fait reconna\u00eetre, \u00e0 l\u2019arrache parfois, la maladie professionnelle \u00e0 280\u00a0personnes\u2009\u00bb, pr\u00e9cise Gilles Ravard.<\/p>\n<p class=\" wall-content\">Reconverti, Julien Guillard, n\u2019en veut pas \u00e0 ses patrons, mais il d\u00e9nonce, aux c\u00f4t\u00e9s du Collectif des victimes des pesticides de l\u2019ouest, <strong>un manque de pr\u00e9vention concernant la dangerosit\u00e9 des produits pour les ouvriers du monde agricole<\/strong>. La mani\u00e8re de porter les \u00e9quipements de protection individuelle (EPI) est notamment point\u00e9e du doigt.<\/p>\n<blockquote class=\"ac-article-quote wall-content\">\n<p>Quand on est patron on doit la sant\u00e9 et la s\u00e9curit\u00e9 aux employ\u00e9s.<\/p>\n<p>    <strong>Julien Guillard<\/strong>\n            <\/p><\/blockquote>\n<p class=\" wall-content\">\u00ab\u2009Les combinaisons sont mal port\u00e9es car l\u2019agriculteur va mettre la combinaison une fois, deux fois, trois fois et donc elle ne fait plus son boulot. <strong>Pire, elle est tellement infest\u00e9e de produits qu\u2019elle va diffuser\u2009\u00bb<\/strong>, cite l\u2019Herblinois. \u00ab\u2009Beaucoup d\u2019agriculteurs ne veulent pas porter d\u2019EPI parce <strong>qu\u2019ils ne veulent pas passer pour un cosmonaute\u2009\u00bb<\/strong>, regrette Gilles Ravard.<\/p>\n<p>Sensibiliser le monde agricole<\/p>\n<p class=\" wall-content\">Selon Gilles Ravard, le collectif re\u00e7oit quotidiennement des appels d\u2019employ\u00e9s du monde agricole ou de riverains, tous impact\u00e9s par les pesticides au niveau sanitaire. Avec le combat men\u00e9 par Julien Guillard, le collectif veut que <strong>le monde agricole prenne conscience des enjeux<\/strong>.<\/p>\n<blockquote class=\"ac-article-quote wall-content\">\n<p>Il y a une omerta dans le monde agricole sur les pesticides au travail (&#8230;). Pendant des ann\u00e9es, j&rsquo;ai utilis\u00e9 ces pesticides. Aujourd&rsquo;hui, on se rend compte qu&rsquo;on ne peut plus faire comme \u00e7a et on sait faire autrement (sic), sans pesticides. Notre combat est contre les pesticides pour la sant\u00e9 publique. Il faut casser cette omerta. Les gens n&rsquo;osent pas dire.<\/p>\n<p>    <strong>Gilles Ravard<\/strong>\n            <\/p><\/blockquote>\n<p class=\" wall-content\">Pour casser cette omerta et <strong>sensibiliser<\/strong>, le collectif de soutien aux victimes des pesticides de l\u2019ouest intervient dans les \u00e9coles agricoles et organise des cin\u00e9-d\u00e9bats. \u00ab\u2009Il faut aussi des t\u00e9moignages. Je salue le combat de Julien qui est tr\u00e8s courageux\u2009\u00bb, souligne Gilles Ravard.<\/p>\n<p class=\" wall-content\">Personnalisez votre actualit\u00e9 en ajoutant vos villes et m\u00e9dias en favori avec <a href=\"https:\/\/moncompte.actu.fr\" title=\"D\u00e9couvez Mon Actu\" rel=\"nofollow noopener\" data-trk=\"{&quot;cta&quot;:{&quot;action&quot;:&quot;https:\\\/\\\/moncompte.actu.fr&quot;,&quot;category&quot;:&quot;mon compte&quot;,&quot;from&quot;:&quot;article footer&quot;,&quot;name&quot;:&quot;Mon actu&quot;,&quot;type&quot;:&quot;cta&quot;}}\" target=\"_blank\">Mon Actu<\/a>.<\/p>\n","protected":false},"excerpt":{"rendered":"Par Thomas Bernard Publi\u00e9 le 8 oct. 2025 \u00e0 18h45 Ancien ouvrier paysagiste, agricole et chauffeur poids lourd,&hellip;\n","protected":false},"author":2,"featured_media":447964,"comment_status":"","ping_status":"","sticky":false,"template":"","format":"standard","meta":{"footnotes":""},"categories":[2818],"tags":[1111,11,327,101,1777,674,1011,27,766,12,2636,1800,25,104],"class_list":{"0":"post-447963","1":"post","2":"type-post","3":"status-publish","4":"format-standard","5":"has-post-thumbnail","7":"category-nantes","8":"tag-actu","9":"tag-actualites","10":"tag-agriculture","11":"tag-cancer","12":"tag-eu","13":"tag-europe","14":"tag-fr","15":"tag-france","16":"tag-nantes","17":"tag-news","18":"tag-pays-de-la-loire","19":"tag-pollution","20":"tag-republique-francaise","21":"tag-societe"},"share_on_mastodon":{"url":"https:\/\/pubeurope.com\/@fr\/115339662756894647","error":""},"_links":{"self":[{"href":"https:\/\/www.europesays.com\/fr\/wp-json\/wp\/v2\/posts\/447963","targetHints":{"allow":["GET"]}}],"collection":[{"href":"https:\/\/www.europesays.com\/fr\/wp-json\/wp\/v2\/posts"}],"about":[{"href":"https:\/\/www.europesays.com\/fr\/wp-json\/wp\/v2\/types\/post"}],"author":[{"embeddable":true,"href":"https:\/\/www.europesays.com\/fr\/wp-json\/wp\/v2\/users\/2"}],"replies":[{"embeddable":true,"href":"https:\/\/www.europesays.com\/fr\/wp-json\/wp\/v2\/comments?post=447963"}],"version-history":[{"count":0,"href":"https:\/\/www.europesays.com\/fr\/wp-json\/wp\/v2\/posts\/447963\/revisions"}],"wp:featuredmedia":[{"embeddable":true,"href":"https:\/\/www.europesays.com\/fr\/wp-json\/wp\/v2\/media\/447964"}],"wp:attachment":[{"href":"https:\/\/www.europesays.com\/fr\/wp-json\/wp\/v2\/media?parent=447963"}],"wp:term":[{"taxonomy":"category","embeddable":true,"href":"https:\/\/www.europesays.com\/fr\/wp-json\/wp\/v2\/categories?post=447963"},{"taxonomy":"post_tag","embeddable":true,"href":"https:\/\/www.europesays.com\/fr\/wp-json\/wp\/v2\/tags?post=447963"}],"curies":[{"name":"wp","href":"https:\/\/api.w.org\/{rel}","templated":true}]}}