{"id":447965,"date":"2025-10-08T17:12:43","date_gmt":"2025-10-08T17:12:43","guid":{"rendered":"https:\/\/www.europesays.com\/fr\/447965\/"},"modified":"2025-10-08T17:12:43","modified_gmt":"2025-10-08T17:12:43","slug":"un-adolescent-de-16-ans-resiste-au-vol-de-son-telephone-et-recoit-des-coups-de-couteau","status":"publish","type":"post","link":"https:\/\/www.europesays.com\/fr\/447965\/","title":{"rendered":"un adolescent de 16 ans r\u00e9siste au vol de son t\u00e9l\u00e9phone et re\u00e7oit des coups de couteau"},"content":{"rendered":"<p>Un adolescent de 16\u00a0ans a \u00e9t\u00e9 victime d\u2019une agression au couteau dans un bus \u00e0 Nantes (<a target=\"_self\" href=\"https:\/\/www.lanouvellerepublique.fr\/loire-atlantique\" rel=\"noopener\">Loire-Atlantique<\/a>), lundi 6\u00a0octobre 2025, rapporte <a target=\"_blank\" href=\"https:\/\/actu.fr\/pays-de-la-loire\/nantes_44109\/coup-de-couteau-donne-dans-un-bus-a-nantes-un-adolescent-de-16-ans-blesse_63263944.html\" rel=\"noopener\">actu Nantes<\/a>. Le bus se trouvait \u00e0 l\u2019arr\u00eat Prairie-au-Duc quand deux jeunes sont mont\u00e9s \u00e0 bord et se sont dirig\u00e9s vers le fond du v\u00e9hicule, d\u00e9taille <a target=\"_blank\" href=\"https:\/\/www.ouest-france.fr\/faits-divers\/agression\/un-adolescent-victime-de-plusieurs-coups-de-couteau-dans-un-bus-a-nantes-5503540e-a364-11f0-be69-69357557951a\" rel=\"noopener\">Ouest-France<\/a>.<\/p>\n<p>L\u00e0, ils auraient sorti un couteau et menac\u00e9 la victime, exigeant qu\u2019elle leur remette son t\u00e9l\u00e9phone portable. Mais l\u2019adolescent ne s\u2019est pas laiss\u00e9 faire et a refus\u00e9 de leur donner l\u2019objet. Il a alors re\u00e7u plusieurs coups de couteau, au niveau des bras, des jambes et du dos.<\/p>\n<p>Les auteurs de l\u2019agression activement recherch\u00e9s<\/p>\n<p>Les agresseurs ont ensuite pris la fuite, alors que le conducteur du bus avait lanc\u00e9 un appel d\u2019urgence. Les pompiers sont intervenus pour prendre en charge la victime. Par chance, son pronostic vital n\u2019est pas engag\u00e9.<\/p>\n<p>Une enqu\u00eate a \u00e9t\u00e9 ouverte. Le bus a \u00e9t\u00e9 saisi par la police, qui l\u2019a pass\u00e9 au peigne fin, dans le but de relever des indices qui permettraient de remonter jusqu\u2019aux agresseurs. Les enqu\u00eateurs vont \u00e9galement analyser les images des cam\u00e9ras de vid\u00e9osurveillance.<\/p>\n","protected":false},"excerpt":{"rendered":"Un adolescent de 16\u00a0ans a \u00e9t\u00e9 victime d\u2019une agression au couteau dans un bus \u00e0 Nantes (Loire-Atlantique), lundi&hellip;\n","protected":false},"author":2,"featured_media":447966,"comment_status":"","ping_status":"","sticky":false,"template":"","format":"standard","meta":{"footnotes":""},"categories":[2818],"tags":[1111,11,1674,1777,674,274,1011,27,3047,766,12,2636,25],"class_list":{"0":"post-447965","1":"post","2":"type-post","3":"status-publish","4":"format-standard","5":"has-post-thumbnail","7":"category-nantes","8":"tag-actu","9":"tag-actualites","10":"tag-communes","11":"tag-eu","12":"tag-europe","13":"tag-faits-divers-justice","14":"tag-fr","15":"tag-france","16":"tag-loire-atlantique","17":"tag-nantes","18":"tag-news","19":"tag-pays-de-la-loire","20":"tag-republique-francaise"},"share_on_mastodon":{"url":"https:\/\/pubeurope.com\/@fr\/115339666706931447","error":""},"_links":{"self":[{"href":"https:\/\/www.europesays.com\/fr\/wp-json\/wp\/v2\/posts\/447965","targetHints":{"allow":["GET"]}}],"collection":[{"href":"https:\/\/www.europesays.com\/fr\/wp-json\/wp\/v2\/posts"}],"about":[{"href":"https:\/\/www.europesays.com\/fr\/wp-json\/wp\/v2\/types\/post"}],"author":[{"embeddable":true,"href":"https:\/\/www.europesays.com\/fr\/wp-json\/wp\/v2\/users\/2"}],"replies":[{"embeddable":true,"href":"https:\/\/www.europesays.com\/fr\/wp-json\/wp\/v2\/comments?post=447965"}],"version-history":[{"count":0,"href":"https:\/\/www.europesays.com\/fr\/wp-json\/wp\/v2\/posts\/447965\/revisions"}],"wp:featuredmedia":[{"embeddable":true,"href":"https:\/\/www.europesays.com\/fr\/wp-json\/wp\/v2\/media\/447966"}],"wp:attachment":[{"href":"https:\/\/www.europesays.com\/fr\/wp-json\/wp\/v2\/media?parent=447965"}],"wp:term":[{"taxonomy":"category","embeddable":true,"href":"https:\/\/www.europesays.com\/fr\/wp-json\/wp\/v2\/categories?post=447965"},{"taxonomy":"post_tag","embeddable":true,"href":"https:\/\/www.europesays.com\/fr\/wp-json\/wp\/v2\/tags?post=447965"}],"curies":[{"name":"wp","href":"https:\/\/api.w.org\/{rel}","templated":true}]}}