{"id":447985,"date":"2025-10-08T17:24:12","date_gmt":"2025-10-08T17:24:12","guid":{"rendered":"https:\/\/www.europesays.com\/fr\/447985\/"},"modified":"2025-10-08T17:24:12","modified_gmt":"2025-10-08T17:24:12","slug":"un-grand-etat-des-lieux-a-permis-de-detecter-plusieurs-anomalies","status":"publish","type":"post","link":"https:\/\/www.europesays.com\/fr\/447985\/","title":{"rendered":"un grand \u00e9tat des lieux a permis de d\u00e9tecter plusieurs anomalies"},"content":{"rendered":"<p>            Par<br \/>\n        <strong><br \/>\n            <a href=\"https:\/\/actu.fr\/auteur\/geoffrey-faucheux\" title=\"Consulter tous les articles de Geoffrey Faucheux\" rel=\"nofollow noopener\" target=\"_blank\">Geoffrey Faucheux<\/a><br \/>\n        <\/strong><\/p>\n<p>        Publi\u00e9 le<\/p>\n<p>            8 oct. 2025 \u00e0 18h02        <\/p>\n<p>La qualit\u00e9 de l\u2019<b>eau du robinet<\/b> est-elle bonne en <b>\u00cele-de-France <\/b>? C\u2019est la question \u00e0 laquelle l\u2019<b>ARS<\/b> (Agence r\u00e9gionale de sant\u00e9) a tent\u00e9 de r\u00e9pondre avec le lancement, en 2024, d\u2019une grande <b>campagne exploratoire<\/b>. Un \u00e9tat des lieux qui a pris fin \u00e0 l\u2019issue du premier trimestre 2025, avec quelques alertes \u00e0 noter en <a href=\"https:\/\/actu.fr\/ile-de-france\/montigny-sur-loing_77312\/montigny-sur-loing-serge-renault-lancien-maire-a-qui-on-doit-le-souterrain-de-la-gare-est-decede_61330142.html\" rel=\"nofollow noopener\" target=\"_blank\">Seine-et-Marne<\/a>. Depuis, les <b>contr\u00f4les de routine<\/b> ont pris le relais.<\/p>\n<p>Objectifs multiples<\/p>\n<p class=\" wall-content\">Les objectifs de cette campagne \u00e9taient multiples : \u00ab dresser un <b>panorama de la situation <\/b>\u00bb, \u00ab observer les teneurs, leur variation selon la saison et leur \u00e9volution \u00bb, \u00ab d\u00e9tecter d\u2019\u00e9ventuelles contaminations \u00bb, mais aussi \u00ab accompagner les collectivit\u00e9s pour am\u00e9liorer la qualit\u00e9 de l\u2019eau distribu\u00e9e \u00bb.<\/p>\n<p class=\" wall-content\">Et apr\u00e8s un an et demi de travail, les r\u00e9sultats sont tomb\u00e9s. Sur plus de <b>1 200 analyses<\/b>, cinq d\u00e9passements du seuil PFAS (0,1\u00a0\u00b5g\/l pour la somme de 20 PFAS) ont \u00e9t\u00e9 relev\u00e9s, dont deux en Seine-et-Marne.<\/p>\n<p class=\" wall-content\">Le premier \u00e0 l\u2019unit\u00e9 de distribution de <a href=\"https:\/\/actu.fr\/?s=montereau\" rel=\"nofollow noopener\" target=\"_blank\">Montereau \u2013 La Grande-Paroisse<\/a> : \u00ab Des d\u00e9passements ont \u00e9t\u00e9 observ\u00e9s en 2024, ce qui a entra\u00een\u00e9 un <b>changement de charbon actif<\/b>* en d\u00e9cembre permettant un retour en dessous de la limite. En mars\u00a02025, un nouveau d\u00e9passement a marqu\u00e9 la saturation du charbon actif apr\u00e8s seulement trois mois d\u2019utilisation. Un changement de type de charbon actif a \u00e9t\u00e9 r\u00e9alis\u00e9 et <b>aucun d\u00e9passement n\u2019a \u00e9t\u00e9 mesur\u00e9 depuis <\/b>\u00bb, r\u00e9v\u00e8le l\u2019ARS.<\/p>\n<p class=\" wall-content\">Le second \u00e0 <b>Champeaux<\/b> : \u00ab Des d\u00e9passements ont \u00e9t\u00e9 observ\u00e9s en 2024, ce qui a entra\u00een\u00e9 un changement de charbon actif en ao\u00fbt\u00a02024. Aucun nouveau d\u00e9passement n\u2019a \u00e9t\u00e9 observ\u00e9 depuis \u00bb.<\/p>\n<p>Vid\u00e9os : en ce moment sur ActuVous avez dit \u00ab\u00a0PFAS\u00a0\u00bb ?<\/p>\n<p>PFAS\u2009? Voil\u00e0 un acronyme que de plus en plus utilis\u00e9 ces derniers mois. Mais que signifie-t-il\u2009? que cache-t-il\u2009? Ce sigle comprend les substances perfluoroalkyl\u00e9es et polyfluoroalkyl\u00e9es, SPFA en fran\u00e7ais. Mais quand on le prononce \u00e0 l&rsquo;anglaise, il devient PFAS.<br \/>&#13;<br \/>\nIl s&rsquo;agit de compos\u00e9s artificiels, synth\u00e9tis\u00e9s par l&rsquo;homme \u00e0 partir d&rsquo;hydrocarbures, compos\u00e9s d&rsquo;atomes de carbone et de fluor reli\u00e9s entre eux par des liaisons chimiques particuli\u00e8rement stables.<br \/>&#13;<br \/>\nLa stabilit\u00e9 de cette liaison carbone-fluor a particip\u00e9 \u00e0 l&rsquo;\u00e2ge d&rsquo;or de certains industriels qui les utilisent depuis les ann\u00e9es 1950 pour leurs propri\u00e9t\u00e9s antiadh\u00e9sives, imperm\u00e9abilisantes ou encore r\u00e9sistantes \u00e0 la chaleur. En clair, on les retrouve aujourd&rsquo;hui dans une grande partie des objets du quotidien comme dans les cuisines avec les po\u00eales, en passant par des v\u00eatements de sport, des produits cosm\u00e9tiques, des emballages, etc.<br \/>&#13;<br \/>\nLe probl\u00e8me, c&rsquo;est que la grande stabilit\u00e9 de leurs liaisons carbone-fluor rend les PFAS quasi indestructibles dans l&rsquo;environnement. D&rsquo;o\u00f9 leur surnom de polluants \u00e9ternels. Depuis des d\u00e9cennies, ils s&rsquo;accumulent ainsi dans les milieux naturels, sans \u00e9pargner les eaux de surface (rivi\u00e8res, lacs\u2026) et les nappes phr\u00e9atiques via la pluie notamment.<br \/>&#13;<br \/>\nCombien sont-ils\u2009? Il est tr\u00e8s difficile de r\u00e9pondre \u00e0 cette question. Selon les instituts, il existerait plusieurs milliers de PFAS diff\u00e9rents\u2026<\/p>\n<p>L\u2019eau reste potable<\/p>\n<p class=\" wall-content\">Pour aller plus loin dans ces analyses, l\u2019ARS a int\u00e9gr\u00e9 les PFAS au contr\u00f4le sanitaire r\u00e9glementaire depuis <b>d\u00e9but avril<\/b>, alors qu\u2019elle n\u2019\u00e9tait l\u00e9galement dans l\u2019obligation de le faire qu\u2019\u00e0 partir de janvier\u00a02026 : \u00ab Le param\u00e8tre PFAS n\u2019est pas analys\u00e9 \u00e0 chaque pr\u00e9l\u00e8vement \u00bb, pr\u00e9cise toutefois l\u2019ARS.<\/p>\n<p>Votre r\u00e9gion, votre actu !<\/p>\n<p>Recevez chaque jour les infos qui comptent pour vous.<\/p>\n<p>\t<a href=\"https:\/\/actu.fr\/newsletter\" class=\"ac-btn ac-btn--corner ac-btn--medium ac-btn--blue800\" rel=\"nofollow noopener\" target=\"_blank\">S&rsquo;incrire<\/a><\/p>\n<p class=\" wall-content\">En effet, la fr\u00e9quence de contr\u00f4le d\u00e9pend de deux \u00e9l\u00e9ments : le <b>d\u00e9bit des captages<\/b> et la <b>population desservie<\/b> par les installations. De ce fait, celle-ci sera plus importante pour les captages et installations produisant des volumes d\u2019eau cons\u00e9quents : \u00ab La fr\u00e9quence d\u2019analyse pourra, par exemple, varier <b>de deux fois par mois \u00e0 une fois par an <\/b>\u00bb, explique l\u2019Agence r\u00e9gionale de sant\u00e9.<\/p>\n<p class=\" wall-content\">\u00c0 noter enfin qu\u2019en cas de d\u00e9passement de la limite autoris\u00e9e de PFAS, la personne (physique ou morale) responsable de la production et distribution de l\u2019eau \u00ab est invit\u00e9e \u00e0 am\u00e9liorer la qualit\u00e9 de l\u2019eau dans les meilleurs d\u00e9lais et \u00e0 informer la population \u00bb. Toutefois, dans ce cas pr\u00e9cis, bien que \u00ab non conforme \u00bb d\u2019un point de vue administratif, <b>l\u2019eau reste consommable<\/b>.<\/p>\n<p class=\" wall-content\">*Le charbon actif \u00e9limine les impuret\u00e9s et les polluants de l\u2019eau en adsorbant les contaminants. Il doit \u00eatre remplac\u00e9 r\u00e9guli\u00e8rement car il perd son efficacit\u00e9 au fil du temps, satur\u00e9 de substances filtr\u00e9es.<\/p>\n<p class=\" wall-content\">Personnalisez votre actualit\u00e9 en ajoutant vos villes et m\u00e9dias en favori avec <a href=\"https:\/\/moncompte.actu.fr\" title=\"D\u00e9couvez Mon Actu\" rel=\"nofollow noopener\" data-trk=\"{&quot;cta&quot;:{&quot;action&quot;:&quot;https:\\\/\\\/moncompte.actu.fr&quot;,&quot;category&quot;:&quot;mon compte&quot;,&quot;from&quot;:&quot;article footer&quot;,&quot;name&quot;:&quot;Mon actu&quot;,&quot;type&quot;:&quot;cta&quot;}}\" target=\"_blank\">Mon Actu<\/a>.<\/p>\n","protected":false},"excerpt":{"rendered":"Par Geoffrey Faucheux Publi\u00e9 le 8 oct. 2025 \u00e0 18h02 La qualit\u00e9 de l\u2019eau du robinet est-elle bonne&hellip;\n","protected":false},"author":2,"featured_media":447986,"comment_status":"","ping_status":"","sticky":false,"template":"","format":"standard","meta":{"footnotes":""},"categories":[1592],"tags":[1111,11,9746,1777,674,1011,27,662,12,626,25,104],"class_list":{"0":"post-447985","1":"post","2":"type-post","3":"status-publish","4":"format-standard","5":"has-post-thumbnail","7":"category-ile-de-france","8":"tag-actu","9":"tag-actualites","10":"tag-eau-potable","11":"tag-eu","12":"tag-europe","13":"tag-fr","14":"tag-france","15":"tag-ile-de-france","16":"tag-news","17":"tag-paris","18":"tag-republique-francaise","19":"tag-societe"},"share_on_mastodon":{"url":"https:\/\/pubeurope.com\/@fr\/115339713978805457","error":""},"_links":{"self":[{"href":"https:\/\/www.europesays.com\/fr\/wp-json\/wp\/v2\/posts\/447985","targetHints":{"allow":["GET"]}}],"collection":[{"href":"https:\/\/www.europesays.com\/fr\/wp-json\/wp\/v2\/posts"}],"about":[{"href":"https:\/\/www.europesays.com\/fr\/wp-json\/wp\/v2\/types\/post"}],"author":[{"embeddable":true,"href":"https:\/\/www.europesays.com\/fr\/wp-json\/wp\/v2\/users\/2"}],"replies":[{"embeddable":true,"href":"https:\/\/www.europesays.com\/fr\/wp-json\/wp\/v2\/comments?post=447985"}],"version-history":[{"count":0,"href":"https:\/\/www.europesays.com\/fr\/wp-json\/wp\/v2\/posts\/447985\/revisions"}],"wp:featuredmedia":[{"embeddable":true,"href":"https:\/\/www.europesays.com\/fr\/wp-json\/wp\/v2\/media\/447986"}],"wp:attachment":[{"href":"https:\/\/www.europesays.com\/fr\/wp-json\/wp\/v2\/media?parent=447985"}],"wp:term":[{"taxonomy":"category","embeddable":true,"href":"https:\/\/www.europesays.com\/fr\/wp-json\/wp\/v2\/categories?post=447985"},{"taxonomy":"post_tag","embeddable":true,"href":"https:\/\/www.europesays.com\/fr\/wp-json\/wp\/v2\/tags?post=447985"}],"curies":[{"name":"wp","href":"https:\/\/api.w.org\/{rel}","templated":true}]}}