{"id":447989,"date":"2025-10-08T17:26:18","date_gmt":"2025-10-08T17:26:18","guid":{"rendered":"https:\/\/www.europesays.com\/fr\/447989\/"},"modified":"2025-10-08T17:26:18","modified_gmt":"2025-10-08T17:26:18","slug":"derriere-les-statistiques-les-mutations-parisiennes","status":"publish","type":"post","link":"https:\/\/www.europesays.com\/fr\/447989\/","title":{"rendered":"derri\u00e8re les statistiques, les mutations parisiennes"},"content":{"rendered":"<p class=\"mb-4 text-lg md:leading-8 break-words\">Le mus\u00e9e Carnavalet propose une exposition originale \u00e0 partir de trois recensements de l\u2019entre-deux-guerres, les premiers \u00e0 \u00eatre nominatifs. L\u2019\u00e9criture manuscrite des registres a pu \u00eatre retranscrite par intelligence artificielle.<\/p>\n<p class=\"mb-4 text-lg md:leading-8 break-words\">Un recensement de population, c\u2019est d\u2019abord beaucoup de chiffres, de donn\u00e9es, de statistiques. Surtout concernant les pr\u00e8s de 2,9 millions d&rsquo;habitants de Paris dans l\u2019entre-deux-guerre. C\u2019est sur cette mati\u00e8re a priori aride que le mus\u00e9e Carnavalet, d\u00e9di\u00e9 \u00e0 l\u2019histoire de la capitale, a b\u00e2ti l\u2019exposition \u00ab\u00a0Les gens de Paris 1926-1936\u00a0\u00bb. Plus pr\u00e9cis\u00e9ment, sur les trois premiers recensements nominatifs des Parisiens en 1926, 1931 et 1936.<\/p>\n<p class=\"mb-4 text-lg md:leading-8 break-words\">\u00ab\u00a0Jusque-l\u00e0, la capitale avait obtenu le droit de ne pas dresser de listes nominatives, contrairement \u00e0 toutes les autres communes de France\u00a0\u00bb, note Sandra Br\u00e9e, historienne et d\u00e9mographe au laboratoire de recherche historique Rh\u00f4ne-Alpes (LARHRA) du CNRS et co-commissaire de l\u2019exposition. Sans doute pour des questions de co\u00fbt.<\/p>\n<p>Registres num\u00e9ris\u00e9s sur bornes interactives<\/p>\n<p class=\"mb-4 text-lg md:leading-8 break-words\">Le parcours \u00e9gr\u00e8ne donc chiffres, pourcentages, pyramides des \u00e2ges et autres graphiques issus des registres constitu\u00e9s \u00e0 partir des \u00ab\u00a0fiches de m\u00e9nages\u00a0\u00bb remplis par les habitants \u00e0 l&rsquo;\u00e9poque. \u00ab\u00a0Le fil directeur de l\u2019exposition, ce sont les colonnes que l\u2019on retrouve dans ces registres : ann\u00e9es de naissance, lieux de naissance, professions, quartiers\u2026\u00a0\u00bb, explique H\u00e9l\u00e8ne Ducat\u00e9, charg\u00e9e de mission scientifique au mus\u00e9e et co-commissaire. Ce sont les Archives nationales qui non seulement conservent ces documents, mais les ont num\u00e9ris\u00e9s et rendent les donn\u00e9es consultables en ligne (<a href=\"https:\/\/archives.paris.fr\/voila-paris\/faire-une-recherche?arko_default_6819b2b36d1c2--ficheFocus=\" rel=\"nofollow noopener\" target=\"_blank\" data-ylk=\"slk:sur cette page;elm:context_link;itc:0;sec:content-canvas\" class=\"link \">sur cette page<\/a>). On les retrouve \u00e0 des bornes interactives plac\u00e9es au terme du parcours de l&rsquo;exposition.<\/p>\n<p><img alt=\"Photographie noir et blanc en surplomb des taudis de la zone de Saint-Ouen \u00e0 Paris en 1934.\" loading=\"lazy\" width=\"453\" height=\"335\" decoding=\"async\" data-nimg=\"1\" class=\"rounded-lg\" style=\"color:transparent\" src=\"https:\/\/www.europesays.com\/fr\/wp-content\/uploads\/2025\/10\/7790f7cbd7e52881270d9612e2208ef2.jpeg\"\/><\/p>\n<p>Photographie noir et blanc en surplomb des taudis de la zone de Saint-Ouen \u00e0 Paris en 1934.<\/p>\n<p class=\"mb-4 text-lg md:leading-8 break-words\">Vue des taudis de la zone de Saint-Ouen \u00e0 Paris en 1934 par un photographe anonyme. Cr\u00e9dit : Paris Mus\u00e9es\/Mus\u00e9e Carnavalet<\/p>\n<p class=\"mb-4 text-lg md:leading-8 break-words\">De salle en salle, on apprend ainsi que 29% des plus de 15 ans n\u2019\u00e9taient pas mari\u00e9s ; que la moiti\u00e9 des couples qui l&rsquo;\u00e9taient n&rsquo;avaient pas d&rsquo;enfant ; que le taux de f\u00e9condit\u00e9 \u00e9tait de 1,6 enfant par femme en 1926 et 1,2 en 1936 ; que l\u2019on comptait 32 000 \u00e9l\u00e8ves en \u00e9coles maternelles et \u00e9l\u00e9mentaires en 1926 ; que la porte Montmartre rassemblait 5209 habitants en 1931 dont 44% d[&#8230;]<\/p>\n<p class=\"mb-4 text-lg md:leading-8 break-words\"><a href=\"https:\/\/www.sciencesetavenir.fr\/decouvrir\/expositions\/exposition-les-gens-de-paris-1926-1936-derriere-les-statistiques-les-mutations-parisiennes_188705#xtor=CS2-37-[Exposition%20%22Les%20gens%20de%20Paris%201926-1936%22%20%3A%20derri%C3%A8re%20les%20statistiques%2C%20les%20mutations%20parisiennes]\" rel=\"nofollow noopener\" target=\"_blank\" data-ylk=\"slk:Lire la suite sur sciencesetavenir.fr;elm:context_link;itc:0;sec:content-canvas\" class=\"link \">Lire la suite sur sciencesetavenir.fr<\/a><\/p>\n<p>A lire aussi<\/p>\n","protected":false},"excerpt":{"rendered":"Le mus\u00e9e Carnavalet propose une exposition originale \u00e0 partir de trois recensements de l\u2019entre-deux-guerres, les premiers \u00e0 \u00eatre&hellip;\n","protected":false},"author":2,"featured_media":447990,"comment_status":"","ping_status":"","sticky":false,"template":"","format":"standard","meta":{"footnotes":""},"categories":[1888],"tags":[1111,1928,11,1927,1777,674,1011,27,54482,10877,12,1926,626,1925,57367,25,39762],"class_list":{"0":"post-447989","1":"post","2":"type-post","3":"status-publish","4":"format-standard","5":"has-post-thumbnail","7":"category-paris","8":"tag-actu","9":"tag-actu-paris","10":"tag-actualites","11":"tag-actualites-paris","12":"tag-eu","13":"tag-europe","14":"tag-fr","15":"tag-france","16":"tag-lentre-deux-guerres","17":"tag-les-habitants","18":"tag-news","19":"tag-news-paris","20":"tag-paris","21":"tag-paris-news","22":"tag-pyramides-des-ages","23":"tag-republique-francaise","24":"tag-taux-de-fecondite"},"share_on_mastodon":{"url":"https:\/\/pubeurope.com\/@fr\/115339722195896348","error":""},"_links":{"self":[{"href":"https:\/\/www.europesays.com\/fr\/wp-json\/wp\/v2\/posts\/447989","targetHints":{"allow":["GET"]}}],"collection":[{"href":"https:\/\/www.europesays.com\/fr\/wp-json\/wp\/v2\/posts"}],"about":[{"href":"https:\/\/www.europesays.com\/fr\/wp-json\/wp\/v2\/types\/post"}],"author":[{"embeddable":true,"href":"https:\/\/www.europesays.com\/fr\/wp-json\/wp\/v2\/users\/2"}],"replies":[{"embeddable":true,"href":"https:\/\/www.europesays.com\/fr\/wp-json\/wp\/v2\/comments?post=447989"}],"version-history":[{"count":0,"href":"https:\/\/www.europesays.com\/fr\/wp-json\/wp\/v2\/posts\/447989\/revisions"}],"wp:featuredmedia":[{"embeddable":true,"href":"https:\/\/www.europesays.com\/fr\/wp-json\/wp\/v2\/media\/447990"}],"wp:attachment":[{"href":"https:\/\/www.europesays.com\/fr\/wp-json\/wp\/v2\/media?parent=447989"}],"wp:term":[{"taxonomy":"category","embeddable":true,"href":"https:\/\/www.europesays.com\/fr\/wp-json\/wp\/v2\/categories?post=447989"},{"taxonomy":"post_tag","embeddable":true,"href":"https:\/\/www.europesays.com\/fr\/wp-json\/wp\/v2\/tags?post=447989"}],"curies":[{"name":"wp","href":"https:\/\/api.w.org\/{rel}","templated":true}]}}