{"id":448020,"date":"2025-10-08T17:44:13","date_gmt":"2025-10-08T17:44:13","guid":{"rendered":"https:\/\/www.europesays.com\/fr\/448020\/"},"modified":"2025-10-08T17:44:13","modified_gmt":"2025-10-08T17:44:13","slug":"le-gp-dindonesie-a-rappele-a-alex-rins-ses-prouesses-avec-suzuki","status":"publish","type":"post","link":"https:\/\/www.europesays.com\/fr\/448020\/","title":{"rendered":"Le GP d&rsquo;Indon\u00e9sie a rappel\u00e9 \u00e0 \u00c1lex Rins ses prouesses avec Suzuki"},"content":{"rendered":"<p><a href=\"https:\/\/fr.motorsport.com\/driver\/alex-rins\/109402\/\" target=\"_blank\" rel=\"noopener\">\u00c1lex Rins<\/a> a retrouv\u00e9 en Indon\u00e9sie un enthousiasme qu&rsquo;on ne lui avait plus connu depuis bien longtemps. Jusqu&rsquo;ici en grande difficult\u00e9 avec la Yamaha, l&rsquo;Espagnol s&rsquo;est m\u00eal\u00e9 aux pilotes les plus rapides tout au long du week-end pass\u00e9 \u00e0 Mandalika.<\/p>\n<p>Dans le top 10 d\u00e8s les premiers essais, il a obtenu ce qui est de loin sa meilleure qualification de l&rsquo;ann\u00e9e en d\u00e9crochant la quatri\u00e8me place sur la grille de d\u00e9part, alors que depuis Assen il oscillait entre la 15e et la 20e position. Il n&rsquo;a pas pu en profiter pendant le sprint, <a href=\"https:\/\/fr.motorsport.com\/motogp\/news\/marquez-point-fort-perdu-ducati-mandalika\/10764860\/\" target=\"_self\" rel=\"noopener\">la faute \u00e0 un contact avec Marc M\u00e1rquez d\u00e8s le premier tour<\/a>. En revanche, il a saisi sa chance pour se montrer aux avant-postes pendant la course principale.<\/p>\n<p>Sa dixi\u00e8me place finale cache en effet une parenth\u00e8se bien plus excitante, celle des quatre tours qu&rsquo;il a pass\u00e9s en deuxi\u00e8me position, dans le dernier tiers de la course. Ses pneus tendres l&rsquo;ont emp\u00each\u00e9 d&rsquo;en profiter plus longtemps et expliquent qu&rsquo;il ait fortement recul\u00e9 dans les cinq derniers tours, mais Rins avait au passage pris un shot d&rsquo;adr\u00e9naline qui a mis un moment avant de retomber.<\/p>\n<p>Lire aussi :<\/p>\n<p>Ce choix de partir avec une monte pneumatique 100% soft \u00e9tait assum\u00e9, avec pour but de bien exploiter les premiers tours en d\u00e9pit du risque d&rsquo;usure marqu\u00e9e de ces gommes. Et le pneu arri\u00e8re a finalement dur\u00e9 plus longtemps que ce \u00e0 quoi il s&rsquo;attendait et cela l&rsquo;a men\u00e9 peu \u00e0 peu vers cette deuxi\u00e8me place.<\/p>\n<p>\u00ab\u00a0On savait qu&rsquo;avec le medium on allait avoir du mal dans les sept premiers tours, donc j&rsquo;ai d\u00e9cid\u00e9 de prendre le soft\u00a0\u00bb,\u00a0a-t-il expliqu\u00e9 au site officiel du MotoGP, dimanche. \u00ab\u00a0J&rsquo;ai vraiment g\u00e9r\u00e9 le pneu parce qu&rsquo;hier, au bout de dix tours, le pneu \u00e9tait fini. Aujourd&rsquo;hui, j&rsquo;ai pu le faire durer un peu plus, j&rsquo;ai r\u00e9ussi \u00e0 vraiment bien faire les 20 premiers tours, mais d\u00e8s que je me suis retrouv\u00e9 deuxi\u00e8me, j&rsquo;ai commenc\u00e9 \u00e0 avoir vraiment du mal avec les pneus. En tout cas, on a fait un tr\u00e8s bon week-end et c&rsquo;est une grande r\u00e9ussite pour moi.\u00a0\u00bb<\/p>\n<p>Il en ressort en effet une course dont \u00c1lex Rins a profit\u00e9 \u00e0 fond. \u00ab\u00a0\u00c7a a \u00e9t\u00e9 incroyable, \u00e7a faisait longtemps que je n&rsquo;avais pas pris autant de plaisir dans une course\u00a0\u00bb, retenait-il au moment de s&rsquo;exprimer face aux journalistes de la presse \u00e9crite. \u00ab\u00a0C&rsquo;est ma premi\u00e8re course dans le groupe de t\u00eate depuis des ann\u00e9es, vous n&rsquo;imaginez m\u00eame pas ce que \u00e7a fait\u00a0!\u00a0\u00bb<\/p>\n<p>   <img decoding=\"async\" draggable=\"false\" src=\"https:\/\/www.europesays.com\/fr\/wp-content\/uploads\/2025\/10\/alex-rins-yamaha-factory-racin.jpg\" alt=\"\u00c0 huit tours de l'arriv\u00e9e, \u00c1lex Rins \u00e9tait deuxi\u00e8me devant Pedro Acosta, \u00c1lex M\u00e1rquez et Ra\u00fal Fern\u00e1ndez.\" width=\"1200\" height=\"800\" loading=\"lazy\"\/> <\/p>\n<p class=\"title\">\u00c0 huit tours de l&rsquo;arriv\u00e9e, \u00c1lex Rins \u00e9tait deuxi\u00e8me devant Pedro Acosta, \u00c1lex M\u00e1rquez et Ra\u00fal Fern\u00e1ndez.<\/p>\n<p class=\"photographer\">Photo de: Gold and Goose Photography \/ LAT Images \/ via Getty Images<\/p>\n<p>\u00ab\u00a0\u00c7a a \u00e9t\u00e9 un tr\u00e8s bon week-end, je garde \u00e7a. Il est vrai qu&rsquo;\u00e0 un moment donn\u00e9, je me suis vu sur le podium mais le groupe \u00e9tait tr\u00e8s gros. Quand je me suis retrouv\u00e9 deuxi\u00e8me, j&rsquo;ai essay\u00e9 d&rsquo;attaquer un peu parce que j&rsquo;ai vu que Pedro [Acosta] avait du mal \u00e0 revenir, en particulier dans le deuxi\u00e8me secteur, mais les pneus avaient d\u00e9j\u00e0 commenc\u00e9 \u00e0 dire que \u00e7a suffisait.\u00a0\u00bb<\/p>\n<p>Le r\u00e9sultat final importe assez peu au pilote Yamaha\u00a0:\u00a0\u00ab\u00a0Franchement, je m&rsquo;en fiche de faire dixi\u00e8me\u00a0!\u00a0[rires] \u00c7a a vraiment \u00e9t\u00e9 un tr\u00e8s bon week-end pour moi. Depuis vendredi, je me suis senti fort, comp\u00e9titif. On a fait de tr\u00e8s bonnes qualifs. C&rsquo;est dommage que j&rsquo;aie eu ce contact avec Marc dans le sprint, mais aujourd&rsquo;hui, j&rsquo;ai vraiment pris du plaisir dans la course.\u00a0\u00bb<\/p>\n<p>Une r\u00e9ponse \u00e0 ceux qui ont cess\u00e9 de croire en lui<\/p>\n<p>Ce week-end en Indon\u00e9sie a vu le niveau de performance de certains pilotes changer du tout au tout, dans un sens comme dans l&rsquo;autre, et \u00c1lex Rins fait partie de ceux qui ont eu la chance de mieux s&rsquo;exprimer \u00e0 Mandalika qu&rsquo;ailleurs. \u00ab\u00a0Honn\u00eatement, la moto est la m\u00eame que sur la course pr\u00e9c\u00e9dente. Je pense que \u00e7a vient plus du circuit, qui nous a permis de nous exprimer un peu plus, et du fait que la moto s&rsquo;est adapt\u00e9e \u00e0 nous sur cette piste plus qu&rsquo;autre chose\u00a0\u00bb, a-t-il d\u00e9crypt\u00e9.<\/p>\n<p>Qu&rsquo;il s&rsquo;agisse d&rsquo;une performance ponctuelle ou pas, l&rsquo;Espagnol s&rsquo;est en tout cas plu \u00e0 retrouver des positions qui \u00e9taient les siennes il y a quelques ann\u00e9es.\u00a0\u00ab\u00a0Je suis vraiment tr\u00e8s heureux, pas tant pour la course mais pour le week-end, parce qu&rsquo;il m&rsquo;a rappel\u00e9 un peu l&rsquo;ancien temps, avec Suzuki. J&rsquo;ai pris du plaisir. J&rsquo;ai assez bien pilot\u00e9, j&rsquo;ai d\u00e9fendu ma position, d\u00e9pass\u00e9. On a fait un super week-end.\u00a0\u00bb<\/p>\n<blockquote>\n<p>C&rsquo;est dur quand les gens ne vous font plus confiance.<\/p>\n<\/blockquote>\n<p>Au-del\u00e0 du r\u00e9sultat brut, Rins ressort donc avec un week-end qui le motive et qui a \u00e9t\u00e9 \u00e0 ses yeux une preuve de ce qu&rsquo;il reste capable de faire.\u00a0\u00ab\u00a0Ni moi, ni personne dans mon \u00e9quipe n&rsquo;avons cess\u00e9 de croire en moi durant tout ce temps. Il y a des gens dont \u00e7a a \u00e9t\u00e9 le cas, beaucoup, mais c&rsquo;est \u00e0 nous de leur montrer qu&rsquo;ils se trompent\u00a0\u00bb, s&rsquo;est-il charg\u00e9 de souligner dimanche.<\/p>\n<p>Une semaine apr\u00e8s un <a href=\"https:\/\/fr.motorsport.com\/driver\/joan-mir\/289392\/\" target=\"_blank\" rel=\"noopener\">Joan Mir<\/a> faisant de son premier podium avec Honda <a href=\"https:\/\/fr.motorsport.com\/motogp\/news\/joan-mir-repond-haters-premier-podium-honda\/10763354\/\" target=\"_self\" rel=\"noopener\">une r\u00e9ponse ferme aux haters<\/a>,\u00a0\u00c1lex Rins \u00e9tait sur la m\u00eame longueur d&rsquo;ondes\u00a0:\u00a0\u00ab\u00a0En quelque sorte, oui. C&rsquo;est dur quand les gens ne vous font plus confiance. Et le fait d&rsquo;\u00eatre l\u00e0, de se battre, d&rsquo;attaquer, c&rsquo;est tr\u00e8s satisfaisant.\u00a0\u00bb<\/p>\n<p>\u00ab\u00a0\u00c7a n&rsquo;est qu&rsquo;un week-end et on va voir ce que va donner la suite\u00a0\u00bb, a-t-il ajout\u00e9.\u00a0\u00ab\u00a0Maintenant on va en Australie. On verra comment \u00e7a se passe l\u00e0-bas, mais je vais essayer de donner le meilleur de moi-m\u00eame.\u00a0\u00bb<\/p>\n<p>Lire aussi :<\/p>\n<p>            Votre avis nous int\u00e9resse !<\/p>\n<p class=\"mt-auto\">Qu&rsquo;aimeriez-vous voir sur Motorsport.com ?<\/p>\n<p>            <a href=\"#\" class=\"ms-link text-link font-bold\">R\u00e9pondez \u00e0 notre enqu\u00eate de 5 minutes.<\/a><\/p>\n<p class=\"mt-1 font-info text-body\">&#8211; L&rsquo;\u00e9quipe Motorsport.com<\/p>\n","protected":false},"excerpt":{"rendered":"\u00c1lex Rins a retrouv\u00e9 en Indon\u00e9sie un enthousiasme qu&rsquo;on ne lui avait plus connu depuis bien longtemps. Jusqu&rsquo;ici&hellip;\n","protected":false},"author":2,"featured_media":448021,"comment_status":"","ping_status":"","sticky":false,"template":"","format":"standard","meta":{"footnotes":""},"categories":[1413],"tags":[1011,27,55763,57370,55764,1457,1456,1458,60,10648,3796],"class_list":{"0":"post-448020","1":"post","2":"type-post","3":"status-publish","4":"format-standard","5":"has-post-thumbnail","7":"category-moto","8":"tag-fr","9":"tag-france","10":"tag-gp-dindonu00e9sie","11":"tag-le-gp-dindonu00e9sie-a-rappelu00e9-u00e0-u00c1lex-rins-ses-prouesses-avec-suzuki","12":"tag-mandalika-international-street-circuit","13":"tag-moto","14":"tag-motocycle","15":"tag-motogp","16":"tag-sports","17":"tag-u00c1lex-rins","18":"tag-yamaha-factory-racing"},"share_on_mastodon":{"url":"https:\/\/pubeurope.com\/@fr\/115339793064352452","error":""},"_links":{"self":[{"href":"https:\/\/www.europesays.com\/fr\/wp-json\/wp\/v2\/posts\/448020","targetHints":{"allow":["GET"]}}],"collection":[{"href":"https:\/\/www.europesays.com\/fr\/wp-json\/wp\/v2\/posts"}],"about":[{"href":"https:\/\/www.europesays.com\/fr\/wp-json\/wp\/v2\/types\/post"}],"author":[{"embeddable":true,"href":"https:\/\/www.europesays.com\/fr\/wp-json\/wp\/v2\/users\/2"}],"replies":[{"embeddable":true,"href":"https:\/\/www.europesays.com\/fr\/wp-json\/wp\/v2\/comments?post=448020"}],"version-history":[{"count":0,"href":"https:\/\/www.europesays.com\/fr\/wp-json\/wp\/v2\/posts\/448020\/revisions"}],"wp:featuredmedia":[{"embeddable":true,"href":"https:\/\/www.europesays.com\/fr\/wp-json\/wp\/v2\/media\/448021"}],"wp:attachment":[{"href":"https:\/\/www.europesays.com\/fr\/wp-json\/wp\/v2\/media?parent=448020"}],"wp:term":[{"taxonomy":"category","embeddable":true,"href":"https:\/\/www.europesays.com\/fr\/wp-json\/wp\/v2\/categories?post=448020"},{"taxonomy":"post_tag","embeddable":true,"href":"https:\/\/www.europesays.com\/fr\/wp-json\/wp\/v2\/tags?post=448020"}],"curies":[{"name":"wp","href":"https:\/\/api.w.org\/{rel}","templated":true}]}}