{"id":448026,"date":"2025-10-08T17:47:11","date_gmt":"2025-10-08T17:47:11","guid":{"rendered":"https:\/\/www.europesays.com\/fr\/448026\/"},"modified":"2025-10-08T17:47:11","modified_gmt":"2025-10-08T17:47:11","slug":"neymar-vire-par-le-psg-lincroyable-retour-envisage","status":"publish","type":"post","link":"https:\/\/www.europesays.com\/fr\/448026\/","title":{"rendered":"Neymar vir\u00e9 par le PSG\u00a0: L\u2019incroyable retour envisag\u00e9\u00a0!"},"content":{"rendered":"<p>                    Bernard Colas<br \/>\n                        &#8211;<\/p>\n<p>Journaliste<\/p>\n<p>Passionn\u00e9 de sport, de cin\u00e9ma et de t\u00e9l\u00e9vision (\u00e0 l\u2019\u00e9cran comme derri\u00e8re) depuis son enfance, Bernard est journaliste pour le 10 Sport depuis 2018. Plus habile clavier en main que ballon au pied, il d\u00e9cide de couvrir principalement un sport adul\u00e9, critiqu\u00e9 et d\u00e9test\u00e9 \u00e0 la fois (le football) et un sport qui n\u2019en est pas un (le catch).<\/p>\n<p class=\"heading\">Parti du Paris SG \u00e0 l\u2019\u00e9t\u00e9 2023, Neymar aurait pu faire son retour en Europe durant l\u2019intersaison. Selon la presse italienne, le Napoli songeait \u00e0 recruter l\u2019attaquant de 33 ans, qui a rejoint Santos \u00e0 la fin de son aventure en Arabie saoudite, avant d\u2019opter pour Kevin De Bruyne, arriv\u00e9 en provenance de Manchester City. <\/p>\n<p>N\u2019entrant pas dans les plans de <strong>Luis Enrique<\/strong> d\u00e8s son arriv\u00e9e, <a href=\"https:\/\/le10sport.com\/football\/mercato\/neymar-signe-au-psg-cest-le-choc-760558\" rel=\"nofollow noopener\" target=\"_blank\">Neymar <\/a>a quitt\u00e9 le <strong>PSG <\/strong>et l\u2019Europe \u00e0 l\u2019\u00e9t\u00e9 2023, rejoignant la formation saoudienne d\u2019<strong>Al-Hilal<\/strong> pour 90 millions d\u2019euros. Un passage qui a vir\u00e9 au fiasco sportif et \u00e9conomique puisque la star br\u00e9silienne n\u2019a disput\u00e9 que 7 matches jusqu\u2019\u00e0 son d\u00e9part en janvier 2025. D\u00e9sormais \u00e0 <strong>Santos<\/strong>, <strong>Neymar <\/strong>n\u2019est toujours pas \u00e9pargn\u00e9 par les soucis physiques, ce qui n\u2019a pas emp\u00each\u00e9 le <strong>Napoli <\/strong>d\u2019imaginer une sacr\u00e9e op\u00e9ration.<\/p>\n<p>                                            Naples voulait rapatrier Neymar en Europe<\/p>\n<p>Selon les r\u00e9v\u00e9lations de la Gazzetta dello Sport, <strong>Naples <\/strong>a en effet imagin\u00e9 recruter <strong>Neymar <\/strong>d\u00e8s janvier 2025, \u00e0 la fin de son aventure en Arabie saoudite. Une id\u00e9e rest\u00e9e dans l\u2019esprit des dirigeants pendant plusieurs mois qui n\u2019est finalement pas all\u00e9e plus loin pour des \u00ab probl\u00e8mes d\u2019\u00e9quilibres \u00bb. Le <strong>Napoli <\/strong>a ensuite opt\u00e9 pour <strong>Kevin De Bruyne<\/strong>, arriv\u00e9 au d\u00e9but de l\u2019\u00e9t\u00e9 en provenance de <strong>Manchester<\/strong> <strong>City<\/strong>. <\/p>\n<p>                                            Quel avenir pour l\u2019ex-star du PSG\u00a0?<\/p>\n<p><strong>Neymar <\/strong>n\u2019a donc pas rejoint le champion d\u2019Italie durant l\u2019intersaison, et son avenir continue de s\u2019\u00e9crire en pointill\u00e9 alors qu\u2019une nouvelle blessure \u00e0 la cuisse l\u2019a \u00e9loign\u00e9 des terrains jusqu\u2019en novembre. Son contrat avec <strong>Santos <\/strong>expire le 31 d\u00e9cembre 2025. <\/p>\n","protected":false},"excerpt":{"rendered":"Bernard Colas &#8211; Journaliste Passionn\u00e9 de sport, de cin\u00e9ma et de t\u00e9l\u00e9vision (\u00e0 l\u2019\u00e9cran comme derri\u00e8re) depuis son&hellip;\n","protected":false},"author":2,"featured_media":448027,"comment_status":"","ping_status":"","sticky":false,"template":"","format":"standard","meta":{"footnotes":""},"categories":[1410],"tags":[63,1011,27,60],"class_list":{"0":"post-448026","1":"post","2":"type-post","3":"status-publish","4":"format-standard","5":"has-post-thumbnail","7":"category-football","8":"tag-football","9":"tag-fr","10":"tag-france","11":"tag-sports"},"share_on_mastodon":{"url":"https:\/\/pubeurope.com\/@fr\/115339804294337847","error":""},"_links":{"self":[{"href":"https:\/\/www.europesays.com\/fr\/wp-json\/wp\/v2\/posts\/448026","targetHints":{"allow":["GET"]}}],"collection":[{"href":"https:\/\/www.europesays.com\/fr\/wp-json\/wp\/v2\/posts"}],"about":[{"href":"https:\/\/www.europesays.com\/fr\/wp-json\/wp\/v2\/types\/post"}],"author":[{"embeddable":true,"href":"https:\/\/www.europesays.com\/fr\/wp-json\/wp\/v2\/users\/2"}],"replies":[{"embeddable":true,"href":"https:\/\/www.europesays.com\/fr\/wp-json\/wp\/v2\/comments?post=448026"}],"version-history":[{"count":0,"href":"https:\/\/www.europesays.com\/fr\/wp-json\/wp\/v2\/posts\/448026\/revisions"}],"wp:featuredmedia":[{"embeddable":true,"href":"https:\/\/www.europesays.com\/fr\/wp-json\/wp\/v2\/media\/448027"}],"wp:attachment":[{"href":"https:\/\/www.europesays.com\/fr\/wp-json\/wp\/v2\/media?parent=448026"}],"wp:term":[{"taxonomy":"category","embeddable":true,"href":"https:\/\/www.europesays.com\/fr\/wp-json\/wp\/v2\/categories?post=448026"},{"taxonomy":"post_tag","embeddable":true,"href":"https:\/\/www.europesays.com\/fr\/wp-json\/wp\/v2\/tags?post=448026"}],"curies":[{"name":"wp","href":"https:\/\/api.w.org\/{rel}","templated":true}]}}