{"id":448031,"date":"2025-10-08T17:50:35","date_gmt":"2025-10-08T17:50:35","guid":{"rendered":"https:\/\/www.europesays.com\/fr\/448031\/"},"modified":"2025-10-08T17:50:35","modified_gmt":"2025-10-08T17:50:35","slug":"elsa-faure-pompey-presente-el-dia-de-muertos","status":"publish","type":"post","link":"https:\/\/www.europesays.com\/fr\/448031\/","title":{"rendered":"Elsa Faure Pompey pr\u00e9sente \u00a0\u00bb\u00a0El dia de Muertos\u00a0\u00ab\u00a0"},"content":{"rendered":"<p>Qu\u2019il s\u2019agisse de bouquins pour les tout-petits ou bien pour les ados, la Barbenaise, Elsa Faure Pompey \u00e9crit depuis toujours. Avec douceur, en conservant toujours une note d\u2019optimisme, celle qui est \u00e9galement enseignante en coll\u00e8ge et lyc\u00e9e entra\u00eene le lecteur dans les aventures de ses diff\u00e9rents personnages afin de r\u00e9aliser des <a href=\"https:\/\/www.laprovence.com\/article\/edition-aubagne\/3393861\/un-livre-pour-avoir-envie-dapprendre.html\" target=\"_blank\" rel=\"noopener\">ouvrages p\u00e9dagogiques<\/a>. Son dernier ouvrage El dia de Muertos, Le jour des morts, fait r\u00e9f\u00e9rence \u00e0 la f\u00eate mexicaine du 2\u00a0novembre qui rend hommage aux d\u00e9funts de mani\u00e8re extravagante avec des d\u00e9guisements de squelettes.<\/p>\n<p>\u00c0 la diff\u00e9rence <a href=\"https:\/\/www.laprovence.com\/article\/societe\/1053519153858314\/une-fete-dhalloween-sans-trop-de-bonbon-cest-possible-les-conseils-de-deux-dieteticiennes\" target=\"_blank\" rel=\"noopener\">d\u2019Halloween<\/a>, ou il est question de terreur, Le jour des morts permet de manifester de l\u2019amour et du respect envers ceux qui ne sont plus l\u00e0. Ce livre montre de fa\u00e7on festive, joyeuse et color\u00e9e \u00ab\u00a0un moment plut\u00f4t triste\u00a0\u00bb, explique l\u2019\u00e9crivaine. \u00ab\u00a0En ajoutant des couleurs, cette version triste et path\u00e9tique de la mort dispara\u00eet. On passe \u00e0 une comm\u00e9moration en arc-en-ciel et c\u2019est positif\u00a0\u00bb.<\/p>\n<p>Un ouvrage qui \u00e9claire sur le sens du d\u00e9guisement<\/p>\n<p>Comme souvent, Elsa Faure \u00e0 \u00ab\u00a0voulu faire un <a href=\"https:\/\/www.laprovence.com\/article\/edition-martigues-istres\/3649080\/une-grande-experience-de-vulgarisation-scientifique-histoire-et-recits-du-pays-martegal\" target=\"_blank\" rel=\"noopener\">ouvrage de vulgarisation <\/a>qui donne du sens au d\u00e9guisement, dire aux enfants pourquoi on se d\u00e9guise, pourquoi on danse, pourquoi on chante. C\u2019est un liv&#8230;<\/p>\n","protected":false},"excerpt":{"rendered":"Qu\u2019il s\u2019agisse de bouquins pour les tout-petits ou bien pour les ados, la Barbenaise, Elsa Faure Pompey \u00e9crit&hellip;\n","protected":false},"author":2,"featured_media":448032,"comment_status":"","ping_status":"","sticky":false,"template":"","format":"standard","meta":{"footnotes":""},"categories":[1357],"tags":[17,57371,1379,4431,58,21788,59,13700,1011,27,1380,11073,3285,16,3711],"class_list":{"0":"post-448031","1":"post","2":"type-post","3":"status-publish","4":"format-standard","5":"has-post-thumbnail","7":"category-livres","8":"tag-17","9":"tag-barbenaise","10":"tag-books","11":"tag-dernier","12":"tag-divertissement","13":"tag-elsa","14":"tag-entertainment","15":"tag-faure","16":"tag-fr","17":"tag-france","18":"tag-livres","19":"tag-pompey","20":"tag-presente","21":"tag-region","22":"tag-son"},"share_on_mastodon":{"url":"https:\/\/pubeurope.com\/@fr\/115339816102317861","error":""},"_links":{"self":[{"href":"https:\/\/www.europesays.com\/fr\/wp-json\/wp\/v2\/posts\/448031","targetHints":{"allow":["GET"]}}],"collection":[{"href":"https:\/\/www.europesays.com\/fr\/wp-json\/wp\/v2\/posts"}],"about":[{"href":"https:\/\/www.europesays.com\/fr\/wp-json\/wp\/v2\/types\/post"}],"author":[{"embeddable":true,"href":"https:\/\/www.europesays.com\/fr\/wp-json\/wp\/v2\/users\/2"}],"replies":[{"embeddable":true,"href":"https:\/\/www.europesays.com\/fr\/wp-json\/wp\/v2\/comments?post=448031"}],"version-history":[{"count":0,"href":"https:\/\/www.europesays.com\/fr\/wp-json\/wp\/v2\/posts\/448031\/revisions"}],"wp:featuredmedia":[{"embeddable":true,"href":"https:\/\/www.europesays.com\/fr\/wp-json\/wp\/v2\/media\/448032"}],"wp:attachment":[{"href":"https:\/\/www.europesays.com\/fr\/wp-json\/wp\/v2\/media?parent=448031"}],"wp:term":[{"taxonomy":"category","embeddable":true,"href":"https:\/\/www.europesays.com\/fr\/wp-json\/wp\/v2\/categories?post=448031"},{"taxonomy":"post_tag","embeddable":true,"href":"https:\/\/www.europesays.com\/fr\/wp-json\/wp\/v2\/tags?post=448031"}],"curies":[{"name":"wp","href":"https:\/\/api.w.org\/{rel}","templated":true}]}}