{"id":448033,"date":"2025-10-08T17:51:10","date_gmt":"2025-10-08T17:51:10","guid":{"rendered":"https:\/\/www.europesays.com\/fr\/448033\/"},"modified":"2025-10-08T17:51:10","modified_gmt":"2025-10-08T17:51:10","slug":"nero-sur-netflix-pio-marmai-savoureusement-decale-dans-une-serie-depoque-explosive-telerama","status":"publish","type":"post","link":"https:\/\/www.europesays.com\/fr\/448033\/","title":{"rendered":"\u201cN\u00e9ro\u201d, sur Netflix : Pio Marma\u00ef, savoureusement d\u00e9cal\u00e9, dans une s\u00e9rie d\u2019\u00e9poque explosive &#8211; T\u00e9l\u00e9rama"},"content":{"rendered":"<ol>\n<li><a href=\"https:\/\/news.google.com\/rss\/articles\/CBMizgFBVV95cUxPY2J3SGZPS3hIbVRWWEtHRWxwLUtMZjhZWjlIUFhMTlZmTVpWU1hnSjIwajF1STZ6eXY3ZlZHRHRZb0ZmX2tCaFN3QTJ6UUZMT1JHYUpKQVlQRkIxWEV5QkUteEhCcndoVElzV043aktwcnRUMUJMdl9QcXJVZkJkTzdoSV9JQ1kzdWg3OWI2TEgwMWk2TVliWGZlS0FyaWhvWnB0THZnSmNVSktqbDRmeDlkYVo0RVVoSnJWSUVTRjJSMnY1a3hSN2g5ckZEQQ?oc=5\" target=\"_blank\" rel=\"nofollow noopener\">\u201cN\u00e9ro\u201d, sur Netflix : Pio Marma\u00ef, savoureusement d\u00e9cal\u00e9, dans une s\u00e9rie d\u2019\u00e9poque explosive<\/a>&nbsp;&nbsp;T\u00e9l\u00e9rama<\/li>\n<li><a href=\"https:\/\/news.google.com\/rss\/articles\/CBMimgFBVV95cUxNWVlQZmtDRFhXalEtb2lPWEVHeVlLakgxS0I0QjNXa096UU85OUhDV2tKSXhZc3BadGt5bGd4eW0xREVnd215VHdRbHEzTHg1OHV2R3VCVGlXeGszZXpRWV9vbHFzSGtyR0U2NUZtaU1WT3p3bWxNLUxOa1pVMUpaaVFlVW50dmx5WTJKWGV3WXpITzlBZTJUZDRR?oc=5\" target=\"_blank\" rel=\"nofollow noopener\">C\u2019est quoi cette nouvelle s\u00e9rie avec Pio Marma\u00ef, N\u00c9RO<\/a>&nbsp;&nbsp;CANAL+<\/li>\n<li><a href=\"https:\/\/news.google.com\/rss\/articles\/CBMifkFVX3lxTE9MRWYyVGdrWTd2SENtSDR5aFVIVlp3UTF0YUhSX09YLWJKMmxlZ0F5REZMeW5SdWJGeFJ3YUVsLVcyNFdXd3pKX1pYTmw3TEwyLTFnWEtXbEEzbmU5c1l0cGduSkFXbDJaVDNVV1JnN19nTG5XYmgtS2ZvVmtFdw?oc=5\" target=\"_blank\" rel=\"nofollow noopener\">Vous avez aim\u00e9 Les Trois mousquetaires ? Vous allez adorer cette nouvelle s\u00e9rie Netflix avec Pio Marma\u00ef !<\/a>&nbsp;&nbsp;AlloCin\u00e9<\/li>\n<li><a href=\"https:\/\/news.google.com\/rss\/articles\/CBMi0wFBVV95cUxNVllSYnUtd3dJUXZuT0J6eDhLaTl6R184ZmpzNFBIc19UeUZoNVo0eTNhYVdpSG50dGotRnBuTXNrZXhTb0VJTXlQeWtQbzM3cnJCMWY0OFZsTTN3bjhiSnppNWwwWElKV2gzWXM4dzdMWV8yWHI3QWpXVmVTMFpzTGZjcnJmQ0YtMXl2S0ptQ2t1dkwxb0w5QnFXRFBvUWlkclhsa1hsd0p3Z28xU3VZY2lhR0gwbk1RNmswX0NxRS1FTEtZMkdhWktZd2R2RHhpSG1r?oc=5\" target=\"_blank\" rel=\"nofollow noopener\">N\u00e9ro : Pio Marma\u00ef en assassin tourment\u00e9 dans la nouvelle fresque historique de Netflix<\/a>&nbsp;&nbsp;Linternaute.com<\/li>\n<li><a href=\"https:\/\/news.google.com\/rss\/articles\/CBMirwFBVV95cUxQT3FpUE1Ud1Vad2Uzam5fQTJqMG9iQ3FvcEc2cWFTN0s1Ulh1NlhOenQ0SkNqN0pMRVpybl8xbTdTSnVHSXdwb3dwMFdDTmxpUk9qcGxSTUJNb1RJb0FaZktDbktadU9LaGJyd2czQ2ZhejRGSmtJZ0JWRDFaWVJYNEZ5WUp2U21hV2dmZWRMaEREalljUDJKVld6d1Q3bEl5d1gtYTRXVXJ5elQtN2ln?oc=5\" target=\"_blank\" rel=\"nofollow noopener\">N\u00e9ro (Netflix) : que vaut la s\u00e9rie avec Pio Marma\u00ef ? L&rsquo;avis des critiques<\/a>&nbsp;&nbsp;L&rsquo;\u00c9claireur Fnac<\/li>\n<\/ol>\n","protected":false},"excerpt":{"rendered":"\u201cN\u00e9ro\u201d, sur Netflix : Pio Marma\u00ef, savoureusement d\u00e9cal\u00e9, dans une s\u00e9rie d\u2019\u00e9poque explosive&nbsp;&nbsp;T\u00e9l\u00e9rama C\u2019est quoi cette nouvelle s\u00e9rie&hellip;\n","protected":false},"author":2,"featured_media":448034,"comment_status":"","ping_status":"","sticky":false,"template":"","format":"standard","meta":{"footnotes":""},"categories":[1356],"tags":[58,59,1011,27,252,1364],"class_list":{"0":"post-448033","1":"post","2":"type-post","3":"status-publish","4":"format-standard","5":"has-post-thumbnail","7":"category-television","8":"tag-divertissement","9":"tag-entertainment","10":"tag-fr","11":"tag-france","12":"tag-television","13":"tag-tv"},"share_on_mastodon":{"url":"https:\/\/pubeurope.com\/@fr\/115339820053111396","error":""},"_links":{"self":[{"href":"https:\/\/www.europesays.com\/fr\/wp-json\/wp\/v2\/posts\/448033","targetHints":{"allow":["GET"]}}],"collection":[{"href":"https:\/\/www.europesays.com\/fr\/wp-json\/wp\/v2\/posts"}],"about":[{"href":"https:\/\/www.europesays.com\/fr\/wp-json\/wp\/v2\/types\/post"}],"author":[{"embeddable":true,"href":"https:\/\/www.europesays.com\/fr\/wp-json\/wp\/v2\/users\/2"}],"replies":[{"embeddable":true,"href":"https:\/\/www.europesays.com\/fr\/wp-json\/wp\/v2\/comments?post=448033"}],"version-history":[{"count":0,"href":"https:\/\/www.europesays.com\/fr\/wp-json\/wp\/v2\/posts\/448033\/revisions"}],"wp:featuredmedia":[{"embeddable":true,"href":"https:\/\/www.europesays.com\/fr\/wp-json\/wp\/v2\/media\/448034"}],"wp:attachment":[{"href":"https:\/\/www.europesays.com\/fr\/wp-json\/wp\/v2\/media?parent=448033"}],"wp:term":[{"taxonomy":"category","embeddable":true,"href":"https:\/\/www.europesays.com\/fr\/wp-json\/wp\/v2\/categories?post=448033"},{"taxonomy":"post_tag","embeddable":true,"href":"https:\/\/www.europesays.com\/fr\/wp-json\/wp\/v2\/tags?post=448033"}],"curies":[{"name":"wp","href":"https:\/\/api.w.org\/{rel}","templated":true}]}}