{"id":448081,"date":"2025-10-08T18:18:13","date_gmt":"2025-10-08T18:18:13","guid":{"rendered":"https:\/\/www.europesays.com\/fr\/448081\/"},"modified":"2025-10-08T18:18:13","modified_gmt":"2025-10-08T18:18:13","slug":"mise-en-garde-de-la-prefecture","status":"publish","type":"post","link":"https:\/\/www.europesays.com\/fr\/448081\/","title":{"rendered":"mise en garde de la pr\u00e9fecture"},"content":{"rendered":"<p>La pr\u00e9fecture du Bas-Rhin lance un appel peu ordinaire. Elle encourage les stagiaires qui ont pay\u00e9 et effectu\u00e9 un stage de r\u00e9cup\u00e9ration de points aupr\u00e8s de la soci\u00e9t\u00e9 Format Est, sans parvenir \u00e0 r\u00e9cup\u00e9rer ces derniers sur leur permis, \u00e0 d\u00e9poser plainte contre cette entreprise. Cette plainte peut \u00eatre d\u00e9pos\u00e9e aupr\u00e8s des services de police et de gendarmerie, ou encore directement aupr\u00e8s du procureur de la R\u00e9publique du tribunal judiciaire de Strasbourg (sur le fondement notamment de l\u2019article\u00a0213-6 du Code de la route).<\/p>\n<p>Pourquoi cet encouragement de la pr\u00e9fecture\u00a0? Il se trouve que, le 25\u00a0ao\u00fbt dernier, la pr\u00e9fecture du Bas-Rhin a \u00e9mis un arr\u00eat\u00e9 suspendant, pour une dur\u00e9e de trois mois \u00e0 partir du 29\u00a0ao\u00fbt, l\u2019agr\u00e9ment de la soci\u00e9t\u00e9 Format Est, centre de sensibilisation \u00e0 la s\u00e9curit\u00e9 routi\u00e8re (CSSR), th\u00e9oriquement habilit\u00e9e \u00e0 proposer des stages de r\u00e9cup\u00e9ration de points sur son permis. La pr\u00e9fecture a motiv\u00e9 cette suspension par un \u00ab\u00a0non-respect de la r\u00e9glementation\u00a0\u00bb.<\/p>\n<p>La soci\u00e9t\u00e9 Forma Est a contest\u00e9 l\u2019arr\u00eat\u00e9 pr\u00e9fectoral en r\u00e9f\u00e9r\u00e9 devant le tribunal administratif, mais sans succ\u00e8s. Ce recours n\u2019est pas suspensif. Cela signifie que, depuis le 29\u00a0ao\u00fbt, Format Est n\u2019est plus agr\u00e9\u00e9. L\u2019Agence nationale des titres s\u00e9curis\u00e9s (ANTS) ne peut donc octroyer \u00e0 ses stagiaires les points qu\u2019ils sont cens\u00e9s recevoir apr\u00e8s le suivi d\u2019un stage de sensibilisation \u00e0 la s\u00e9curit\u00e9 routi\u00e8re. Et, tant que Format Est n\u2019aura pas r\u00e9cup\u00e9r\u00e9 cet agr\u00e9ment, aucun stage de sensibilisation ne peut y \u00eatre fait\u2026 Or, \u00ab\u00a0la soci\u00e9t\u00e9 a continu\u00e9 \u00e0 organiser des stages de sensibilisation \u00e0 la s\u00e9curit\u00e9 routi\u00e8re\u00a0\u00bb, pointe la pr\u00e9fecture. D\u2019o\u00f9 la recommandation du d\u00e9p\u00f4t de plainte, pour les personnes qui auraient d\u00e9pens\u00e9 de l\u2019argent en vue de suivre leur stage, mais qui n\u2019en auraient pas per\u00e7u le b\u00e9n\u00e9fice.<\/p>\n","protected":false},"excerpt":{"rendered":"La pr\u00e9fecture du Bas-Rhin lance un appel peu ordinaire. Elle encourage les stagiaires qui ont pay\u00e9 et effectu\u00e9&hellip;\n","protected":false},"author":2,"featured_media":448082,"comment_status":"","ping_status":"","sticky":false,"template":"","format":"standard","meta":{"footnotes":""},"categories":[2820],"tags":[1111,11,2389,2649,4406,33,1777,674,274,107,1011,27,775,12,25,104,640],"class_list":{"0":"post-448081","1":"post","2":"type-post","3":"status-publish","4":"format-standard","5":"has-post-thumbnail","7":"category-strasbourg","8":"tag-actu","9":"tag-actualites","10":"tag-alsace","11":"tag-bas-rhin","12":"tag-commerce-et-services","13":"tag-economie","14":"tag-eu","15":"tag-europe","16":"tag-faits-divers-justice","17":"tag-fil-info","18":"tag-fr","19":"tag-france","20":"tag-grand-est","21":"tag-news","22":"tag-republique-francaise","23":"tag-societe","24":"tag-strasbourg"},"share_on_mastodon":{"url":"https:\/\/pubeurope.com\/@fr\/115339926226334330","error":""},"_links":{"self":[{"href":"https:\/\/www.europesays.com\/fr\/wp-json\/wp\/v2\/posts\/448081","targetHints":{"allow":["GET"]}}],"collection":[{"href":"https:\/\/www.europesays.com\/fr\/wp-json\/wp\/v2\/posts"}],"about":[{"href":"https:\/\/www.europesays.com\/fr\/wp-json\/wp\/v2\/types\/post"}],"author":[{"embeddable":true,"href":"https:\/\/www.europesays.com\/fr\/wp-json\/wp\/v2\/users\/2"}],"replies":[{"embeddable":true,"href":"https:\/\/www.europesays.com\/fr\/wp-json\/wp\/v2\/comments?post=448081"}],"version-history":[{"count":0,"href":"https:\/\/www.europesays.com\/fr\/wp-json\/wp\/v2\/posts\/448081\/revisions"}],"wp:featuredmedia":[{"embeddable":true,"href":"https:\/\/www.europesays.com\/fr\/wp-json\/wp\/v2\/media\/448082"}],"wp:attachment":[{"href":"https:\/\/www.europesays.com\/fr\/wp-json\/wp\/v2\/media?parent=448081"}],"wp:term":[{"taxonomy":"category","embeddable":true,"href":"https:\/\/www.europesays.com\/fr\/wp-json\/wp\/v2\/categories?post=448081"},{"taxonomy":"post_tag","embeddable":true,"href":"https:\/\/www.europesays.com\/fr\/wp-json\/wp\/v2\/tags?post=448081"}],"curies":[{"name":"wp","href":"https:\/\/api.w.org\/{rel}","templated":true}]}}