{"id":448099,"date":"2025-10-08T18:27:12","date_gmt":"2025-10-08T18:27:12","guid":{"rendered":"https:\/\/www.europesays.com\/fr\/448099\/"},"modified":"2025-10-08T18:27:12","modified_gmt":"2025-10-08T18:27:12","slug":"a680-fermeture-toulouse-3","status":"publish","type":"post","link":"https:\/\/www.europesays.com\/fr\/448099\/","title":{"rendered":"A680 Fermeture Toulouse"},"content":{"rendered":"<ol class=\"breadcrumb\" itemscope=\"\" itemtype=\"https:\/\/schema.org\/BreadcrumbList\">\n<li itemprop=\"itemListElement\" itemscope=\"\" itemtype=\"https:\/\/schema.org\/ListItem\">\n                    <a itemprop=\"item\" href=\"https:\/\/radio.vinci-autoroutes.com\/\" target=\"_blank\" rel=\"noopener\"><br \/>\n                        Accueil<br \/>\n                    <\/a><\/p>\n<\/li>\n<li itemprop=\"itemListElement\" itemscope=\"\" itemtype=\"https:\/\/schema.org\/ListItem\">\n                        <a itemprop=\"item\" href=\"https:\/\/radio.vinci-autoroutes.com\/rubrique\/infotrafic\" target=\"_blank\" rel=\"noopener\"><br \/>\n                            Actu trafic<br \/>\n                        <\/a><\/p>\n<\/li>\n<li itemprop=\"itemListElement\" itemscope=\"\" itemtype=\"https:\/\/schema.org\/ListItem\">\n                        <a itemprop=\"item\" href=\"https:\/\/radio.vinci-autoroutes.com\/rubrique\/travaux\" target=\"_blank\" rel=\"noopener\"><br \/>\n                            Travaux<br \/>\n                        <\/a><\/p>\n<\/li>\n<\/ol>\n<p class=\"article-chapeau\" itemprop=\"description\">\u00ad\u00c0 l&rsquo;est de Toulouse, la nuit du jeudi 9 au vendredi 10 octobre, \u00e0 partir de 20h et au plus tard jusqu\u2019\u00e0 07h du matin, l&rsquo;autoroute A680, est enti\u00e8rement ferm\u00e9e, dans les deux sens de circulation, pour effectuer des travaux d&rsquo;\u00e9largissement.<\/p>\n<p class=\"article-author\">Auteur : Christophe Cherchour<\/p>\n<p class=\"article-modification\">Derni\u00e8re modification : 08\/10\/2025 19:51<\/p>\n<p>                <img decoding=\"async\" src=\"https:\/\/www.europesays.com\/fr\/wp-content\/uploads\/2025\/04\/VDN-Travaux-2022-3-Nuit-Copyright-VA-Crespeau.jpg\" alt=\"A680 Fermeture Toulouse\"\/><\/p>\n<p>                                                    0:25\n                                            <\/p>\n<p class=\"legende\">Travaux nocturnes sur l&rsquo;autoroute<\/p>\n<p>                            \u00a9 VINCI Autoroutes &#8211; Crespeau                        <\/p>\n<p>\n        Depuis l\u2019A68, vous pouvez sortir \u00e0 Montastruc N\u00b03, puis emprunter le r\u00e9seau secondaire pour rejoindre Verfeil. <br \/>&#13;<br \/>\nDepuis Verfeil, empruntez le r\u00e9seau secondaire pour rejoindre l\u2019A68 \u00e0 L\u2019Union N\u00b01.<br \/>&#13;\n    <\/p>\n<p>            Pour approfondir le sujet<\/p>\n<p>        Partager cet article<\/p>\n","protected":false},"excerpt":{"rendered":"Accueil Actu trafic Travaux \u00ad\u00c0 l&rsquo;est de Toulouse, la nuit du jeudi 9 au vendredi 10 octobre, \u00e0&hellip;\n","protected":false},"author":2,"featured_media":45256,"comment_status":"","ping_status":"","sticky":false,"template":"","format":"standard","meta":{"footnotes":""},"categories":[2816],"tags":[46864,1111,11,1777,674,13407,1011,27,9272,12,293,2680,7518,5537,378,25,13409,2312,6949],"class_list":{"0":"post-448099","1":"post","2":"type-post","3":"status-publish","4":"format-standard","5":"has-post-thumbnail","7":"category-toulouse","8":"tag-a680","9":"tag-actu","10":"tag-actualites","11":"tag-eu","12":"tag-europe","13":"tag-fermeture","14":"tag-fr","15":"tag-france","16":"tag-jeudi","17":"tag-news","18":"tag-nuit","19":"tag-occitanie","20":"tag-octobre","21":"tag-partir","22":"tag-plus","23":"tag-republique-francaise","24":"tag-tard","25":"tag-toulouse","26":"tag-vendredi"},"share_on_mastodon":{"url":"https:\/\/pubeurope.com\/@fr\/115339961624031119","error":""},"_links":{"self":[{"href":"https:\/\/www.europesays.com\/fr\/wp-json\/wp\/v2\/posts\/448099","targetHints":{"allow":["GET"]}}],"collection":[{"href":"https:\/\/www.europesays.com\/fr\/wp-json\/wp\/v2\/posts"}],"about":[{"href":"https:\/\/www.europesays.com\/fr\/wp-json\/wp\/v2\/types\/post"}],"author":[{"embeddable":true,"href":"https:\/\/www.europesays.com\/fr\/wp-json\/wp\/v2\/users\/2"}],"replies":[{"embeddable":true,"href":"https:\/\/www.europesays.com\/fr\/wp-json\/wp\/v2\/comments?post=448099"}],"version-history":[{"count":0,"href":"https:\/\/www.europesays.com\/fr\/wp-json\/wp\/v2\/posts\/448099\/revisions"}],"wp:featuredmedia":[{"embeddable":true,"href":"https:\/\/www.europesays.com\/fr\/wp-json\/wp\/v2\/media\/45256"}],"wp:attachment":[{"href":"https:\/\/www.europesays.com\/fr\/wp-json\/wp\/v2\/media?parent=448099"}],"wp:term":[{"taxonomy":"category","embeddable":true,"href":"https:\/\/www.europesays.com\/fr\/wp-json\/wp\/v2\/categories?post=448099"},{"taxonomy":"post_tag","embeddable":true,"href":"https:\/\/www.europesays.com\/fr\/wp-json\/wp\/v2\/tags?post=448099"}],"curies":[{"name":"wp","href":"https:\/\/api.w.org\/{rel}","templated":true}]}}