{"id":448104,"date":"2025-10-08T18:30:14","date_gmt":"2025-10-08T18:30:14","guid":{"rendered":"https:\/\/www.europesays.com\/fr\/448104\/"},"modified":"2025-10-08T18:30:14","modified_gmt":"2025-10-08T18:30:14","slug":"la-drogue-du-pauvre-passe-a-la-caisse-des-juges-ce-mercredi-a-marseille","status":"publish","type":"post","link":"https:\/\/www.europesays.com\/fr\/448104\/","title":{"rendered":"La \u00ab\u00a0drogue du pauvre\u00a0\u00bb passe \u00e0 la caisse des juges ce mercredi \u00e0 Marseille"},"content":{"rendered":"<p>Les policiers l\u2019appellent la <a href=\"https:\/\/www.laprovence.com\/article\/france-monde\/13468402694989\/nouvelle-drogue-du-pauvre-lanti-epileptique-pregabaline-sous-surveillance\" target=\"_blank\" rel=\"noopener\">\u00ab\u00a0drogue du pauvre\u00a0\u00bb<\/a>. Mais pour les scientifiques, la pr\u00e9gabaline, plus connue sous son nom commercial de Lyrica, est prescrite pour traiter l\u2019\u00e9pilepsie et les troubles anxieux. Et devant le tribunal correctionnel de Marseille, magistrats et avocats s\u2019accordent \u00e0 dire que le <a href=\"https:\/\/www.laprovence.com\/article\/faits-divers-justice\/61524909338325\/marseille-3-personnes-incarcerees-pour-un-trafic-international-de-pregabaline-la-drogue-du-pauvre\" target=\"_blank\" rel=\"noopener\">dossier de trafic de ce psychotrope<\/a> \u00ab\u00a0suinte la mis\u00e8re\u00a0\u00bb. Ce mercredi 8\u00a0octobre, quatre pr\u00e9venus ont comparu d\u00e9tenus devant la juridiction. Deux autres sont absents et non repr\u00e9sent\u00e9s, l\u2019un recherch\u00e9, l\u2019autre sous contr\u00f4le judiciaire. La mis\u00e8re des pr\u00e9venus, d\u2019abord. Parmi les quatre Alg\u00e9riens qui se pr\u00e9sentent mal ras\u00e9s devant les juges marseillais, certains ont beau \u00eatre en situation r\u00e9guli\u00e8re, tous vivent dans une grande pr\u00e9carit\u00e9.<\/p>\n<p>Et le r\u00e9cit de leur parcours, examin\u00e9 par le tribunal, semble extrait d\u2019un roman de Zola. Probl\u00e8mes de sant\u00e9, d\u2019addiction, pertes d\u2019enfants\u2026 Leurs casiers ne portent pas ou peu de mentions. Et si le r\u00e9seau d\u00e9mantel\u00e9 par la justice marseillaise est qualifi\u00e9 d'\u00a0\u00bbinternational\u00a0\u00bb s\u00e9vissant \u00ab\u00a0en bande organis\u00e9e\u00a0\u00bb, dans le box, aucun des pr\u00e9venus ne pr\u00e9sente les atours d\u2019un ca\u00efd ayant gravi les \u00e9chelons du crime.<\/p>\n<p>11\u00a0000\u00a0g\u00e9lules saisies \u00e0 l\u2019a\u00e9roport<\/p>\n<p>Pour la justice marseillaise, l\u2019histoire commence le 18\u00a0octobre\u00a02023 avec l\u2019arrestation d\u2019une mule. Ce soir-l\u00e0, peu avant minuit, Filio Samartzi, ressortissante grecque alors \u00e2g\u00e9e de 27\u00a0ans et actuellement sous contr\u00f4le judiciaire, est interpell\u00e9e \u00e0 l\u2019a\u00e9roport de Marignane avec 11\u00a0000\u00a0g\u00e9lules de <a href=\"https:\/\/www.laprovence.com\/article\/faits-divers-justice\/52898363343530\/marseille-un-medicament-miracle-devenu-drogue-de-la-misere\" target=\"_blank\" rel=\"noopener\">pr\u00e9gabaline<\/a> et brieka en sa possession. En l\u2019espace de quelques mois, les investigations t\u00e9l\u00e9phoniques, les suivis de colis et les surveillances permettent la saisie de 300\u00a0818\u00a0g\u00e9lules et l\u2019identification d\u2019un trafic de m\u00e9dicaments international o\u00f9 chaque pr\u00e9venu occupe un r\u00f4le bien d\u00e9fini.<\/p>\n<p>Pr\u00e9sent\u00e9s comme des fournisseurs, Daya Eddine Akaab, 31\u00a0ans, et Abdelkrim Benameur, 30\u00a0ans, s\u2019approvisionnaient en Gr\u00e8ce et r\u00e9cup\u00e9raient la marchandise, <a href=\"https:\/\/www.laprovence.com\/region\/Edition-marseille\" target=\"_blank\" rel=\"noopener\">\u00e0 Marseille<\/a>, par le biais de mules ou de colis postaux. Les psychotropes de contrebande \u00e9taient ensuite achet\u00e9s par Anis Merazga, 29\u00a0ans, qui les revendait et Yakoub Saker, 32\u00a0ans, qui travaillait pour lui selon les services d\u2019enqu\u00eate. Si les pr\u00e9venus reconnaissent l\u2019int\u00e9gralit\u00e9 des faits, ces deux derniers s\u2019inscrivent en faux quant \u00e0 la relation commerciale qui les unissait. \u00ab\u00a0Il est plus grand que moi, comment j\u2019aurais pu lui donner des ordres\u00a0\u00bb, se d\u00e9fend Anis Merazga, d\u00e9signant Yakoub Saker comme un consommateur.<\/p>\n<p>Tenant \u00e0 s\u2019exprimer dans un fran\u00e7ais confus malgr\u00e9 la pr\u00e9sence d\u2019une interpr\u00e8te, cet alg\u00e9rien au casier immacul\u00e9 et en situation irr\u00e9guli\u00e8re ne dit pas autre chose. \u00ab\u00a0On a trouv\u00e9 900\u00a0g\u00e9lules chez vous, \u00e7a me semble beaucoup pour votre consommation personnelle\u00a0\u00bb, rel\u00e8ve la pr\u00e9sidente Lola Vandermaessen. \u00ab\u00a0Je consomme pas tout seul, ma compagne aussi\u2026 justifie le pr\u00e9venu. J\u2019ai une ordonnance pour trois g\u00e9lules maximum par jour, mais j\u2019en prenais entre quinze et vingt.\u00a0\u00bb Le tout alli\u00e9 \u00e0 une prise quotidienne de cannabis, entre autres stup\u00e9fiants, pour couper avec la r\u00e9alit\u00e9 et nourrir une douloureuse d\u00e9pendance. \u00ab\u00a0Quand j\u2019en prends, j\u2019oublie tout, je commence \u00e0 devenir courageux\u00a0\u00bb, confie-t-il \u00e0 la barre.<\/p>\n<p>Prison ferme et plus de 600\u00a0000\u00a0\u20ac d\u2019amende<\/p>\n<p>Niant vouloir faire de ce dossier un exemple, le procureur insiste sur les dangers d\u2019une \u00ab\u00a0substance v\u00e9n\u00e9neuse aux effets terribles en cas de manque pouvant aller jusqu\u2019au d\u00e9c\u00e8s\u00a0\u00bb. Au terme d\u2019un r\u00e9quisitoire pointant un trafic organis\u00e9, le repr\u00e9sentant du minist\u00e8re public a r\u00e9clam\u00e9 des peines allant de dix-huit mois \u00e0 cinq ans de prison ferme. \u00ab\u00a0Ce r\u00e9seau est d\u2019une ampleur certaine et g\u00e9n\u00e8re \u00e9norm\u00e9ment d\u2019argent\u00a0\u00bb, appuie encore le magistrat rappelant que la lutte contre le trafic de m\u00e9dicaments est \u00ab\u00a0une priorit\u00e9\u00a0\u00bb du parquet de Marseille.<\/p>\n<p>Commercialis\u00e9 en France depuis\u00a02004, <a href=\"https:\/\/www.laprovence.com\/article\/faits-divers-justice\/52898363343530\/marseille-un-medicament-miracle-devenu-drogue-de-la-misere\" target=\"_blank\" rel=\"noopener\">le d\u00e9tournement de la \u00ab\u00a0drogue du pauvre\u00a0\u00bb<\/a>, dont l\u2019usage est strictement encadr\u00e9 n\u2019a cess\u00e9 de se d\u00e9velopper, gangrenant les quartiers les plus pauvres des grandes villes. Euphorisants, planants, les effets de la pr\u00e9gabaline varient selon les usagers et pr\u00e9sentent un pouvoir addictif puissant. Vendue dans la rue entre deux et trois euros l\u2019unit\u00e9, elle affiche des tarifs nettement en de\u00e7\u00e0 du cannabis (8\u00a0\u20ac le gramme environ) ou de <a href=\"https:\/\/www.laprovence.com\/article\/faits-divers-justice\/32854287813870\/cocaine-ketamine-mdma-le-dealer-des-reformes-a-marseille-etait-un-epicier-ambulant-de-la-drogue\" target=\"_blank\" rel=\"noopener\">la coca\u00efne<\/a> (pr\u00e8s de 70\u00a0\u20ac le gramme).<\/p>\n<p>Apr\u00e8s s\u2019\u00eatre retir\u00e9 pour d\u00e9lib\u00e9rer, le tribunal a condamn\u00e9 les six pr\u00e9venus \u00e0 des peines allant de six \u00e0 dix-huit mois de prison ferme et 601\u00a0636\u00a0\u20ac d\u2019amende \u00e0 payer solidairement aux douanes. Les juges ont \u00e9galement ordonn\u00e9 la confiscation de l\u2019argent saisi, soit 7\u00a0900\u00a0\u20ac. \u00ab\u00a0Presque tous les d\u00e9sirs du pauvre sont punis de prison\u00a0\u00bb, avait plaid\u00e9 en d\u00e9fense Me\u00a0Maximilien Neymon, citant Louis-Ferdinand C\u00e9line.<\/p>\n","protected":false},"excerpt":{"rendered":"Les policiers l\u2019appellent la \u00ab\u00a0drogue du pauvre\u00a0\u00bb. Mais pour les scientifiques, la pr\u00e9gabaline, plus connue sous son nom&hellip;\n","protected":false},"author":2,"featured_media":448105,"comment_status":"","ping_status":"","sticky":false,"template":"","format":"standard","meta":{"footnotes":""},"categories":[2814],"tags":[17,1111,11,57380,3475,35515,1052,1777,674,274,1011,27,884,12,5242,46523,57379,882,25],"class_list":{"0":"post-448104","1":"post","2":"type-post","3":"status-publish","4":"format-standard","5":"has-post-thumbnail","7":"category-marseille","8":"tag-17","9":"tag-actu","10":"tag-actualites","11":"tag-appelee","12":"tag-aussi","13":"tag-caisse","14":"tag-drogue","15":"tag-eu","16":"tag-europe","17":"tag-faits-divers-justice","18":"tag-fr","19":"tag-france","20":"tag-marseille","21":"tag-news","22":"tag-passe","23":"tag-pauvre","24":"tag-pregabaline","25":"tag-provence-alpes-cote-dazur","26":"tag-republique-francaise"},"share_on_mastodon":{"url":"https:\/\/pubeurope.com\/@fr\/115339973495376745","error":""},"_links":{"self":[{"href":"https:\/\/www.europesays.com\/fr\/wp-json\/wp\/v2\/posts\/448104","targetHints":{"allow":["GET"]}}],"collection":[{"href":"https:\/\/www.europesays.com\/fr\/wp-json\/wp\/v2\/posts"}],"about":[{"href":"https:\/\/www.europesays.com\/fr\/wp-json\/wp\/v2\/types\/post"}],"author":[{"embeddable":true,"href":"https:\/\/www.europesays.com\/fr\/wp-json\/wp\/v2\/users\/2"}],"replies":[{"embeddable":true,"href":"https:\/\/www.europesays.com\/fr\/wp-json\/wp\/v2\/comments?post=448104"}],"version-history":[{"count":0,"href":"https:\/\/www.europesays.com\/fr\/wp-json\/wp\/v2\/posts\/448104\/revisions"}],"wp:featuredmedia":[{"embeddable":true,"href":"https:\/\/www.europesays.com\/fr\/wp-json\/wp\/v2\/media\/448105"}],"wp:attachment":[{"href":"https:\/\/www.europesays.com\/fr\/wp-json\/wp\/v2\/media?parent=448104"}],"wp:term":[{"taxonomy":"category","embeddable":true,"href":"https:\/\/www.europesays.com\/fr\/wp-json\/wp\/v2\/categories?post=448104"},{"taxonomy":"post_tag","embeddable":true,"href":"https:\/\/www.europesays.com\/fr\/wp-json\/wp\/v2\/tags?post=448104"}],"curies":[{"name":"wp","href":"https:\/\/api.w.org\/{rel}","templated":true}]}}