{"id":448106,"date":"2025-10-08T18:31:11","date_gmt":"2025-10-08T18:31:11","guid":{"rendered":"https:\/\/www.europesays.com\/fr\/448106\/"},"modified":"2025-10-08T18:31:11","modified_gmt":"2025-10-08T18:31:11","slug":"une-equipe-de-voleurs-de-rolex-et-collier-en-or-mise-hors-detat-de-nuire-a-marseille","status":"publish","type":"post","link":"https:\/\/www.europesays.com\/fr\/448106\/","title":{"rendered":"Une \u00e9quipe de voleurs de Rolex et collier en or mise hors d&rsquo;\u00e9tat de nuire \u00e0 Marseille"},"content":{"rendered":"<p>Le 25\u00a0septembre dernier, lors d\u2019un bilan organis\u00e9 par le pr\u00e9fet Leclerc sur la lutte contre la d\u00e9linquance dans les Bouches-du-Rh\u00f4ne depuis le 1er\u00a0janvier\u00a02025, le directeur interd\u00e9partemental de la police nationale, avait not\u00e9 avec un certain d\u00e9sappointement \u00ab\u00a0une l\u00e9g\u00e8re augmentation des atteintes \u00e0 l\u2019int\u00e9grit\u00e9 physique\u00a0\u00bb. <a href=\"https:\/\/www.laprovence.com\/article\/faits-divers-justice\/30108424813739\/reforme-de-la-police-nationale-desormais-on-se-dit-tout-assure-le-patron-de-la-dipn-des-bouches-du-rhone\" target=\"_blank\" rel=\"noopener\">C\u00e9dric Esson<\/a> avait alors relev\u00e9 2% de faits en plus par rapport aux 8 premiers mois de l\u2019ann\u00e9e\u00a02024.<\/p>\n<p>Avec le pragmatisme dont il se d\u00e9partit peu, le commissaire central avait li\u00e9 ces statistiques \u00ab\u00a0\u00e0 un ph\u00e9nom\u00e8ne qui reprend, sur lequel on est extr\u00eamement vigilants et pour lequel on a quand m\u00eame des r\u00e9sultats importants\u00a0: les vols avec violence\u00a0\u00bb.<\/p>\n<p>Alors qu\u2019ils avaient baiss\u00e9 depuis 4 ou 5\u00a0ans de mani\u00e8re assez significative, le directeur de la police n\u2019avait pas fait myst\u00e8re d\u2019une recrudescence d\u2019<a href=\"https:\/\/www.laprovence.com\/article\/edition-marseille\/4080831\/les-serial-arracheurs-de-colliers-tombent-a-la-chaine.html\" target=\"_blank\" rel=\"noopener\">arrachages de colliers<\/a> en or et autres <a href=\"https:\/\/www.laprovence.com\/article\/region\/2098757244138715\/marseille-mort-du-second-jeune-homme-percute-par-un-automobiliste-apres-un-vol-au-panier\" target=\"_blank\" rel=\"noopener\">Rolex<\/a>. Un regain observ\u00e9 d\u00e8s le printemps et jusqu\u2019au mois d\u2019ao\u00fbt dernier, avant que la police marseillaise n\u2019y mette, si ce n\u2019est un coup d\u2019arr\u00eat, du mois un s\u00e9rieux coup de frein, en d\u00e9mantelant \u00ab\u00a0plusieurs \u00e9quipes compos\u00e9es d\u2019\u00e9trangers, dont certains en situation irr\u00e9guli\u00e8re\u00a0\u00bb.<\/p>\n<p>D\u00e9but septembre dernier n\u00e9anmoins, une \u00e9l\u00e9gante Marseillaise d\u2019une cinquantaine d\u2019ann\u00e9es, sond\u00e9e par La Provence dans un tr\u00e8s chic concept-store de la rue Davso alors qu\u2019elle h\u00e9sitait \u00e0 s\u2019offrir une nouvelle bague en or, avait confi\u00e9 sans ambages, \u00ab\u00a0au vu de tout ce qu\u2019il se passe\u00a0\u00bb avoir \u00ab\u00a0renonc\u00e9 \u00e0 porter sa Rolex qui \u00e9tait d\u00e9sormais au coffre\u00a0\u00bb. Elle faisait alors r\u00e9f\u00e9rence \u00e0 l\u2019\u00e9pisode douloureux \u00e9prouv\u00e9 par un couple de commer\u00e7ants marseillais violemment d\u00e9lest\u00e9 d\u2019une montre Rolex et d\u2019un collier en or devant leur domicile du 7e arrondissement le 20\u00a0ao\u00fbt.<\/p>\n<p>Rep\u00e9rages des victimes sur le march\u00e9 du Prado<\/p>\n<p>Ce matin-l\u00e0, vers 7\u00a0heures, alors que le couple quittait son domicile du boulevard Bompard pour aller dresser son stand sur le march\u00e9 du Prado, les septuag\u00e9naires avaient \u00e9t\u00e9 agress\u00e9s et d\u00e9pouill\u00e9s par deux hommes qui, d\u00e8s leur forfait accompli, avaient pris la fuite \u00e0 bord d\u2019un scooter de grosse cylindr\u00e9e, avec dans leur besace, le <a href=\"https:\/\/www.laprovence.com\/article\/faits-divers-justice\/1275788550197214\/deux-femmes-agressees-a-marseille-pour-les-voler-dont-une-jeune-fille-de-17-ans-a-coups-de-couteau\" target=\"_blank\" rel=\"noopener\">collier<\/a> en or de madame et la Rolex de monsieur, une montre estim\u00e9e \u00e0 40\u00a0000\u00a0euros.<\/p>\n<p>Un gros travail d\u2019exploitation des images du centre de surveillance urbain (CSU) avait alors permis aux enqu\u00eateurs du groupe \u00ab\u00a0vol violences\u00a0\u00bb du SLPJ (service local de police judiciaire) de la division centre, de rep\u00e9rer un T-Max faussement immatricul\u00e9, puis de remonter jusqu\u2019aux abords du march\u00e9 du Prado o\u00f9 les auteurs pr\u00e9sum\u00e9s avaient manifestement accompli de minutieux rep\u00e9rages.<\/p>\n<p>Le 30\u00a0septembre dernier, soit cinq semaines plus tard, et selon l\u2019adage populaire pronostiquant que bien mal acquis ne profite jamais, les auteurs pr\u00e9sum\u00e9s de ce vol aggrav\u00e9 ont \u00e9t\u00e9 mis hors d\u2019\u00e9tat de nuire, les uns cueillis \u00e0 leur domicile des 3e et 15e arrondissements de Marseille, un autre \u00e0 la sortie de son rendez-vous aupr\u00e8s du service p\u00e9nitentiaire d\u2019insertion et de probation (<a href=\"https:\/\/www.laprovence.com\/article\/faits-divers-justice\/20932475539413\/baisse-des-moyens-et-discours-securitaire-a-avignon-les-conseillers-penitentiaires-d-insertion-s-alarment\" target=\"_blank\" rel=\"noopener\">Spip<\/a>), et un quatri\u00e8me extrait de sa cellule de la prison d\u2019Aix-Luynes o\u00f9 il avait \u00e9t\u00e9 incarc\u00e9r\u00e9 entre-temps pour d\u2019autres faits.<\/p>\n<p>Incarc\u00e9r\u00e9s jusqu\u2019\u00e0 leur jugement en novembre prochain<\/p>\n<p>Tous d\u00e9favorablement connus des services de police et de la justice, ces 4 Marseillais, \u00e2g\u00e9s de 22 \u00e0 29\u00a0ans, dont deux cousins (parmi lesquels l&rsquo;un d&rsquo;entre eux aurait reconnu avoir revendu la Rolex pour 11\u00a0000\u00a0euros), ont \u00e9t\u00e9 d\u00e9f\u00e9r\u00e9s devant un magistrat le 3\u00a0octobre dernier en vue d\u2019une comparution imm\u00e9diate. En vertu du d\u00e9lai qu\u2019ils ont demand\u00e9 pour pr\u00e9parer leur d\u00e9fense, ils seront jug\u00e9s le 18\u00a0novembre prochain. En attendant, deux d\u2019entre eux ont \u00e9t\u00e9 \u00e9crou\u00e9s aux Baumettes et un troisi\u00e8me au centre de d\u00e9tention d\u2019<a href=\"https:\/\/www.laprovence.com\/article\/faits-divers-justice\/87066798562914\/cinq-personnes-arretees-lors-dune-livraison-par-drone-a-la-prison-de-luynes\" target=\"_blank\" rel=\"noopener\">Aix-Luynes<\/a>, tandis qu\u2019un quatri\u00e8me, le chauffeur pr\u00e9sum\u00e9 de l\u2019\u00e9quipe a \u00e9t\u00e9 laiss\u00e9 libre.<\/p>\n","protected":false},"excerpt":{"rendered":"Le 25\u00a0septembre dernier, lors d\u2019un bilan organis\u00e9 par le pr\u00e9fet Leclerc sur la lutte contre la d\u00e9linquance dans&hellip;\n","protected":false},"author":2,"featured_media":448107,"comment_status":"","ping_status":"","sticky":false,"template":"","format":"standard","meta":{"footnotes":""},"categories":[2814],"tags":[17,1111,11,33262,2263,1777,674,274,1011,27,10911,884,6352,12,882,25,699,96,42807],"class_list":{"0":"post-448106","1":"post","2":"type-post","3":"status-publish","4":"format-standard","5":"has-post-thumbnail","7":"category-marseille","8":"tag-17","9":"tag-actu","10":"tag-actualites","11":"tag-collier","12":"tag-equipe","13":"tag-eu","14":"tag-europe","15":"tag-faits-divers-justice","16":"tag-fr","17":"tag-france","18":"tag-hors","19":"tag-marseille","20":"tag-mise","21":"tag-news","22":"tag-provence-alpes-cote-dazur","23":"tag-republique-francaise","24":"tag-rolex","25":"tag-une","26":"tag-voleurs"},"share_on_mastodon":{"url":"https:\/\/pubeurope.com\/@fr\/115339977327705013","error":""},"_links":{"self":[{"href":"https:\/\/www.europesays.com\/fr\/wp-json\/wp\/v2\/posts\/448106","targetHints":{"allow":["GET"]}}],"collection":[{"href":"https:\/\/www.europesays.com\/fr\/wp-json\/wp\/v2\/posts"}],"about":[{"href":"https:\/\/www.europesays.com\/fr\/wp-json\/wp\/v2\/types\/post"}],"author":[{"embeddable":true,"href":"https:\/\/www.europesays.com\/fr\/wp-json\/wp\/v2\/users\/2"}],"replies":[{"embeddable":true,"href":"https:\/\/www.europesays.com\/fr\/wp-json\/wp\/v2\/comments?post=448106"}],"version-history":[{"count":0,"href":"https:\/\/www.europesays.com\/fr\/wp-json\/wp\/v2\/posts\/448106\/revisions"}],"wp:featuredmedia":[{"embeddable":true,"href":"https:\/\/www.europesays.com\/fr\/wp-json\/wp\/v2\/media\/448107"}],"wp:attachment":[{"href":"https:\/\/www.europesays.com\/fr\/wp-json\/wp\/v2\/media?parent=448106"}],"wp:term":[{"taxonomy":"category","embeddable":true,"href":"https:\/\/www.europesays.com\/fr\/wp-json\/wp\/v2\/categories?post=448106"},{"taxonomy":"post_tag","embeddable":true,"href":"https:\/\/www.europesays.com\/fr\/wp-json\/wp\/v2\/tags?post=448106"}],"curies":[{"name":"wp","href":"https:\/\/api.w.org\/{rel}","templated":true}]}}