{"id":448110,"date":"2025-10-08T18:33:17","date_gmt":"2025-10-08T18:33:17","guid":{"rendered":"https:\/\/www.europesays.com\/fr\/448110\/"},"modified":"2025-10-08T18:33:17","modified_gmt":"2025-10-08T18:33:17","slug":"lyon-3e-le-spectacle-biclou-et-des-ateliers-de-reparation-de-velo-a-la-friche-lamartine","status":"publish","type":"post","link":"https:\/\/www.europesays.com\/fr\/448110\/","title":{"rendered":"Lyon 3e. Le spectacle Biclou et des ateliers de r\u00e9paration de v\u00e9lo \u00e0 la Friche Lamartine"},"content":{"rendered":"<p>Dans son dernier spectacle Biclou , Nicolas Ramond de la compagnie des Transformateurs glorifie la \u201cpetite reine\u201d \u00e0 travers le portrait d\u2019un r\u00e9parateur de cycles qui questionne de fa\u00e7on po\u00e9tique nos modes de vie au son de sa radio.<\/p>\n<p>Pour ma\u00eetriser au mieux l\u2019aspect technique de son sujet, le metteur en sc\u00e8ne a suivi une formation de r\u00e9parateur de v\u00e9lo \u00e0 la SEPR (Lyon 3e ) pendant 6\u00a0mois.<\/p>\n<p>\u00ab\u00a0Au sortir du Covid, j\u2019ai eu l\u2019id\u00e9e de faire un spectacle sur le v\u00e9lo et qui tourne \u00e0 v\u00e9lo. Je&#8230;<\/p>\n","protected":false},"excerpt":{"rendered":"Dans son dernier spectacle Biclou , Nicolas Ramond de la compagnie des Transformateurs glorifie la \u201cpetite reine\u201d \u00e0&hellip;\n","protected":false},"author":2,"featured_media":448111,"comment_status":"","ping_status":"","sticky":false,"template":"","format":"standard","meta":{"footnotes":""},"categories":[1889],"tags":[1111,11,2430,1687,2757,1777,674,1011,27,2428,4751,4750,12,25,3140],"class_list":{"0":"post-448110","1":"post","2":"type-post","3":"status-publish","4":"format-standard","5":"has-post-thumbnail","7":"category-lyon","8":"tag-actu","9":"tag-actualites","10":"tag-auvergne-rhone-alpes","11":"tag-culture-loisirs","12":"tag-edition-lyon-villeurbanne","13":"tag-eu","14":"tag-europe","15":"tag-fr","16":"tag-france","17":"tag-lyon","18":"tag-lyon-3e","19":"tag-lyon-3e-arrondissement","20":"tag-news","21":"tag-republique-francaise","22":"tag-spectacle"},"share_on_mastodon":{"url":"https:\/\/pubeurope.com\/@fr\/115339985108172656","error":""},"_links":{"self":[{"href":"https:\/\/www.europesays.com\/fr\/wp-json\/wp\/v2\/posts\/448110","targetHints":{"allow":["GET"]}}],"collection":[{"href":"https:\/\/www.europesays.com\/fr\/wp-json\/wp\/v2\/posts"}],"about":[{"href":"https:\/\/www.europesays.com\/fr\/wp-json\/wp\/v2\/types\/post"}],"author":[{"embeddable":true,"href":"https:\/\/www.europesays.com\/fr\/wp-json\/wp\/v2\/users\/2"}],"replies":[{"embeddable":true,"href":"https:\/\/www.europesays.com\/fr\/wp-json\/wp\/v2\/comments?post=448110"}],"version-history":[{"count":0,"href":"https:\/\/www.europesays.com\/fr\/wp-json\/wp\/v2\/posts\/448110\/revisions"}],"wp:featuredmedia":[{"embeddable":true,"href":"https:\/\/www.europesays.com\/fr\/wp-json\/wp\/v2\/media\/448111"}],"wp:attachment":[{"href":"https:\/\/www.europesays.com\/fr\/wp-json\/wp\/v2\/media?parent=448110"}],"wp:term":[{"taxonomy":"category","embeddable":true,"href":"https:\/\/www.europesays.com\/fr\/wp-json\/wp\/v2\/categories?post=448110"},{"taxonomy":"post_tag","embeddable":true,"href":"https:\/\/www.europesays.com\/fr\/wp-json\/wp\/v2\/tags?post=448110"}],"curies":[{"name":"wp","href":"https:\/\/api.w.org\/{rel}","templated":true}]}}